{"id":101765,"date":"2026-09-04T15:00:15","date_gmt":"2026-09-04T13:00:15","guid":{"rendered":"https:\/\/www.popesprayer.va\/?p=101765"},"modified":"2026-09-03T21:06:49","modified_gmt":"2026-09-03T19:06:49","slug":"intenciones-de-oracion-del-papa-2027","status":"publish","type":"post","link":"https:\/\/www.popesprayer.va\/es\/intenciones-de-oracion-del-papa-2027\/","title":{"rendered":"Intenciones de oraci\u00f3n del Papa 2027"},"content":{"rendered":"<p><em>Oremos con el Papa, mes tras mes\u2026 y cambiemos el mundo.<\/em><\/p>\n<p>Las intenciones de oraci\u00f3n del Papa nacen de la compasi\u00f3n por el mundo y expresan los desaf\u00edos de la humanidad y de la misi\u00f3n de la Iglesia. Cuando el Papa nos conf\u00eda sus intenciones de oraci\u00f3n, nos ayuda a acercarnos al Coraz\u00f3n de Cristo, a contemplar el mundo con sus propios ojos: \u00abEs importante destacar que no se trata s\u00f3lo, mediante una confianza total, de permitir que el Coraz\u00f3n de Cristo derrame la belleza de su amor en el propio coraz\u00f3n, sino tambi\u00e9n de lograr que llegue a los dem\u00e1s y transforme el mundo a trav\u00e9s de la propia vida\u00bb. (Dilexit nos, 198).<\/p>\n<p>Para 2027, las intenciones de oraci\u00f3n confiadas por el Santo Padre a su Red Mundial de Oraci\u00f3n se presentan como un itinerario espiritual y pastoral capaz de tocar tanto el coraz\u00f3n de la vida cristiana como las fronteras m\u00e1s concretas del mundo contempor\u00e1neo. Se hacen eco de una convicci\u00f3n sencilla: cuando la Iglesia ora con fidelidad, aprende a mirar con los ojos de Cristo y a servir con un amor m\u00e1s l\u00facido, paciente y valiente.<\/p>\n<p>Para facilitar su difusi\u00f3n, la Red Mundial de Oraci\u00f3n del Papa pone a disposici\u00f3n un recurso pastoral en formato digital. Este material est\u00e1 dise\u00f1ado para ayudar a parroquias, comunidades y a todos los fieles a compartir y distribuir las intenciones de oraci\u00f3n del Santo Padre.<\/p>\n<p><iframe title=\"Intenciones de oraci\u00f3n del Papa 2027\" src=\"https:\/\/e.issuu.com\/embed.html?u=popesprayernet&#038;d=intenciones_de_oraci_n_del_papa_2027\" style=\"border:none; width: 1080px; height: 828px;\" allow=\"clipboard-write,allow-top-navigation,allow-top-navigation-by-user-activation,allow-downloads,allow-scripts,allow-same-origin,allow-popups,allow-modals,allow-popups-to-escape-sandbox,allow-forms\"  allowfullscreen=\"true\"><\/iframe><\/p>\n<p>&nbsp;<\/p>\n","protected":false},"excerpt":{"rendered":"<p>Oremos con el Papa, mes tras mes\u2026 y cambiemos el mundo. Las intenciones de oraci\u00f3n del Papa nacen de la compasi\u00f3n por el mundo y expresan los desaf\u00edos de la humanidad y de la misi\u00f3n de la Iglesia. Cuando el Papa nos conf\u00eda sus intenciones de oraci\u00f3n, nos ayuda a acercarnos al Coraz\u00f3n de Cristo, [&hellip;]<\/p>\n","protected":false},"author":2,"featured_media":101766,"comment_status":"closed","ping_status":"closed","sticky":false,"template":"","format":"standard","meta":{"_acf_changed":false,"footnotes":""},"categories":[48],"tags":[],"class_list":["post-101765","post","type-post","status-publish","format-standard","has-post-thumbnail","hentry","category-sin-categoria"],"acf":[],"yoast_head":"<!-- This site is optimized with the Yoast SEO plugin v28.4 - https:\/\/yoast.com\/product\/yoast-seo-wordpress\/ -->\n<title>Intenciones de oraci\u00f3n del Papa 2027 - Red Mundial de Oraci\u00f3n del Papa<\/title>\n<meta name=\"robots\" content=\"index, follow, max-snippet:-1, max-image-preview:large, max-video-preview:-1\" \/>\n<link rel=\"canonical\" href=\"https:\/\/www.popesprayer.va\/es\/intenciones-de-oracion-del-papa-2027\/\" \/>\n<meta property=\"og:locale\" content=\"es_ES\" \/>\n<meta property=\"og:type\" content=\"article\" \/>\n<meta property=\"og:title\" content=\"Intenciones de oraci\u00f3n del Papa 2027 - Red Mundial de Oraci\u00f3n del Papa\" \/>\n<meta property=\"og:description\" content=\"Oremos con el Papa, mes tras mes\u2026 y cambiemos el mundo. Las intenciones de oraci\u00f3n del Papa nacen de la compasi\u00f3n por el mundo y expresan los desaf\u00edos de la humanidad y de la misi\u00f3n de la Iglesia. Cuando el Papa nos conf\u00eda sus intenciones de oraci\u00f3n, nos ayuda a acercarnos al Coraz\u00f3n de Cristo, [&hellip;]\" \/>\n<meta property=\"og:url\" content=\"https:\/\/www.popesprayer.va\/es\/intenciones-de-oracion-del-papa-2027\/\" \/>\n<meta property=\"og:site_name\" content=\"Red Mundial de Oraci\u00f3n del Papa\" \/>\n<meta property=\"article:published_time\" content=\"2026-09-04T13:00:15+00:00\" \/>\n<meta property=\"og:image\" content=\"https:\/\/www.popesprayer.va\/wp-content\/uploads\/2026\/09\/intentions-2027.png\" \/>\n\t<meta property=\"og:image:width\" content=\"1920\" \/>\n\t<meta property=\"og:image:height\" content=\"1080\" \/>\n\t<meta property=\"og:image:type\" content=\"image\/png\" \/>\n<meta name=\"author\" content=\"PWPN\" \/>\n<meta name=\"twitter:card\" content=\"summary_large_image\" \/>\n<meta name=\"twitter:label1\" content=\"Escrito por\" \/>\n\t<meta name=\"twitter:data1\" content=\"PWPN\" \/>\n\t<meta name=\"twitter:label2\" content=\"Tiempo de lectura\" \/>\n\t<meta name=\"twitter:data2\" content=\"2 minutos\" \/>\n<script type=\"application\/ld+json\" class=\"yoast-schema-graph\">{\"@context\":\"https:\\\/\\\/schema.org\",\"@graph\":[{\"@type\":\"Article\",\"@id\":\"https:\\\/\\\/www.popesprayer.va\\\/es\\\/intenciones-de-oracion-del-papa-2027\\\/#article\",\"isPartOf\":{\"@id\":\"https:\\\/\\\/www.popesprayer.va\\\/es\\\/intenciones-de-oracion-del-papa-2027\\\/\"},\"author\":{\"name\":\"PWPN\",\"@id\":\"https:\\\/\\\/www.popesprayer.va\\\/es\\\/#\\\/schema\\\/person\\\/47382b3f75a9576a16176c16cdf4bf8f\"},\"headline\":\"Intenciones de oraci\u00f3n del Papa 2027\",\"datePublished\":\"2026-09-04T13:00:15+00:00\",\"mainEntityOfPage\":{\"@id\":\"https:\\\/\\\/www.popesprayer.va\\\/es\\\/intenciones-de-oracion-del-papa-2027\\\/\"},\"wordCount\":276,\"publisher\":{\"@id\":\"https:\\\/\\\/www.popesprayer.va\\\/es\\\/#organization\"},\"image\":{\"@id\":\"https:\\\/\\\/www.popesprayer.va\\\/es\\\/intenciones-de-oracion-del-papa-2027\\\/#primaryimage\"},\"thumbnailUrl\":\"https:\\\/\\\/www.popesprayer.va\\\/wp-content\\\/uploads\\\/2026\\\/09\\\/intentions-2027.png\",\"articleSection\":[\"Noticias\"],\"inLanguage\":\"es\"},{\"@type\":\"WebPage\",\"@id\":\"https:\\\/\\\/www.popesprayer.va\\\/es\\\/intenciones-de-oracion-del-papa-2027\\\/\",\"url\":\"https:\\\/\\\/www.popesprayer.va\\\/es\\\/intenciones-de-oracion-del-papa-2027\\\/\",\"name\":\"Intenciones de oraci\u00f3n del Papa 2027 - Red Mundial de Oraci\u00f3n del Papa\",\"isPartOf\":{\"@id\":\"https:\\\/\\\/www.popesprayer.va\\\/es\\\/#website\"},\"primaryImageOfPage\":{\"@id\":\"https:\\\/\\\/www.popesprayer.va\\\/es\\\/intenciones-de-oracion-del-papa-2027\\\/#primaryimage\"},\"image\":{\"@id\":\"https:\\\/\\\/www.popesprayer.va\\\/es\\\/intenciones-de-oracion-del-papa-2027\\\/#primaryimage\"},\"thumbnailUrl\":\"https:\\\/\\\/www.popesprayer.va\\\/wp-content\\\/uploads\\\/2026\\\/09\\\/intentions-2027.png\",\"datePublished\":\"2026-09-04T13:00:15+00:00\",\"breadcrumb\":{\"@id\":\"https:\\\/\\\/www.popesprayer.va\\\/es\\\/intenciones-de-oracion-del-papa-2027\\\/#breadcrumb\"},\"inLanguage\":\"es\",\"potentialAction\":[{\"@type\":\"ReadAction\",\"target\":[\"https:\\\/\\\/www.popesprayer.va\\\/es\\\/intenciones-de-oracion-del-papa-2027\\\/\"]}]},{\"@type\":\"ImageObject\",\"inLanguage\":\"es\",\"@id\":\"https:\\\/\\\/www.popesprayer.va\\\/es\\\/intenciones-de-oracion-del-papa-2027\\\/#primaryimage\",\"url\":\"https:\\\/\\\/www.popesprayer.va\\\/wp-content\\\/uploads\\\/2026\\\/09\\\/intentions-2027.png\",\"contentUrl\":\"https:\\\/\\\/www.popesprayer.va\\\/wp-content\\\/uploads\\\/2026\\\/09\\\/intentions-2027.png\",\"width\":1920,\"height\":1080},{\"@type\":\"BreadcrumbList\",\"@id\":\"https:\\\/\\\/www.popesprayer.va\\\/es\\\/intenciones-de-oracion-del-papa-2027\\\/#breadcrumb\",\"itemListElement\":[{\"@type\":\"ListItem\",\"position\":1,\"name\":\"Inicio\",\"item\":\"https:\\\/\\\/www.popesprayer.va\\\/es\\\/\"},{\"@type\":\"ListItem\",\"position\":2,\"name\":\"Intenciones de oraci\u00f3n del Papa 2027\"}]},{\"@type\":\"WebSite\",\"@id\":\"https:\\\/\\\/www.popesprayer.va\\\/es\\\/#website\",\"url\":\"https:\\\/\\\/www.popesprayer.va\\\/es\\\/\",\"name\":\"Pope's Worldwide Prayer Network\",\"description\":\"Pray together, change the world\",\"publisher\":{\"@id\":\"https:\\\/\\\/www.popesprayer.va\\\/es\\\/#organization\"},\"potentialAction\":[{\"@type\":\"SearchAction\",\"target\":{\"@type\":\"EntryPoint\",\"urlTemplate\":\"https:\\\/\\\/www.popesprayer.va\\\/es\\\/?s={search_term_string}\"},\"query-input\":{\"@type\":\"PropertyValueSpecification\",\"valueRequired\":true,\"valueName\":\"search_term_string\"}}],\"inLanguage\":\"es\"},{\"@type\":\"Organization\",\"@id\":\"https:\\\/\\\/www.popesprayer.va\\\/es\\\/#organization\",\"name\":\"Red Mundial de Oraci\u00f3n del Papa\",\"url\":\"https:\\\/\\\/www.popesprayer.va\\\/es\\\/\",\"logo\":{\"@type\":\"ImageObject\",\"inLanguage\":\"es\",\"@id\":\"https:\\\/\\\/www.popesprayer.va\\\/es\\\/#\\\/schema\\\/logo\\\/image\\\/\",\"url\":\"https:\\\/\\\/www.popesprayer.va\\\/wp-content\\\/uploads\\\/2025\\\/01\\\/Logo-Popes-Worldwide-Prayer-Network-Pontifical-Work-EN-Horizontal.png\",\"contentUrl\":\"https:\\\/\\\/www.popesprayer.va\\\/wp-content\\\/uploads\\\/2025\\\/01\\\/Logo-Popes-Worldwide-Prayer-Network-Pontifical-Work-EN-Horizontal.png\",\"width\":1328,\"height\":228,\"caption\":\"Red Mundial de Oraci\u00f3n del Papa\"},\"image\":{\"@id\":\"https:\\\/\\\/www.popesprayer.va\\\/es\\\/#\\\/schema\\\/logo\\\/image\\\/\"}},{\"@type\":\"Person\",\"@id\":\"https:\\\/\\\/www.popesprayer.va\\\/es\\\/#\\\/schema\\\/person\\\/47382b3f75a9576a16176c16cdf4bf8f\",\"name\":\"PWPN\",\"image\":{\"@type\":\"ImageObject\",\"inLanguage\":\"es\",\"@id\":\"https:\\\/\\\/secure.gravatar.com\\\/avatar\\\/50d3b85093cf9363f4d6f737092e1c5ca7f754ab317b568587d4982cd49efd99?s=96&d=mm&r=g\",\"url\":\"https:\\\/\\\/secure.gravatar.com\\\/avatar\\\/50d3b85093cf9363f4d6f737092e1c5ca7f754ab317b568587d4982cd49efd99?s=96&d=mm&r=g\",\"contentUrl\":\"https:\\\/\\\/secure.gravatar.com\\\/avatar\\\/50d3b85093cf9363f4d6f737092e1c5ca7f754ab317b568587d4982cd49efd99?s=96&d=mm&r=g\",\"caption\":\"PWPN\"},\"url\":\"https:\\\/\\\/www.popesprayer.va\\\/es\\\/author\\\/eloy\\\/\"}]}<\/script>\n<!-- \/ Yoast SEO plugin. -->","yoast_head_json":{"title":"Intenciones de oraci\u00f3n del Papa 2027 - Red Mundial de Oraci\u00f3n del Papa","robots":{"index":"index","follow":"follow","max-snippet":"max-snippet:-1","max-image-preview":"max-image-preview:large","max-video-preview":"max-video-preview:-1"},"canonical":"https:\/\/www.popesprayer.va\/es\/intenciones-de-oracion-del-papa-2027\/","og_locale":"es_ES","og_type":"article","og_title":"Intenciones de oraci\u00f3n del Papa 2027 - Red Mundial de Oraci\u00f3n del Papa","og_description":"Oremos con el Papa, mes tras mes\u2026 y cambiemos el mundo. Las intenciones de oraci\u00f3n del Papa nacen de la compasi\u00f3n por el mundo y expresan los desaf\u00edos de la humanidad y de la misi\u00f3n de la Iglesia. Cuando el Papa nos conf\u00eda sus intenciones de oraci\u00f3n, nos ayuda a acercarnos al Coraz\u00f3n de Cristo, [&hellip;]","og_url":"https:\/\/www.popesprayer.va\/es\/intenciones-de-oracion-del-papa-2027\/","og_site_name":"Red Mundial de Oraci\u00f3n del Papa","article_published_time":"2026-09-04T13:00:15+00:00","og_image":[{"width":1920,"height":1080,"url":"https:\/\/www.popesprayer.va\/wp-content\/uploads\/2026\/09\/intentions-2027.png","type":"image\/png"}],"author":"PWPN","twitter_card":"summary_large_image","twitter_misc":{"Escrito por":"PWPN","Tiempo de lectura":"2 minutos"},"schema":{"@context":"https:\/\/schema.org","@graph":[{"@type":"Article","@id":"https:\/\/www.popesprayer.va\/es\/intenciones-de-oracion-del-papa-2027\/#article","isPartOf":{"@id":"https:\/\/www.popesprayer.va\/es\/intenciones-de-oracion-del-papa-2027\/"},"author":{"name":"PWPN","@id":"https:\/\/www.popesprayer.va\/es\/#\/schema\/person\/47382b3f75a9576a16176c16cdf4bf8f"},"headline":"Intenciones de oraci\u00f3n del Papa 2027","datePublished":"2026-09-04T13:00:15+00:00","mainEntityOfPage":{"@id":"https:\/\/www.popesprayer.va\/es\/intenciones-de-oracion-del-papa-2027\/"},"wordCount":276,"publisher":{"@id":"https:\/\/www.popesprayer.va\/es\/#organization"},"image":{"@id":"https:\/\/www.popesprayer.va\/es\/intenciones-de-oracion-del-papa-2027\/#primaryimage"},"thumbnailUrl":"https:\/\/www.popesprayer.va\/wp-content\/uploads\/2026\/09\/intentions-2027.png","articleSection":["Noticias"],"inLanguage":"es"},{"@type":"WebPage","@id":"https:\/\/www.popesprayer.va\/es\/intenciones-de-oracion-del-papa-2027\/","url":"https:\/\/www.popesprayer.va\/es\/intenciones-de-oracion-del-papa-2027\/","name":"Intenciones de oraci\u00f3n del Papa 2027 - Red Mundial de Oraci\u00f3n del Papa","isPartOf":{"@id":"https:\/\/www.popesprayer.va\/es\/#website"},"primaryImageOfPage":{"@id":"https:\/\/www.popesprayer.va\/es\/intenciones-de-oracion-del-papa-2027\/#primaryimage"},"image":{"@id":"https:\/\/www.popesprayer.va\/es\/intenciones-de-oracion-del-papa-2027\/#primaryimage"},"thumbnailUrl":"https:\/\/www.popesprayer.va\/wp-content\/uploads\/2026\/09\/intentions-2027.png","datePublished":"2026-09-04T13:00:15+00:00","breadcrumb":{"@id":"https:\/\/www.popesprayer.va\/es\/intenciones-de-oracion-del-papa-2027\/#breadcrumb"},"inLanguage":"es","potentialAction":[{"@type":"ReadAction","target":["https:\/\/www.popesprayer.va\/es\/intenciones-de-oracion-del-papa-2027\/"]}]},{"@type":"ImageObject","inLanguage":"es","@id":"https:\/\/www.popesprayer.va\/es\/intenciones-de-oracion-del-papa-2027\/#primaryimage","url":"https:\/\/www.popesprayer.va\/wp-content\/uploads\/2026\/09\/intentions-2027.png","contentUrl":"https:\/\/www.popesprayer.va\/wp-content\/uploads\/2026\/09\/intentions-2027.png","width":1920,"height":1080},{"@type":"BreadcrumbList","@id":"https:\/\/www.popesprayer.va\/es\/intenciones-de-oracion-del-papa-2027\/#breadcrumb","itemListElement":[{"@type":"ListItem","position":1,"name":"Inicio","item":"https:\/\/www.popesprayer.va\/es\/"},{"@type":"ListItem","position":2,"name":"Intenciones de oraci\u00f3n del Papa 2027"}]},{"@type":"WebSite","@id":"https:\/\/www.popesprayer.va\/es\/#website","url":"https:\/\/www.popesprayer.va\/es\/","name":"Pope's Worldwide Prayer Network","description":"Pray together, change the world","publisher":{"@id":"https:\/\/www.popesprayer.va\/es\/#organization"},"potentialAction":[{"@type":"SearchAction","target":{"@type":"EntryPoint","urlTemplate":"https:\/\/www.popesprayer.va\/es\/?s={search_term_string}"},"query-input":{"@type":"PropertyValueSpecification","valueRequired":true,"valueName":"search_term_string"}}],"inLanguage":"es"},{"@type":"Organization","@id":"https:\/\/www.popesprayer.va\/es\/#organization","name":"Red Mundial de Oraci\u00f3n del Papa","url":"https:\/\/www.popesprayer.va\/es\/","logo":{"@type":"ImageObject","inLanguage":"es","@id":"https:\/\/www.popesprayer.va\/es\/#\/schema\/logo\/image\/","url":"https:\/\/www.popesprayer.va\/wp-content\/uploads\/2025\/01\/Logo-Popes-Worldwide-Prayer-Network-Pontifical-Work-EN-Horizontal.png","contentUrl":"https:\/\/www.popesprayer.va\/wp-content\/uploads\/2025\/01\/Logo-Popes-Worldwide-Prayer-Network-Pontifical-Work-EN-Horizontal.png","width":1328,"height":228,"caption":"Red Mundial de Oraci\u00f3n del Papa"},"image":{"@id":"https:\/\/www.popesprayer.va\/es\/#\/schema\/logo\/image\/"}},{"@type":"Person","@id":"https:\/\/www.popesprayer.va\/es\/#\/schema\/person\/47382b3f75a9576a16176c16cdf4bf8f","name":"PWPN","image":{"@type":"ImageObject","inLanguage":"es","@id":"https:\/\/secure.gravatar.com\/avatar\/50d3b85093cf9363f4d6f737092e1c5ca7f754ab317b568587d4982cd49efd99?s=96&d=mm&r=g","url":"https:\/\/secure.gravatar.com\/avatar\/50d3b85093cf9363f4d6f737092e1c5ca7f754ab317b568587d4982cd49efd99?s=96&d=mm&r=g","contentUrl":"https:\/\/secure.gravatar.com\/avatar\/50d3b85093cf9363f4d6f737092e1c5ca7f754ab317b568587d4982cd49efd99?s=96&d=mm&r=g","caption":"PWPN"},"url":"https:\/\/www.popesprayer.va\/es\/author\/eloy\/"}]}},"_links":{"self":[{"href":"https:\/\/www.popesprayer.va\/es\/wp-json\/wp\/v2\/posts\/101765","targetHints":{"allow":["GET"]}}],"collection":[{"href":"https:\/\/www.popesprayer.va\/es\/wp-json\/wp\/v2\/posts"}],"about":[{"href":"https:\/\/www.popesprayer.va\/es\/wp-json\/wp\/v2\/types\/post"}],"author":[{"embeddable":true,"href":"https:\/\/www.popesprayer.va\/es\/wp-json\/wp\/v2\/users\/2"}],"replies":[{"embeddable":true,"href":"https:\/\/www.popesprayer.va\/es\/wp-json\/wp\/v2\/comments?post=101765"}],"version-history":[{"count":2,"href":"https:\/\/www.popesprayer.va\/es\/wp-json\/wp\/v2\/posts\/101765\/revisions"}],"predecessor-version":[{"id":101774,"href":"https:\/\/www.popesprayer.va\/es\/wp-json\/wp\/v2\/posts\/101765\/revisions\/101774"}],"wp:featuredmedia":[{"embeddable":true,"href":"https:\/\/www.popesprayer.va\/es\/wp-json\/wp\/v2\/media\/101766"}],"wp:attachment":[{"href":"https:\/\/www.popesprayer.va\/es\/wp-json\/wp\/v2\/media?parent=101765"}],"wp:term":[{"taxonomy":"category","embeddable":true,"href":"https:\/\/www.popesprayer.va\/es\/wp-json\/wp\/v2\/categories?post=101765"},{"taxonomy":"post_tag","embeddable":true,"href":"https:\/\/www.popesprayer.va\/es\/wp-json\/wp\/v2\/tags?post=101765"}],"curies":[{"name":"wp","href":"https:\/\/api.w.org\/{rel}","templated":true}]}}