{"id":92591,"date":"2026-01-25T00:00:45","date_gmt":"2026-01-24T23:00:45","guid":{"rendered":"https:\/\/www.popesprayer.va\/?p=92591"},"modified":"2026-01-16T13:20:57","modified_gmt":"2026-01-16T12:20:57","slug":"nuevo-lanzamiento-en-camino","status":"publish","type":"post","link":"https:\/\/www.popesprayer.va\/es\/nuevo-lanzamiento-en-camino\/","title":{"rendered":"Nuevo lanzamiento: \"En Camino\""},"content":{"rendered":"<p><span style=\"font-weight: 400;\">Ya est\u00e1 disponible un nuevo libro de apoyo de <\/span><b><i>El Camino del Coraz\u00f3n<\/i><\/b><span style=\"font-weight: 400;\">, titulado <\/span><b>\u201cEn Camino\u201d<\/b><span style=\"font-weight: 400;\">, una nueva publicaci\u00f3n que recoge y organiza la experiencia viva de estos \u00faltimos a\u00f1os en la difusi\u00f3n del itinerario espiritual de la Red Mundial de Oraci\u00f3n del Papa.<\/span><\/p>\n<p><span style=\"font-weight: 400;\">Este nuevo libro no es un manual cerrado, sino un <\/span><b>compa\u00f1ero de viaje<\/b><span style=\"font-weight: 400;\"> para quienes deseen <\/span><b>proponer, facilitar y acompa\u00f1ar<\/b><span style=\"font-weight: 400;\"> el Camino del Coraz\u00f3n en distintos contextos. Re\u00fane claves espirituales, ayudas metodol\u00f3gicas y conexiones con la tradici\u00f3n de los Ejercicios Espirituales de San Ignacio y la espiritualidad del Coraz\u00f3n de Jes\u00fas.<\/span><\/p>\n<p><span style=\"font-weight: 400;\">Surge como respuesta al crecimiento sostenido de El Camino del Coraz\u00f3n en todo el mundo y a la necesidad de contar con materiales que acompa\u00f1en esta expansi\u00f3n. Est\u00e1 pensado para inspirar, animar y apoyar la misi\u00f3n de quienes comparten este camino con otros.<\/span><\/p>\n<p><b>Disponible ya en nuestra <a href=\"http:\/\/caminodelcorazon.church\" target=\"_blank\" rel=\"noopener\">plataforma online<\/a><\/b><span style=\"font-weight: 400;\">, junto con los once libros anteriores.<\/span><\/p>\n<p><span style=\"font-weight: 400;\">Un paso m\u00e1s en este camino vivo que sigue transformando vidas en todo el mundo.<\/span><\/p>\n","protected":false},"excerpt":{"rendered":"<p>Ya est\u00e1 disponible un nuevo libro de apoyo de El Camino del Coraz\u00f3n, titulado \u201cEn Camino\u201d, una nueva publicaci\u00f3n que recoge y organiza la experiencia viva de estos \u00faltimos a\u00f1os en la difusi\u00f3n del itinerario espiritual de la Red Mundial de Oraci\u00f3n del Papa. Este nuevo libro no es un manual cerrado, sino un compa\u00f1ero [&hellip;]<\/p>\n","protected":false},"author":2,"featured_media":92563,"comment_status":"closed","ping_status":"closed","sticky":false,"template":"","format":"standard","meta":{"_acf_changed":false,"_et_pb_use_builder":"","_et_pb_old_content":"","_et_gb_content_width":"","footnotes":""},"categories":[48],"tags":[],"class_list":["post-92591","post","type-post","status-publish","format-standard","has-post-thumbnail","hentry","category-sin-categoria"],"acf":[],"yoast_head":"<!-- This site is optimized with the Yoast SEO plugin v27.4 - https:\/\/yoast.com\/product\/yoast-seo-wordpress\/ -->\n<title>Nuevo lanzamiento: &quot;En Camino&quot; - Red Mundial de Oraci\u00f3n del Papa<\/title>\n<meta name=\"robots\" content=\"index, follow, max-snippet:-1, max-image-preview:large, max-video-preview:-1\" \/>\n<link rel=\"canonical\" href=\"https:\/\/www.popesprayer.va\/es\/nuevo-lanzamiento-en-camino\/\" \/>\n<meta property=\"og:locale\" content=\"es_ES\" \/>\n<meta property=\"og:type\" content=\"article\" \/>\n<meta property=\"og:title\" content=\"Nuevo lanzamiento: &quot;En Camino&quot; - Red Mundial de Oraci\u00f3n del Papa\" \/>\n<meta property=\"og:description\" content=\"Ya est\u00e1 disponible un nuevo libro de apoyo de El Camino del Coraz\u00f3n, titulado \u201cEn Camino\u201d, una nueva publicaci\u00f3n que recoge y organiza la experiencia viva de estos \u00faltimos a\u00f1os en la difusi\u00f3n del itinerario espiritual de la Red Mundial de Oraci\u00f3n del Papa. Este nuevo libro no es un manual cerrado, sino un compa\u00f1ero [&hellip;]\" \/>\n<meta property=\"og:url\" content=\"https:\/\/www.popesprayer.va\/es\/nuevo-lanzamiento-en-camino\/\" \/>\n<meta property=\"og:site_name\" content=\"Red Mundial de Oraci\u00f3n del Papa\" \/>\n<meta property=\"article:published_time\" content=\"2026-01-24T23:00:45+00:00\" \/>\n<meta property=\"og:image\" content=\"https:\/\/www.popesprayer.va\/wp-content\/uploads\/2026\/01\/12-ecc-es-scaled.jpg\" \/>\n\t<meta property=\"og:image:width\" content=\"1812\" \/>\n\t<meta property=\"og:image:height\" content=\"2560\" \/>\n\t<meta property=\"og:image:type\" content=\"image\/jpeg\" \/>\n<meta name=\"author\" content=\"PWPN\" \/>\n<meta name=\"twitter:card\" content=\"summary_large_image\" \/>\n<meta name=\"twitter:label1\" content=\"Escrito por\" \/>\n\t<meta name=\"twitter:data1\" content=\"PWPN\" \/>\n\t<meta name=\"twitter:label2\" content=\"Tiempo de lectura\" \/>\n\t<meta name=\"twitter:data2\" content=\"1 minuto\" \/>\n<script type=\"application\/ld+json\" class=\"yoast-schema-graph\">{\"@context\":\"https:\\\/\\\/schema.org\",\"@graph\":[{\"@type\":\"Article\",\"@id\":\"https:\\\/\\\/www.popesprayer.va\\\/es\\\/nuevo-lanzamiento-en-camino\\\/#article\",\"isPartOf\":{\"@id\":\"https:\\\/\\\/www.popesprayer.va\\\/es\\\/nuevo-lanzamiento-en-camino\\\/\"},\"author\":{\"name\":\"PWPN\",\"@id\":\"https:\\\/\\\/www.popesprayer.va\\\/es\\\/#\\\/schema\\\/person\\\/47382b3f75a9576a16176c16cdf4bf8f\"},\"headline\":\"Nuevo lanzamiento: \\\"En Camino\\\"\",\"datePublished\":\"2026-01-24T23:00:45+00:00\",\"mainEntityOfPage\":{\"@id\":\"https:\\\/\\\/www.popesprayer.va\\\/es\\\/nuevo-lanzamiento-en-camino\\\/\"},\"wordCount\":187,\"publisher\":{\"@id\":\"https:\\\/\\\/www.popesprayer.va\\\/es\\\/#organization\"},\"image\":{\"@id\":\"https:\\\/\\\/www.popesprayer.va\\\/es\\\/nuevo-lanzamiento-en-camino\\\/#primaryimage\"},\"thumbnailUrl\":\"https:\\\/\\\/www.popesprayer.va\\\/wp-content\\\/uploads\\\/2026\\\/01\\\/12-ecc-es-scaled.jpg\",\"articleSection\":[\"Noticias\"],\"inLanguage\":\"es\"},{\"@type\":\"WebPage\",\"@id\":\"https:\\\/\\\/www.popesprayer.va\\\/es\\\/nuevo-lanzamiento-en-camino\\\/\",\"url\":\"https:\\\/\\\/www.popesprayer.va\\\/es\\\/nuevo-lanzamiento-en-camino\\\/\",\"name\":\"Nuevo lanzamiento: \\\"En Camino\\\" - Red Mundial de Oraci\u00f3n del Papa\",\"isPartOf\":{\"@id\":\"https:\\\/\\\/www.popesprayer.va\\\/es\\\/#website\"},\"primaryImageOfPage\":{\"@id\":\"https:\\\/\\\/www.popesprayer.va\\\/es\\\/nuevo-lanzamiento-en-camino\\\/#primaryimage\"},\"image\":{\"@id\":\"https:\\\/\\\/www.popesprayer.va\\\/es\\\/nuevo-lanzamiento-en-camino\\\/#primaryimage\"},\"thumbnailUrl\":\"https:\\\/\\\/www.popesprayer.va\\\/wp-content\\\/uploads\\\/2026\\\/01\\\/12-ecc-es-scaled.jpg\",\"datePublished\":\"2026-01-24T23:00:45+00:00\",\"breadcrumb\":{\"@id\":\"https:\\\/\\\/www.popesprayer.va\\\/es\\\/nuevo-lanzamiento-en-camino\\\/#breadcrumb\"},\"inLanguage\":\"es\",\"potentialAction\":[{\"@type\":\"ReadAction\",\"target\":[\"https:\\\/\\\/www.popesprayer.va\\\/es\\\/nuevo-lanzamiento-en-camino\\\/\"]}]},{\"@type\":\"ImageObject\",\"inLanguage\":\"es\",\"@id\":\"https:\\\/\\\/www.popesprayer.va\\\/es\\\/nuevo-lanzamiento-en-camino\\\/#primaryimage\",\"url\":\"https:\\\/\\\/www.popesprayer.va\\\/wp-content\\\/uploads\\\/2026\\\/01\\\/12-ecc-es-scaled.jpg\",\"contentUrl\":\"https:\\\/\\\/www.popesprayer.va\\\/wp-content\\\/uploads\\\/2026\\\/01\\\/12-ecc-es-scaled.jpg\",\"width\":1812,\"height\":2560,\"caption\":\"12-ecc-es\"},{\"@type\":\"BreadcrumbList\",\"@id\":\"https:\\\/\\\/www.popesprayer.va\\\/es\\\/nuevo-lanzamiento-en-camino\\\/#breadcrumb\",\"itemListElement\":[{\"@type\":\"ListItem\",\"position\":1,\"name\":\"Inicio\",\"item\":\"https:\\\/\\\/www.popesprayer.va\\\/es\\\/\"},{\"@type\":\"ListItem\",\"position\":2,\"name\":\"Nuevo lanzamiento: &#8220;En Camino&#8221;\"}]},{\"@type\":\"WebSite\",\"@id\":\"https:\\\/\\\/www.popesprayer.va\\\/es\\\/#website\",\"url\":\"https:\\\/\\\/www.popesprayer.va\\\/es\\\/\",\"name\":\"Pope's Worldwide Prayer Network\",\"description\":\"Pray together, change the world\",\"publisher\":{\"@id\":\"https:\\\/\\\/www.popesprayer.va\\\/es\\\/#organization\"},\"potentialAction\":[{\"@type\":\"SearchAction\",\"target\":{\"@type\":\"EntryPoint\",\"urlTemplate\":\"https:\\\/\\\/www.popesprayer.va\\\/es\\\/?s={search_term_string}\"},\"query-input\":{\"@type\":\"PropertyValueSpecification\",\"valueRequired\":true,\"valueName\":\"search_term_string\"}}],\"inLanguage\":\"es\"},{\"@type\":\"Organization\",\"@id\":\"https:\\\/\\\/www.popesprayer.va\\\/es\\\/#organization\",\"name\":\"Red Mundial de Oraci\u00f3n del Papa\",\"url\":\"https:\\\/\\\/www.popesprayer.va\\\/es\\\/\",\"logo\":{\"@type\":\"ImageObject\",\"inLanguage\":\"es\",\"@id\":\"https:\\\/\\\/www.popesprayer.va\\\/es\\\/#\\\/schema\\\/logo\\\/image\\\/\",\"url\":\"https:\\\/\\\/www.popesprayer.va\\\/wp-content\\\/uploads\\\/2025\\\/01\\\/Logo-Popes-Worldwide-Prayer-Network-Pontifical-Work-EN-Horizontal.png\",\"contentUrl\":\"https:\\\/\\\/www.popesprayer.va\\\/wp-content\\\/uploads\\\/2025\\\/01\\\/Logo-Popes-Worldwide-Prayer-Network-Pontifical-Work-EN-Horizontal.png\",\"width\":1328,\"height\":228,\"caption\":\"Red Mundial de Oraci\u00f3n del Papa\"},\"image\":{\"@id\":\"https:\\\/\\\/www.popesprayer.va\\\/es\\\/#\\\/schema\\\/logo\\\/image\\\/\"}},{\"@type\":\"Person\",\"@id\":\"https:\\\/\\\/www.popesprayer.va\\\/es\\\/#\\\/schema\\\/person\\\/47382b3f75a9576a16176c16cdf4bf8f\",\"name\":\"PWPN\",\"image\":{\"@type\":\"ImageObject\",\"inLanguage\":\"es\",\"@id\":\"https:\\\/\\\/secure.gravatar.com\\\/avatar\\\/50d3b85093cf9363f4d6f737092e1c5ca7f754ab317b568587d4982cd49efd99?s=96&d=mm&r=g\",\"url\":\"https:\\\/\\\/secure.gravatar.com\\\/avatar\\\/50d3b85093cf9363f4d6f737092e1c5ca7f754ab317b568587d4982cd49efd99?s=96&d=mm&r=g\",\"contentUrl\":\"https:\\\/\\\/secure.gravatar.com\\\/avatar\\\/50d3b85093cf9363f4d6f737092e1c5ca7f754ab317b568587d4982cd49efd99?s=96&d=mm&r=g\",\"caption\":\"PWPN\"},\"url\":\"https:\\\/\\\/www.popesprayer.va\\\/es\\\/author\\\/eloy\\\/\"}]}<\/script>\n<!-- \/ Yoast SEO plugin. -->","yoast_head_json":{"title":"Nuevo lanzamiento: \"En Camino\" - Red Mundial de Oraci\u00f3n del Papa","robots":{"index":"index","follow":"follow","max-snippet":"max-snippet:-1","max-image-preview":"max-image-preview:large","max-video-preview":"max-video-preview:-1"},"canonical":"https:\/\/www.popesprayer.va\/es\/nuevo-lanzamiento-en-camino\/","og_locale":"es_ES","og_type":"article","og_title":"Nuevo lanzamiento: \"En Camino\" - Red Mundial de Oraci\u00f3n del Papa","og_description":"Ya est\u00e1 disponible un nuevo libro de apoyo de El Camino del Coraz\u00f3n, titulado \u201cEn Camino\u201d, una nueva publicaci\u00f3n que recoge y organiza la experiencia viva de estos \u00faltimos a\u00f1os en la difusi\u00f3n del itinerario espiritual de la Red Mundial de Oraci\u00f3n del Papa. Este nuevo libro no es un manual cerrado, sino un compa\u00f1ero [&hellip;]","og_url":"https:\/\/www.popesprayer.va\/es\/nuevo-lanzamiento-en-camino\/","og_site_name":"Red Mundial de Oraci\u00f3n del Papa","article_published_time":"2026-01-24T23:00:45+00:00","og_image":[{"width":1812,"height":2560,"url":"https:\/\/www.popesprayer.va\/wp-content\/uploads\/2026\/01\/12-ecc-es-scaled.jpg","type":"image\/jpeg"}],"author":"PWPN","twitter_card":"summary_large_image","twitter_misc":{"Escrito por":"PWPN","Tiempo de lectura":"1 minuto"},"schema":{"@context":"https:\/\/schema.org","@graph":[{"@type":"Article","@id":"https:\/\/www.popesprayer.va\/es\/nuevo-lanzamiento-en-camino\/#article","isPartOf":{"@id":"https:\/\/www.popesprayer.va\/es\/nuevo-lanzamiento-en-camino\/"},"author":{"name":"PWPN","@id":"https:\/\/www.popesprayer.va\/es\/#\/schema\/person\/47382b3f75a9576a16176c16cdf4bf8f"},"headline":"Nuevo lanzamiento: \"En Camino\"","datePublished":"2026-01-24T23:00:45+00:00","mainEntityOfPage":{"@id":"https:\/\/www.popesprayer.va\/es\/nuevo-lanzamiento-en-camino\/"},"wordCount":187,"publisher":{"@id":"https:\/\/www.popesprayer.va\/es\/#organization"},"image":{"@id":"https:\/\/www.popesprayer.va\/es\/nuevo-lanzamiento-en-camino\/#primaryimage"},"thumbnailUrl":"https:\/\/www.popesprayer.va\/wp-content\/uploads\/2026\/01\/12-ecc-es-scaled.jpg","articleSection":["Noticias"],"inLanguage":"es"},{"@type":"WebPage","@id":"https:\/\/www.popesprayer.va\/es\/nuevo-lanzamiento-en-camino\/","url":"https:\/\/www.popesprayer.va\/es\/nuevo-lanzamiento-en-camino\/","name":"Nuevo lanzamiento: \"En Camino\" - Red Mundial de Oraci\u00f3n del Papa","isPartOf":{"@id":"https:\/\/www.popesprayer.va\/es\/#website"},"primaryImageOfPage":{"@id":"https:\/\/www.popesprayer.va\/es\/nuevo-lanzamiento-en-camino\/#primaryimage"},"image":{"@id":"https:\/\/www.popesprayer.va\/es\/nuevo-lanzamiento-en-camino\/#primaryimage"},"thumbnailUrl":"https:\/\/www.popesprayer.va\/wp-content\/uploads\/2026\/01\/12-ecc-es-scaled.jpg","datePublished":"2026-01-24T23:00:45+00:00","breadcrumb":{"@id":"https:\/\/www.popesprayer.va\/es\/nuevo-lanzamiento-en-camino\/#breadcrumb"},"inLanguage":"es","potentialAction":[{"@type":"ReadAction","target":["https:\/\/www.popesprayer.va\/es\/nuevo-lanzamiento-en-camino\/"]}]},{"@type":"ImageObject","inLanguage":"es","@id":"https:\/\/www.popesprayer.va\/es\/nuevo-lanzamiento-en-camino\/#primaryimage","url":"https:\/\/www.popesprayer.va\/wp-content\/uploads\/2026\/01\/12-ecc-es-scaled.jpg","contentUrl":"https:\/\/www.popesprayer.va\/wp-content\/uploads\/2026\/01\/12-ecc-es-scaled.jpg","width":1812,"height":2560,"caption":"12-ecc-es"},{"@type":"BreadcrumbList","@id":"https:\/\/www.popesprayer.va\/es\/nuevo-lanzamiento-en-camino\/#breadcrumb","itemListElement":[{"@type":"ListItem","position":1,"name":"Inicio","item":"https:\/\/www.popesprayer.va\/es\/"},{"@type":"ListItem","position":2,"name":"Nuevo lanzamiento: &#8220;En Camino&#8221;"}]},{"@type":"WebSite","@id":"https:\/\/www.popesprayer.va\/es\/#website","url":"https:\/\/www.popesprayer.va\/es\/","name":"Pope's Worldwide Prayer Network","description":"Pray together, change the world","publisher":{"@id":"https:\/\/www.popesprayer.va\/es\/#organization"},"potentialAction":[{"@type":"SearchAction","target":{"@type":"EntryPoint","urlTemplate":"https:\/\/www.popesprayer.va\/es\/?s={search_term_string}"},"query-input":{"@type":"PropertyValueSpecification","valueRequired":true,"valueName":"search_term_string"}}],"inLanguage":"es"},{"@type":"Organization","@id":"https:\/\/www.popesprayer.va\/es\/#organization","name":"Red Mundial de Oraci\u00f3n del Papa","url":"https:\/\/www.popesprayer.va\/es\/","logo":{"@type":"ImageObject","inLanguage":"es","@id":"https:\/\/www.popesprayer.va\/es\/#\/schema\/logo\/image\/","url":"https:\/\/www.popesprayer.va\/wp-content\/uploads\/2025\/01\/Logo-Popes-Worldwide-Prayer-Network-Pontifical-Work-EN-Horizontal.png","contentUrl":"https:\/\/www.popesprayer.va\/wp-content\/uploads\/2025\/01\/Logo-Popes-Worldwide-Prayer-Network-Pontifical-Work-EN-Horizontal.png","width":1328,"height":228,"caption":"Red Mundial de Oraci\u00f3n del Papa"},"image":{"@id":"https:\/\/www.popesprayer.va\/es\/#\/schema\/logo\/image\/"}},{"@type":"Person","@id":"https:\/\/www.popesprayer.va\/es\/#\/schema\/person\/47382b3f75a9576a16176c16cdf4bf8f","name":"PWPN","image":{"@type":"ImageObject","inLanguage":"es","@id":"https:\/\/secure.gravatar.com\/avatar\/50d3b85093cf9363f4d6f737092e1c5ca7f754ab317b568587d4982cd49efd99?s=96&d=mm&r=g","url":"https:\/\/secure.gravatar.com\/avatar\/50d3b85093cf9363f4d6f737092e1c5ca7f754ab317b568587d4982cd49efd99?s=96&d=mm&r=g","contentUrl":"https:\/\/secure.gravatar.com\/avatar\/50d3b85093cf9363f4d6f737092e1c5ca7f754ab317b568587d4982cd49efd99?s=96&d=mm&r=g","caption":"PWPN"},"url":"https:\/\/www.popesprayer.va\/es\/author\/eloy\/"}]}},"_links":{"self":[{"href":"https:\/\/www.popesprayer.va\/es\/wp-json\/wp\/v2\/posts\/92591","targetHints":{"allow":["GET"]}}],"collection":[{"href":"https:\/\/www.popesprayer.va\/es\/wp-json\/wp\/v2\/posts"}],"about":[{"href":"https:\/\/www.popesprayer.va\/es\/wp-json\/wp\/v2\/types\/post"}],"author":[{"embeddable":true,"href":"https:\/\/www.popesprayer.va\/es\/wp-json\/wp\/v2\/users\/2"}],"replies":[{"embeddable":true,"href":"https:\/\/www.popesprayer.va\/es\/wp-json\/wp\/v2\/comments?post=92591"}],"version-history":[{"count":1,"href":"https:\/\/www.popesprayer.va\/es\/wp-json\/wp\/v2\/posts\/92591\/revisions"}],"predecessor-version":[{"id":92592,"href":"https:\/\/www.popesprayer.va\/es\/wp-json\/wp\/v2\/posts\/92591\/revisions\/92592"}],"wp:featuredmedia":[{"embeddable":true,"href":"https:\/\/www.popesprayer.va\/es\/wp-json\/wp\/v2\/media\/92563"}],"wp:attachment":[{"href":"https:\/\/www.popesprayer.va\/es\/wp-json\/wp\/v2\/media?parent=92591"}],"wp:term":[{"taxonomy":"category","embeddable":true,"href":"https:\/\/www.popesprayer.va\/es\/wp-json\/wp\/v2\/categories?post=92591"},{"taxonomy":"post_tag","embeddable":true,"href":"https:\/\/www.popesprayer.va\/es\/wp-json\/wp\/v2\/tags?post=92591"}],"curies":[{"name":"wp","href":"https:\/\/api.w.org\/{rel}","templated":true}]}}