{"id":92827,"date":"2026-01-29T16:52:09","date_gmt":"2026-01-29T15:52:09","guid":{"rendered":"https:\/\/www.popesprayer.va\/reunion-del-consejo-internacional\/"},"modified":"2026-01-29T20:02:30","modified_gmt":"2026-01-29T19:02:30","slug":"reunion-del-consejo-internacional","status":"publish","type":"post","link":"https:\/\/www.popesprayer.va\/es\/reunion-del-consejo-internacional\/","title":{"rendered":"Reuni\u00f3n del Consejo Internacional"},"content":{"rendered":"<p><span style=\"font-weight: 400;\">Del 27 al 31 de enero se re\u00fane en Roma el <a href=\"https:\/\/www.popesprayer.va\/the-team\/\">Consejo Internacional<\/a> de la Red Mundial de Oraci\u00f3n del Papa. Este \u00f3rgano est\u00e1 compuesto por los seis Coordinadores Continentales, y su misi\u00f3n principal es acompa\u00f1ar al Equipo Internacional de Direcci\u00f3n. <\/span><\/p>\n<p><span style=\"font-weight: 400;\">El principal trabajo de los Coordinadores Continentales es proporcionar apoyo pastoral a los Directores Nacionales de la red y fomentar espacios de comunicaci\u00f3n y colaboraci\u00f3n entre los representantes de los distintos equipos nacionales de sus regiones.<\/span><\/p>\n<p><span style=\"font-weight: 400;\">En esta ocasi\u00f3n, el Consejo se ha reunido para revisar la situaci\u00f3n actual en los distintos pa\u00edses y planificar las l\u00edneas de acci\u00f3n prioritarias para el a\u00f1o 2026. Asimismo, esta reuni\u00f3n representa un espacio privilegiado para compartir experiencias y colaborar en los diversos temas que abarca la misi\u00f3n internacional. <\/span><\/p>\n<p><b>Participantes en la reuni\u00f3n:<\/b><\/p>\n<p><b>Coordinadores continentales:<\/b><\/p>\n<ul>\n<li style=\"font-weight: 400;\" aria-level=\"1\"><b>Asia Meridional:<\/b><span style=\"font-weight: 400;\">  P. Xavier Tharamel SJ <\/span><\/li>\n<li style=\"font-weight: 400;\" aria-level=\"1\"><b>Europa:<\/b><span style=\"font-weight: 400;\">  P. Antonio Sant&#8217;Ana SJ <\/span><\/li>\n<li style=\"font-weight: 400;\" aria-level=\"1\"><b>\u00c1frica:<\/b><span style=\"font-weight: 400;\">  P. Valter Cassamano SJ <\/span><\/li>\n<li style=\"font-weight: 400;\" aria-level=\"1\"><b>Asia Pac\u00edfico:<\/b><span style=\"font-weight: 400;\"> Anne Gray y John Gray (delegados)<\/span><\/li>\n<li style=\"font-weight: 400;\" aria-level=\"1\"><b>Am\u00e9rica Latina y el Caribe:<\/b><span style=\"font-weight: 400;\"> Bettina Raed<\/span><\/li>\n<li style=\"font-weight: 400;\" aria-level=\"1\"><b>Am\u00e9rica del Norte:<\/b><span style=\"font-weight: 400;\">  P. Philip Hurley SJ <\/span><\/li>\n<\/ul>\n<p><b>Equipo de Direcci\u00f3n Internacional:<\/b><\/p>\n<ul>\n<li style=\"font-weight: 400;\" aria-level=\"1\"><b>Director:<\/b><span style=\"font-weight: 400;\">  P. Crist\u00f3bal Fones SJ <\/span><\/li>\n<li style=\"font-weight: 400;\" aria-level=\"1\"><b>Vicedirectora:<\/b><span style=\"font-weight: 400;\"> Bettina Raed<\/span><\/li>\n<li style=\"font-weight: 400;\" aria-level=\"1\"><b>Vicedirectora:<\/b><span style=\"font-weight: 400;\">  P. Miguel Melo SJ <\/span><\/li>\n<\/ul>\n<p><span style=\"font-weight: 400;\">Adem\u00e1s, miembros del Equipo Ejecutivo Internacional participan en algunos m\u00f3dulos:<\/span><\/p>\n<ul>\n<li style=\"font-weight: 400;\" aria-level=\"1\"><b>Administraci\u00f3n:<\/b><span style=\"font-weight: 400;\"> Ana Ben\u00edtez Carracedo<\/span><\/li>\n<li style=\"font-weight: 400;\" aria-level=\"1\"><b>Comunicaci\u00f3n:<\/b><span style=\"font-weight: 400;\"> Juan Ignacio Castellaro<\/span><\/li>\n<li style=\"font-weight: 400;\" aria-level=\"1\"><b>Finanzas:<\/b><span style=\"font-weight: 400;\"> Pilar Jenssen<\/span><\/li>\n<\/ul>\n<p><img loading=\"lazy\" decoding=\"async\" class=\"aligncenter wp-image-92822 size-full\" src=\"https:\/\/www.popesprayer.va\/wp-content\/uploads\/2026\/01\/WhatsApp-Image-2026-01-29-at-16.41.27.jpeg\" alt=\"Imagen de WhatsApp 2026-01-29 a las 16.41.27\" width=\"956\" height=\"847\"><\/p>\n<p><img loading=\"lazy\" decoding=\"async\" class=\"aligncenter wp-image-92823 size-full\" src=\"https:\/\/www.popesprayer.va\/wp-content\/uploads\/2026\/01\/WhatsApp-Image-2026-01-29-at-16.42.16-1.jpeg\" alt=\"Imagen de WhatsApp 2026-01-29 a las 16.42.16 (1)\" width=\"1196\" height=\"1246\"><\/p>\n<p><img loading=\"lazy\" decoding=\"async\" class=\"aligncenter wp-image-92824 size-full\" src=\"https:\/\/www.popesprayer.va\/wp-content\/uploads\/2026\/01\/WhatsApp-Image-2026-01-29-at-16.42.16.jpeg\" alt=\"Imagen de WhatsApp 2026-01-29 a las 16.42.16\" width=\"1200\" height=\"1313\"><\/p>\n<p>&nbsp;<\/p>\n<p><span style=\"font-weight: 400;\">Este encuentro refuerza la misi\u00f3n compartida y optimiza la colaboraci\u00f3n en la gesti\u00f3n de la Fundaci\u00f3n Vaticana y de la Obra Apost\u00f3lica Pontificia, contribuyendo a estrechar lazos y a consolidar una visi\u00f3n global de esta red de personas.<\/span><\/p>\n","protected":false},"excerpt":{"rendered":"<p>Del 27 al 31 de enero se re\u00fane en Roma el Consejo Internacional de la Red Mundial de Oraci\u00f3n del Papa. Este \u00f3rgano est\u00e1 compuesto por los seis Coordinadores Continentales, y su misi\u00f3n principal es acompa\u00f1ar al Equipo Internacional de Direcci\u00f3n. El principal trabajo de los Coordinadores Continentales es proporcionar apoyo pastoral a los Directores [&hellip;]<\/p>\n","protected":false},"author":3,"featured_media":92828,"comment_status":"closed","ping_status":"closed","sticky":false,"template":"","format":"standard","meta":{"_acf_changed":false,"_et_pb_use_builder":"","_et_pb_old_content":"","_et_gb_content_width":"","footnotes":""},"categories":[48],"tags":[],"class_list":["post-92827","post","type-post","status-publish","format-standard","has-post-thumbnail","hentry","category-sin-categoria"],"acf":[],"yoast_head":"<!-- This site is optimized with the Yoast SEO plugin v27.4 - https:\/\/yoast.com\/product\/yoast-seo-wordpress\/ -->\n<title>Reuni\u00f3n del Consejo Internacional - Red Mundial de Oraci\u00f3n del Papa<\/title>\n<meta name=\"robots\" content=\"index, follow, max-snippet:-1, max-image-preview:large, max-video-preview:-1\" \/>\n<link rel=\"canonical\" href=\"https:\/\/www.popesprayer.va\/es\/reunion-del-consejo-internacional\/\" \/>\n<meta property=\"og:locale\" content=\"es_ES\" \/>\n<meta property=\"og:type\" content=\"article\" \/>\n<meta property=\"og:title\" content=\"Reuni\u00f3n del Consejo Internacional - Red Mundial de Oraci\u00f3n del Papa\" \/>\n<meta property=\"og:description\" content=\"Del 27 al 31 de enero se re\u00fane en Roma el Consejo Internacional de la Red Mundial de Oraci\u00f3n del Papa. Este \u00f3rgano est\u00e1 compuesto por los seis Coordinadores Continentales, y su misi\u00f3n principal es acompa\u00f1ar al Equipo Internacional de Direcci\u00f3n. El principal trabajo de los Coordinadores Continentales es proporcionar apoyo pastoral a los Directores [&hellip;]\" \/>\n<meta property=\"og:url\" content=\"https:\/\/www.popesprayer.va\/es\/reunion-del-consejo-internacional\/\" \/>\n<meta property=\"og:site_name\" content=\"Red Mundial de Oraci\u00f3n del Papa\" \/>\n<meta property=\"article:published_time\" content=\"2026-01-29T15:52:09+00:00\" \/>\n<meta property=\"article:modified_time\" content=\"2026-01-29T19:02:30+00:00\" \/>\n<meta property=\"og:image\" content=\"https:\/\/www.popesprayer.va\/wp-content\/uploads\/2026\/01\/PWPN_20260129_006.jpg\" \/>\n\t<meta property=\"og:image:width\" content=\"1800\" \/>\n\t<meta property=\"og:image:height\" content=\"1350\" \/>\n\t<meta property=\"og:image:type\" content=\"image\/jpeg\" \/>\n<meta name=\"author\" content=\"PWPN\" \/>\n<meta name=\"twitter:card\" content=\"summary_large_image\" \/>\n<meta name=\"twitter:label1\" content=\"Escrito por\" \/>\n\t<meta name=\"twitter:data1\" content=\"PWPN\" \/>\n\t<meta name=\"twitter:label2\" content=\"Tiempo de lectura\" \/>\n\t<meta name=\"twitter:data2\" content=\"1 minuto\" \/>\n<script type=\"application\/ld+json\" class=\"yoast-schema-graph\">{\"@context\":\"https:\\\/\\\/schema.org\",\"@graph\":[{\"@type\":\"Article\",\"@id\":\"https:\\\/\\\/www.popesprayer.va\\\/es\\\/reunion-del-consejo-internacional\\\/#article\",\"isPartOf\":{\"@id\":\"https:\\\/\\\/www.popesprayer.va\\\/es\\\/reunion-del-consejo-internacional\\\/\"},\"author\":{\"name\":\"PWPN\",\"@id\":\"https:\\\/\\\/www.popesprayer.va\\\/es\\\/#\\\/schema\\\/person\\\/a2ed8ee1aba901ccc12646bc52342ca3\"},\"headline\":\"Reuni\u00f3n del Consejo Internacional\",\"datePublished\":\"2026-01-29T15:52:09+00:00\",\"dateModified\":\"2026-01-29T19:02:30+00:00\",\"mainEntityOfPage\":{\"@id\":\"https:\\\/\\\/www.popesprayer.va\\\/es\\\/reunion-del-consejo-internacional\\\/\"},\"wordCount\":282,\"publisher\":{\"@id\":\"https:\\\/\\\/www.popesprayer.va\\\/es\\\/#organization\"},\"image\":{\"@id\":\"https:\\\/\\\/www.popesprayer.va\\\/es\\\/reunion-del-consejo-internacional\\\/#primaryimage\"},\"thumbnailUrl\":\"https:\\\/\\\/www.popesprayer.va\\\/wp-content\\\/uploads\\\/2026\\\/01\\\/PWPN_20260129_006.jpg\",\"articleSection\":[\"Noticias\"],\"inLanguage\":\"es\"},{\"@type\":\"WebPage\",\"@id\":\"https:\\\/\\\/www.popesprayer.va\\\/es\\\/reunion-del-consejo-internacional\\\/\",\"url\":\"https:\\\/\\\/www.popesprayer.va\\\/es\\\/reunion-del-consejo-internacional\\\/\",\"name\":\"Reuni\u00f3n del Consejo Internacional - Red Mundial de Oraci\u00f3n del Papa\",\"isPartOf\":{\"@id\":\"https:\\\/\\\/www.popesprayer.va\\\/es\\\/#website\"},\"primaryImageOfPage\":{\"@id\":\"https:\\\/\\\/www.popesprayer.va\\\/es\\\/reunion-del-consejo-internacional\\\/#primaryimage\"},\"image\":{\"@id\":\"https:\\\/\\\/www.popesprayer.va\\\/es\\\/reunion-del-consejo-internacional\\\/#primaryimage\"},\"thumbnailUrl\":\"https:\\\/\\\/www.popesprayer.va\\\/wp-content\\\/uploads\\\/2026\\\/01\\\/PWPN_20260129_006.jpg\",\"datePublished\":\"2026-01-29T15:52:09+00:00\",\"dateModified\":\"2026-01-29T19:02:30+00:00\",\"breadcrumb\":{\"@id\":\"https:\\\/\\\/www.popesprayer.va\\\/es\\\/reunion-del-consejo-internacional\\\/#breadcrumb\"},\"inLanguage\":\"es\",\"potentialAction\":[{\"@type\":\"ReadAction\",\"target\":[\"https:\\\/\\\/www.popesprayer.va\\\/es\\\/reunion-del-consejo-internacional\\\/\"]}]},{\"@type\":\"ImageObject\",\"inLanguage\":\"es\",\"@id\":\"https:\\\/\\\/www.popesprayer.va\\\/es\\\/reunion-del-consejo-internacional\\\/#primaryimage\",\"url\":\"https:\\\/\\\/www.popesprayer.va\\\/wp-content\\\/uploads\\\/2026\\\/01\\\/PWPN_20260129_006.jpg\",\"contentUrl\":\"https:\\\/\\\/www.popesprayer.va\\\/wp-content\\\/uploads\\\/2026\\\/01\\\/PWPN_20260129_006.jpg\",\"width\":1800,\"height\":1350,\"caption\":\"PWPN_20260129_006\"},{\"@type\":\"BreadcrumbList\",\"@id\":\"https:\\\/\\\/www.popesprayer.va\\\/es\\\/reunion-del-consejo-internacional\\\/#breadcrumb\",\"itemListElement\":[{\"@type\":\"ListItem\",\"position\":1,\"name\":\"Inicio\",\"item\":\"https:\\\/\\\/www.popesprayer.va\\\/es\\\/\"},{\"@type\":\"ListItem\",\"position\":2,\"name\":\"Reuni\u00f3n del Consejo Internacional\"}]},{\"@type\":\"WebSite\",\"@id\":\"https:\\\/\\\/www.popesprayer.va\\\/es\\\/#website\",\"url\":\"https:\\\/\\\/www.popesprayer.va\\\/es\\\/\",\"name\":\"Pope's Worldwide Prayer Network\",\"description\":\"Pray together, change the world\",\"publisher\":{\"@id\":\"https:\\\/\\\/www.popesprayer.va\\\/es\\\/#organization\"},\"potentialAction\":[{\"@type\":\"SearchAction\",\"target\":{\"@type\":\"EntryPoint\",\"urlTemplate\":\"https:\\\/\\\/www.popesprayer.va\\\/es\\\/?s={search_term_string}\"},\"query-input\":{\"@type\":\"PropertyValueSpecification\",\"valueRequired\":true,\"valueName\":\"search_term_string\"}}],\"inLanguage\":\"es\"},{\"@type\":\"Organization\",\"@id\":\"https:\\\/\\\/www.popesprayer.va\\\/es\\\/#organization\",\"name\":\"Red Mundial de Oraci\u00f3n del Papa\",\"url\":\"https:\\\/\\\/www.popesprayer.va\\\/es\\\/\",\"logo\":{\"@type\":\"ImageObject\",\"inLanguage\":\"es\",\"@id\":\"https:\\\/\\\/www.popesprayer.va\\\/es\\\/#\\\/schema\\\/logo\\\/image\\\/\",\"url\":\"https:\\\/\\\/www.popesprayer.va\\\/wp-content\\\/uploads\\\/2025\\\/01\\\/Logo-Popes-Worldwide-Prayer-Network-Pontifical-Work-EN-Horizontal.png\",\"contentUrl\":\"https:\\\/\\\/www.popesprayer.va\\\/wp-content\\\/uploads\\\/2025\\\/01\\\/Logo-Popes-Worldwide-Prayer-Network-Pontifical-Work-EN-Horizontal.png\",\"width\":1328,\"height\":228,\"caption\":\"Red Mundial de Oraci\u00f3n del Papa\"},\"image\":{\"@id\":\"https:\\\/\\\/www.popesprayer.va\\\/es\\\/#\\\/schema\\\/logo\\\/image\\\/\"}},{\"@type\":\"Person\",\"@id\":\"https:\\\/\\\/www.popesprayer.va\\\/es\\\/#\\\/schema\\\/person\\\/a2ed8ee1aba901ccc12646bc52342ca3\",\"name\":\"PWPN\",\"image\":{\"@type\":\"ImageObject\",\"inLanguage\":\"es\",\"@id\":\"https:\\\/\\\/secure.gravatar.com\\\/avatar\\\/3e051956528dbc073554fef8e508c205726bf31f33ed5595a661c767110dadf3?s=96&d=mm&r=g\",\"url\":\"https:\\\/\\\/secure.gravatar.com\\\/avatar\\\/3e051956528dbc073554fef8e508c205726bf31f33ed5595a661c767110dadf3?s=96&d=mm&r=g\",\"contentUrl\":\"https:\\\/\\\/secure.gravatar.com\\\/avatar\\\/3e051956528dbc073554fef8e508c205726bf31f33ed5595a661c767110dadf3?s=96&d=mm&r=g\",\"caption\":\"PWPN\"},\"url\":\"https:\\\/\\\/www.popesprayer.va\\\/es\\\/author\\\/juanignacio\\\/\"}]}<\/script>\n<!-- \/ Yoast SEO plugin. -->","yoast_head_json":{"title":"Reuni\u00f3n del Consejo Internacional - Red Mundial de Oraci\u00f3n del Papa","robots":{"index":"index","follow":"follow","max-snippet":"max-snippet:-1","max-image-preview":"max-image-preview:large","max-video-preview":"max-video-preview:-1"},"canonical":"https:\/\/www.popesprayer.va\/es\/reunion-del-consejo-internacional\/","og_locale":"es_ES","og_type":"article","og_title":"Reuni\u00f3n del Consejo Internacional - Red Mundial de Oraci\u00f3n del Papa","og_description":"Del 27 al 31 de enero se re\u00fane en Roma el Consejo Internacional de la Red Mundial de Oraci\u00f3n del Papa. Este \u00f3rgano est\u00e1 compuesto por los seis Coordinadores Continentales, y su misi\u00f3n principal es acompa\u00f1ar al Equipo Internacional de Direcci\u00f3n. El principal trabajo de los Coordinadores Continentales es proporcionar apoyo pastoral a los Directores [&hellip;]","og_url":"https:\/\/www.popesprayer.va\/es\/reunion-del-consejo-internacional\/","og_site_name":"Red Mundial de Oraci\u00f3n del Papa","article_published_time":"2026-01-29T15:52:09+00:00","article_modified_time":"2026-01-29T19:02:30+00:00","og_image":[{"width":1800,"height":1350,"url":"https:\/\/www.popesprayer.va\/wp-content\/uploads\/2026\/01\/PWPN_20260129_006.jpg","type":"image\/jpeg"}],"author":"PWPN","twitter_card":"summary_large_image","twitter_misc":{"Escrito por":"PWPN","Tiempo de lectura":"1 minuto"},"schema":{"@context":"https:\/\/schema.org","@graph":[{"@type":"Article","@id":"https:\/\/www.popesprayer.va\/es\/reunion-del-consejo-internacional\/#article","isPartOf":{"@id":"https:\/\/www.popesprayer.va\/es\/reunion-del-consejo-internacional\/"},"author":{"name":"PWPN","@id":"https:\/\/www.popesprayer.va\/es\/#\/schema\/person\/a2ed8ee1aba901ccc12646bc52342ca3"},"headline":"Reuni\u00f3n del Consejo Internacional","datePublished":"2026-01-29T15:52:09+00:00","dateModified":"2026-01-29T19:02:30+00:00","mainEntityOfPage":{"@id":"https:\/\/www.popesprayer.va\/es\/reunion-del-consejo-internacional\/"},"wordCount":282,"publisher":{"@id":"https:\/\/www.popesprayer.va\/es\/#organization"},"image":{"@id":"https:\/\/www.popesprayer.va\/es\/reunion-del-consejo-internacional\/#primaryimage"},"thumbnailUrl":"https:\/\/www.popesprayer.va\/wp-content\/uploads\/2026\/01\/PWPN_20260129_006.jpg","articleSection":["Noticias"],"inLanguage":"es"},{"@type":"WebPage","@id":"https:\/\/www.popesprayer.va\/es\/reunion-del-consejo-internacional\/","url":"https:\/\/www.popesprayer.va\/es\/reunion-del-consejo-internacional\/","name":"Reuni\u00f3n del Consejo Internacional - Red Mundial de Oraci\u00f3n del Papa","isPartOf":{"@id":"https:\/\/www.popesprayer.va\/es\/#website"},"primaryImageOfPage":{"@id":"https:\/\/www.popesprayer.va\/es\/reunion-del-consejo-internacional\/#primaryimage"},"image":{"@id":"https:\/\/www.popesprayer.va\/es\/reunion-del-consejo-internacional\/#primaryimage"},"thumbnailUrl":"https:\/\/www.popesprayer.va\/wp-content\/uploads\/2026\/01\/PWPN_20260129_006.jpg","datePublished":"2026-01-29T15:52:09+00:00","dateModified":"2026-01-29T19:02:30+00:00","breadcrumb":{"@id":"https:\/\/www.popesprayer.va\/es\/reunion-del-consejo-internacional\/#breadcrumb"},"inLanguage":"es","potentialAction":[{"@type":"ReadAction","target":["https:\/\/www.popesprayer.va\/es\/reunion-del-consejo-internacional\/"]}]},{"@type":"ImageObject","inLanguage":"es","@id":"https:\/\/www.popesprayer.va\/es\/reunion-del-consejo-internacional\/#primaryimage","url":"https:\/\/www.popesprayer.va\/wp-content\/uploads\/2026\/01\/PWPN_20260129_006.jpg","contentUrl":"https:\/\/www.popesprayer.va\/wp-content\/uploads\/2026\/01\/PWPN_20260129_006.jpg","width":1800,"height":1350,"caption":"PWPN_20260129_006"},{"@type":"BreadcrumbList","@id":"https:\/\/www.popesprayer.va\/es\/reunion-del-consejo-internacional\/#breadcrumb","itemListElement":[{"@type":"ListItem","position":1,"name":"Inicio","item":"https:\/\/www.popesprayer.va\/es\/"},{"@type":"ListItem","position":2,"name":"Reuni\u00f3n del Consejo Internacional"}]},{"@type":"WebSite","@id":"https:\/\/www.popesprayer.va\/es\/#website","url":"https:\/\/www.popesprayer.va\/es\/","name":"Pope's Worldwide Prayer Network","description":"Pray together, change the world","publisher":{"@id":"https:\/\/www.popesprayer.va\/es\/#organization"},"potentialAction":[{"@type":"SearchAction","target":{"@type":"EntryPoint","urlTemplate":"https:\/\/www.popesprayer.va\/es\/?s={search_term_string}"},"query-input":{"@type":"PropertyValueSpecification","valueRequired":true,"valueName":"search_term_string"}}],"inLanguage":"es"},{"@type":"Organization","@id":"https:\/\/www.popesprayer.va\/es\/#organization","name":"Red Mundial de Oraci\u00f3n del Papa","url":"https:\/\/www.popesprayer.va\/es\/","logo":{"@type":"ImageObject","inLanguage":"es","@id":"https:\/\/www.popesprayer.va\/es\/#\/schema\/logo\/image\/","url":"https:\/\/www.popesprayer.va\/wp-content\/uploads\/2025\/01\/Logo-Popes-Worldwide-Prayer-Network-Pontifical-Work-EN-Horizontal.png","contentUrl":"https:\/\/www.popesprayer.va\/wp-content\/uploads\/2025\/01\/Logo-Popes-Worldwide-Prayer-Network-Pontifical-Work-EN-Horizontal.png","width":1328,"height":228,"caption":"Red Mundial de Oraci\u00f3n del Papa"},"image":{"@id":"https:\/\/www.popesprayer.va\/es\/#\/schema\/logo\/image\/"}},{"@type":"Person","@id":"https:\/\/www.popesprayer.va\/es\/#\/schema\/person\/a2ed8ee1aba901ccc12646bc52342ca3","name":"PWPN","image":{"@type":"ImageObject","inLanguage":"es","@id":"https:\/\/secure.gravatar.com\/avatar\/3e051956528dbc073554fef8e508c205726bf31f33ed5595a661c767110dadf3?s=96&d=mm&r=g","url":"https:\/\/secure.gravatar.com\/avatar\/3e051956528dbc073554fef8e508c205726bf31f33ed5595a661c767110dadf3?s=96&d=mm&r=g","contentUrl":"https:\/\/secure.gravatar.com\/avatar\/3e051956528dbc073554fef8e508c205726bf31f33ed5595a661c767110dadf3?s=96&d=mm&r=g","caption":"PWPN"},"url":"https:\/\/www.popesprayer.va\/es\/author\/juanignacio\/"}]}},"_links":{"self":[{"href":"https:\/\/www.popesprayer.va\/es\/wp-json\/wp\/v2\/posts\/92827","targetHints":{"allow":["GET"]}}],"collection":[{"href":"https:\/\/www.popesprayer.va\/es\/wp-json\/wp\/v2\/posts"}],"about":[{"href":"https:\/\/www.popesprayer.va\/es\/wp-json\/wp\/v2\/types\/post"}],"author":[{"embeddable":true,"href":"https:\/\/www.popesprayer.va\/es\/wp-json\/wp\/v2\/users\/3"}],"replies":[{"embeddable":true,"href":"https:\/\/www.popesprayer.va\/es\/wp-json\/wp\/v2\/comments?post=92827"}],"version-history":[{"count":1,"href":"https:\/\/www.popesprayer.va\/es\/wp-json\/wp\/v2\/posts\/92827\/revisions"}],"predecessor-version":[{"id":92836,"href":"https:\/\/www.popesprayer.va\/es\/wp-json\/wp\/v2\/posts\/92827\/revisions\/92836"}],"wp:featuredmedia":[{"embeddable":true,"href":"https:\/\/www.popesprayer.va\/es\/wp-json\/wp\/v2\/media\/92828"}],"wp:attachment":[{"href":"https:\/\/www.popesprayer.va\/es\/wp-json\/wp\/v2\/media?parent=92827"}],"wp:term":[{"taxonomy":"category","embeddable":true,"href":"https:\/\/www.popesprayer.va\/es\/wp-json\/wp\/v2\/categories?post=92827"},{"taxonomy":"post_tag","embeddable":true,"href":"https:\/\/www.popesprayer.va\/es\/wp-json\/wp\/v2\/tags?post=92827"}],"curies":[{"name":"wp","href":"https:\/\/api.w.org\/{rel}","templated":true}]}}