{"id":92850,"date":"2026-01-30T11:30:28","date_gmt":"2026-01-30T10:30:28","guid":{"rendered":"https:\/\/www.popesprayer.va\/?p=92850"},"modified":"2026-01-31T11:30:11","modified_gmt":"2026-01-31T10:30:11","slug":"audience-with-the-holy-father-leo-xiv","status":"publish","type":"post","link":"https:\/\/www.popesprayer.va\/es\/audience-with-the-holy-father-leo-xiv\/","title":{"rendered":"Audiencia con el Santo Padre Le\u00f3n XIV"},"content":{"rendered":"<div class=\"testo\">\n<div class=\"text parbase vaticanrichtext\">\n<p><span style=\"font-weight: 400;\">El viernes 30 de enero de 2026, el Papa Le\u00f3n XIV recibi\u00f3 en audiencia en el Vaticano a los miembros de la Red Mundial de Oraci\u00f3n del Papa.<\/span><\/p>\n<p><span style=\"font-weight: 400;\">Esta reuni\u00f3n represent\u00f3 un momento de profundo encuentro entre el Santo Padre y toda su Red Mundial de Oraci\u00f3n. En sus palabras de bienvenida, Le\u00f3n XIV salud\u00f3 cordialmente al equipo directivo internacional, as\u00ed como a los coordinadores continentales y a los miembros de la oficina internacional. El Papa hizo una menci\u00f3n especial de gratitud a los Embajadores de la Fundaci\u00f3n, destacando su generosidad en el apoyo a la misi\u00f3n.  <\/span><\/p>\n<p><span style=\"font-weight: 400;\">En su discurso, el Papa destac\u00f3 el itinerario de formaci\u00f3n de la red de oraci\u00f3n como gu\u00eda esencial para vivir esta espiritualidad en la vida cotidiana:<\/span><\/p>\n<blockquote><p><span style=\"font-weight: 400;\">\u201cEl Camino del Coraz\u00f3n, es una gu\u00eda \u00fatil sobre c\u00f3mo vivir esta espiritualidad en la vida diaria. Espero que, a trav\u00e9s de su apostolado, contin\u00faen ayudando a los bautizados a comprender que son amigos y ap\u00f3stoles de Cristo.\u201d<\/span><\/p><\/blockquote>\n<p><span style=\"font-weight: 400;\">Asimismo, el Santo Padre destac\u00f3 la importancia de comprometer a los j\u00f3venes, que buscan una relaci\u00f3n m\u00e1s personal con Jes\u00fas a trav\u00e9s del Movimiento Eucar\u00edstico Juvenil:<\/span><\/p>\n<blockquote><p><span style=\"font-weight: 400;\">\"Es especialmente importante invitar a los j\u00f3venes a participar para que formen la pr\u00f3xima generaci\u00f3n de intercesores por las necesidades de todo el mundo\".<\/span><\/p><\/blockquote>\n<p><span style=\"font-weight: 400;\">Bendici\u00f3n para toda la Red Mundial de Oraci\u00f3n del Papa<\/span><\/p>\n<blockquote><p><span style=\"font-weight: 400;\">\u201cLes agradezco calurosamente sus esfuerzos por promover la oraci\u00f3n en todo el mundo por las intenciones del Papa, y los animo a continuar por este camino con esp\u00edritu alegre. Con gusto les imparto mi Bendici\u00f3n Apost\u00f3lica, que hago extensiva a sus seres queridos y a todos los miembros de la Red.\u201d<\/span><\/p><\/blockquote>\n<\/div>\n<p><iframe loading=\"lazy\" title=\"Audience with the Holy Father Leo XIV - January 2026\" width=\"1080\" height=\"608\" src=\"https:\/\/www.youtube.com\/embed\/BrkWd4rOSNI?feature=oembed\"  allow=\"accelerometer; autoplay; clipboard-write; encrypted-media; gyroscope; picture-in-picture; web-share\" referrerpolicy=\"strict-origin-when-cross-origin\" allowfullscreen><\/iframe><\/p>\n<div class=\"text parbase vaticanrichtext\">\n<p>&nbsp;<\/p>\n<p>-<\/p>\n<p><b><i>DISCURSO DE SU SANTIDAD EL PAPA LEO XIV A LOS DIRIGENTES Y MIEMBROS DE <a href=\"https:\/\/www.popesprayer.va\/\">LA RED MUNDIAL DE ORACI\u00d3N DEL PAPA<\/a><\/i><\/b><\/p>\n<p>En el nombre del Padre, y del Hijo, y del Esp\u00edritu Santo.<\/p>\n<p>\u00a1La paz est\u00e9 con ustedes!<\/p>\n<p>Buenos d\u00edas y bienvenidos todos. Estoy muy contento de encontrarme con ustedes, y les agradezco su servicio al pueblo de Dios. <\/p>\n<p>Saludo cordialmente al director internacional de la <a href=\"https:\/\/www.popesprayer.va\/\">Fundaci\u00f3n Red Mundial de Oraci\u00f3n <\/a>del Papa, P. Crist\u00f3bal Fones, as\u00ed como a la Sra. Bettina Raed y al P. Miguel Melo, los vicedirectores. Doy tambi\u00e9n la bienvenida a todos ustedes, miembros de la Oficina Internacional, coordinadores continentales, consejo de administraci\u00f3n, socios permanentes, y, de manera especial, a los embajadores de la Fundaci\u00f3n, que con su generosidad sostienen la estabilidad y la vitalidad de esta misi\u00f3n. <\/p>\n<p>Como saben, cada mes, despu\u00e9s de un cuidadoso discernimiento, mis predecesores y yo hemos compartido con ustedes varias intenciones que abordan los desaf\u00edos a los que se enfrenta la humanidad, as\u00ed como la vida y la misi\u00f3n de la Iglesia. Les agradezco sus esfuerzos por difundirlas a las decenas de millones de personas de esta red mundial que cada d\u00eda presentan estas necesidades ante Dios. Esta oraci\u00f3n no es ajena a la obra evang\u00e9lica del Cuerpo de Cristo, sino parte integral de ella.  <\/p>\n<p>La espiritualidad de su apostolado de oraci\u00f3n est\u00e1 enraizada en el Coraz\u00f3n de Jes\u00fas, lo que les permite conocer a nuestro Se\u00f1or m\u00e1s \u00edntimamente y ser m\u00e1s compasivos y emp\u00e1ticos mientras ofrecen su apoyo orante por quienes lo necesitan. A este respecto, su itinerario de formaci\u00f3n, <i><a href=\"https:\/\/www.popesprayer.va\/?page_id=412\">El camino del coraz\u00f3n,<\/a><\/i> es una \u00fatil gu\u00eda para saber c\u00f3mo vivir esta espiritualidad en la vida diaria. Espero que, mediante su apostolado, ustedes seguir\u00e1n ayudando a los bautizados a comprender que son amigos y ap\u00f3stoles de Cristo.  <\/p>\n<p>Los animo a fomentar una participaci\u00f3n a\u00fan mayor en esta <a href=\"https:\/\/www.popesprayer.va\/\">Red<\/a>, que une diversas culturas, idiomas y carismas en una misi\u00f3n com\u00fan. Es especialmente importante invitar a los j\u00f3venes a participar, de manera que puedan formar la pr\u00f3xima generaci\u00f3n de intercesores por las necesidades del mundo entero. Como muchos de ellos est\u00e1n buscando una relaci\u00f3n m\u00e1s profunda y personal con Jes\u00fas resucitado, su Movimiento Eucar\u00edstico Juvenil puede ser un camino especialmente fruct\u00edfero para ayudarles a crecer en una intimidad m\u00e1s profunda con nuestro Se\u00f1or.  <\/p>\n<p>Queridos hermanos y hermanas, les agradezco de coraz\u00f3n sus esfuerzos por promover en todo el mundo la oraci\u00f3n por las intenciones del Papa, y los animo a continuar por este camino con un esp\u00edritu alegre. Les imparto gustosamente mi Bendici\u00f3n Apost\u00f3lica, que extiendo a sus seres queridos y a todos los miembros de la <a href=\"https:\/\/www.popesprayer.va\/\">Red<\/a>. <\/p>\n<p>Gracias<\/p>\n<p>Oremos juntos como el Se\u00f1or nos ense\u00f1\u00f3:<\/p>\n<p>Padre nuestro&#8230;<\/p>\n<p>Les deseo un espl\u00e9ndido d\u00eda. De nuevo gracias por su servicio y por su compromiso en este importante ministerio. Gracias.  <\/p>\n<p>&nbsp;<\/p>\n<p><img loading=\"lazy\" decoding=\"async\" class=\"aligncenter wp-image-92843 size-full\" src=\"https:\/\/www.popesprayer.va\/wp-content\/uploads\/2026\/01\/audienciapapa5.jpeg\" alt=\"audienciapapa5\" width=\"1280\" height=\"844\"><\/p>\n<p><img loading=\"lazy\" decoding=\"async\" class=\"aligncenter wp-image-92842 size-full\" src=\"https:\/\/www.popesprayer.va\/wp-content\/uploads\/2026\/01\/audienciapapa3.jpeg\" alt=\"audienciapapa3\" width=\"1280\" height=\"844\"><\/p>\n<p>-<\/p>\n<div class=\"clearfix\"><a href=\"https:\/\/photo.vaticanmedia.va\/en\/\" target=\"_blank\" rel=\"noopener\">Fotos: Medios de comunicaci\u00f3n del Vaticano<\/a><\/div>\n<\/div>\n<\/div>\n<div class=\"content parsys\"><a href=\"https:\/\/www.vatican.va\/content\/leo-xiv\/en\/speeches\/2026\/january\/documents\/20260130-rete-preghiera.html\" target=\"_blank\" rel=\"noopener\">Copyright \u00a9 Dicasterio para la Comunicaci\u00f3n - Libreria Editrice Vaticana<\/a><\/div>\n","protected":false},"excerpt":{"rendered":"<p>El viernes 30 de enero de 2026, el Papa Le\u00f3n XIV recibi\u00f3 en audiencia en el Vaticano a los miembros de la Red Mundial de Oraci\u00f3n del Papa. Esta reuni\u00f3n represent\u00f3 un momento de profundo encuentro entre el Santo Padre y toda su Red Mundial de Oraci\u00f3n. En sus palabras de bienvenida, Le\u00f3n XIV salud\u00f3 [&hellip;]<\/p>\n","protected":false},"author":3,"featured_media":92847,"comment_status":"closed","ping_status":"closed","sticky":false,"template":"","format":"standard","meta":{"_acf_changed":false,"_et_pb_use_builder":"","_et_pb_old_content":"","_et_gb_content_width":"","footnotes":""},"categories":[48],"tags":[],"class_list":["post-92850","post","type-post","status-publish","format-standard","has-post-thumbnail","hentry","category-sin-categoria"],"acf":[],"yoast_head":"<!-- This site is optimized with the Yoast SEO plugin v27.4 - https:\/\/yoast.com\/product\/yoast-seo-wordpress\/ -->\n<title>Audiencia con el Santo Padre Le\u00f3n XIV - Red Mundial de Oraci\u00f3n del Papa<\/title>\n<meta name=\"robots\" content=\"index, follow, max-snippet:-1, max-image-preview:large, max-video-preview:-1\" \/>\n<link rel=\"canonical\" href=\"https:\/\/www.popesprayer.va\/es\/audience-with-the-holy-father-leo-xiv\/\" \/>\n<meta property=\"og:locale\" content=\"es_ES\" \/>\n<meta property=\"og:type\" content=\"article\" \/>\n<meta property=\"og:title\" content=\"Audiencia con el Santo Padre Le\u00f3n XIV - Red Mundial de Oraci\u00f3n del Papa\" \/>\n<meta property=\"og:description\" content=\"El viernes 30 de enero de 2026, el Papa Le\u00f3n XIV recibi\u00f3 en audiencia en el Vaticano a los miembros de la Red Mundial de Oraci\u00f3n del Papa. Esta reuni\u00f3n represent\u00f3 un momento de profundo encuentro entre el Santo Padre y toda su Red Mundial de Oraci\u00f3n. En sus palabras de bienvenida, Le\u00f3n XIV salud\u00f3 [&hellip;]\" \/>\n<meta property=\"og:url\" content=\"https:\/\/www.popesprayer.va\/es\/audience-with-the-holy-father-leo-xiv\/\" \/>\n<meta property=\"og:site_name\" content=\"Red Mundial de Oraci\u00f3n del Papa\" \/>\n<meta property=\"article:published_time\" content=\"2026-01-30T10:30:28+00:00\" \/>\n<meta property=\"article:modified_time\" content=\"2026-01-31T10:30:11+00:00\" \/>\n<meta property=\"og:image\" content=\"https:\/\/www.popesprayer.va\/wp-content\/uploads\/2026\/01\/audienciapapa4.jpeg\" \/>\n\t<meta property=\"og:image:width\" content=\"1280\" \/>\n\t<meta property=\"og:image:height\" content=\"844\" \/>\n\t<meta property=\"og:image:type\" content=\"image\/jpeg\" \/>\n<meta name=\"author\" content=\"PWPN\" \/>\n<meta name=\"twitter:card\" content=\"summary_large_image\" \/>\n<meta name=\"twitter:label1\" content=\"Escrito por\" \/>\n\t<meta name=\"twitter:data1\" content=\"PWPN\" \/>\n\t<meta name=\"twitter:label2\" content=\"Tiempo de lectura\" \/>\n\t<meta name=\"twitter:data2\" content=\"3 minutos\" \/>\n<script type=\"application\/ld+json\" class=\"yoast-schema-graph\">{\"@context\":\"https:\\\/\\\/schema.org\",\"@graph\":[{\"@type\":\"Article\",\"@id\":\"https:\\\/\\\/www.popesprayer.va\\\/es\\\/audience-with-the-holy-father-leo-xiv\\\/#article\",\"isPartOf\":{\"@id\":\"https:\\\/\\\/www.popesprayer.va\\\/es\\\/audience-with-the-holy-father-leo-xiv\\\/\"},\"author\":{\"name\":\"PWPN\",\"@id\":\"https:\\\/\\\/www.popesprayer.va\\\/es\\\/#\\\/schema\\\/person\\\/a2ed8ee1aba901ccc12646bc52342ca3\"},\"headline\":\"Audiencia con el Santo Padre Le\u00f3n XIV\",\"datePublished\":\"2026-01-30T10:30:28+00:00\",\"dateModified\":\"2026-01-31T10:30:11+00:00\",\"mainEntityOfPage\":{\"@id\":\"https:\\\/\\\/www.popesprayer.va\\\/es\\\/audience-with-the-holy-father-leo-xiv\\\/\"},\"wordCount\":861,\"publisher\":{\"@id\":\"https:\\\/\\\/www.popesprayer.va\\\/es\\\/#organization\"},\"image\":{\"@id\":\"https:\\\/\\\/www.popesprayer.va\\\/es\\\/audience-with-the-holy-father-leo-xiv\\\/#primaryimage\"},\"thumbnailUrl\":\"https:\\\/\\\/www.popesprayer.va\\\/wp-content\\\/uploads\\\/2026\\\/01\\\/audienciapapa4.jpeg\",\"articleSection\":[\"Noticias\"],\"inLanguage\":\"es\"},{\"@type\":\"WebPage\",\"@id\":\"https:\\\/\\\/www.popesprayer.va\\\/es\\\/audience-with-the-holy-father-leo-xiv\\\/\",\"url\":\"https:\\\/\\\/www.popesprayer.va\\\/es\\\/audience-with-the-holy-father-leo-xiv\\\/\",\"name\":\"Audiencia con el Santo Padre Le\u00f3n XIV - Red Mundial de Oraci\u00f3n del Papa\",\"isPartOf\":{\"@id\":\"https:\\\/\\\/www.popesprayer.va\\\/es\\\/#website\"},\"primaryImageOfPage\":{\"@id\":\"https:\\\/\\\/www.popesprayer.va\\\/es\\\/audience-with-the-holy-father-leo-xiv\\\/#primaryimage\"},\"image\":{\"@id\":\"https:\\\/\\\/www.popesprayer.va\\\/es\\\/audience-with-the-holy-father-leo-xiv\\\/#primaryimage\"},\"thumbnailUrl\":\"https:\\\/\\\/www.popesprayer.va\\\/wp-content\\\/uploads\\\/2026\\\/01\\\/audienciapapa4.jpeg\",\"datePublished\":\"2026-01-30T10:30:28+00:00\",\"dateModified\":\"2026-01-31T10:30:11+00:00\",\"breadcrumb\":{\"@id\":\"https:\\\/\\\/www.popesprayer.va\\\/es\\\/audience-with-the-holy-father-leo-xiv\\\/#breadcrumb\"},\"inLanguage\":\"es\",\"potentialAction\":[{\"@type\":\"ReadAction\",\"target\":[\"https:\\\/\\\/www.popesprayer.va\\\/es\\\/audience-with-the-holy-father-leo-xiv\\\/\"]}]},{\"@type\":\"ImageObject\",\"inLanguage\":\"es\",\"@id\":\"https:\\\/\\\/www.popesprayer.va\\\/es\\\/audience-with-the-holy-father-leo-xiv\\\/#primaryimage\",\"url\":\"https:\\\/\\\/www.popesprayer.va\\\/wp-content\\\/uploads\\\/2026\\\/01\\\/audienciapapa4.jpeg\",\"contentUrl\":\"https:\\\/\\\/www.popesprayer.va\\\/wp-content\\\/uploads\\\/2026\\\/01\\\/audienciapapa4.jpeg\",\"width\":1280,\"height\":844,\"caption\":\"audienciapapa4\"},{\"@type\":\"BreadcrumbList\",\"@id\":\"https:\\\/\\\/www.popesprayer.va\\\/es\\\/audience-with-the-holy-father-leo-xiv\\\/#breadcrumb\",\"itemListElement\":[{\"@type\":\"ListItem\",\"position\":1,\"name\":\"Inicio\",\"item\":\"https:\\\/\\\/www.popesprayer.va\\\/es\\\/\"},{\"@type\":\"ListItem\",\"position\":2,\"name\":\"Audiencia con el Santo Padre Le\u00f3n XIV\"}]},{\"@type\":\"WebSite\",\"@id\":\"https:\\\/\\\/www.popesprayer.va\\\/es\\\/#website\",\"url\":\"https:\\\/\\\/www.popesprayer.va\\\/es\\\/\",\"name\":\"Pope's Worldwide Prayer Network\",\"description\":\"Pray together, change the world\",\"publisher\":{\"@id\":\"https:\\\/\\\/www.popesprayer.va\\\/es\\\/#organization\"},\"potentialAction\":[{\"@type\":\"SearchAction\",\"target\":{\"@type\":\"EntryPoint\",\"urlTemplate\":\"https:\\\/\\\/www.popesprayer.va\\\/es\\\/?s={search_term_string}\"},\"query-input\":{\"@type\":\"PropertyValueSpecification\",\"valueRequired\":true,\"valueName\":\"search_term_string\"}}],\"inLanguage\":\"es\"},{\"@type\":\"Organization\",\"@id\":\"https:\\\/\\\/www.popesprayer.va\\\/es\\\/#organization\",\"name\":\"Red Mundial de Oraci\u00f3n del Papa\",\"url\":\"https:\\\/\\\/www.popesprayer.va\\\/es\\\/\",\"logo\":{\"@type\":\"ImageObject\",\"inLanguage\":\"es\",\"@id\":\"https:\\\/\\\/www.popesprayer.va\\\/es\\\/#\\\/schema\\\/logo\\\/image\\\/\",\"url\":\"https:\\\/\\\/www.popesprayer.va\\\/wp-content\\\/uploads\\\/2025\\\/01\\\/Logo-Popes-Worldwide-Prayer-Network-Pontifical-Work-EN-Horizontal.png\",\"contentUrl\":\"https:\\\/\\\/www.popesprayer.va\\\/wp-content\\\/uploads\\\/2025\\\/01\\\/Logo-Popes-Worldwide-Prayer-Network-Pontifical-Work-EN-Horizontal.png\",\"width\":1328,\"height\":228,\"caption\":\"Red Mundial de Oraci\u00f3n del Papa\"},\"image\":{\"@id\":\"https:\\\/\\\/www.popesprayer.va\\\/es\\\/#\\\/schema\\\/logo\\\/image\\\/\"}},{\"@type\":\"Person\",\"@id\":\"https:\\\/\\\/www.popesprayer.va\\\/es\\\/#\\\/schema\\\/person\\\/a2ed8ee1aba901ccc12646bc52342ca3\",\"name\":\"PWPN\",\"image\":{\"@type\":\"ImageObject\",\"inLanguage\":\"es\",\"@id\":\"https:\\\/\\\/secure.gravatar.com\\\/avatar\\\/3e051956528dbc073554fef8e508c205726bf31f33ed5595a661c767110dadf3?s=96&d=mm&r=g\",\"url\":\"https:\\\/\\\/secure.gravatar.com\\\/avatar\\\/3e051956528dbc073554fef8e508c205726bf31f33ed5595a661c767110dadf3?s=96&d=mm&r=g\",\"contentUrl\":\"https:\\\/\\\/secure.gravatar.com\\\/avatar\\\/3e051956528dbc073554fef8e508c205726bf31f33ed5595a661c767110dadf3?s=96&d=mm&r=g\",\"caption\":\"PWPN\"},\"url\":\"https:\\\/\\\/www.popesprayer.va\\\/es\\\/author\\\/juanignacio\\\/\"}]}<\/script>\n<!-- \/ Yoast SEO plugin. -->","yoast_head_json":{"title":"Audiencia con el Santo Padre Le\u00f3n XIV - Red Mundial de Oraci\u00f3n del Papa","robots":{"index":"index","follow":"follow","max-snippet":"max-snippet:-1","max-image-preview":"max-image-preview:large","max-video-preview":"max-video-preview:-1"},"canonical":"https:\/\/www.popesprayer.va\/es\/audience-with-the-holy-father-leo-xiv\/","og_locale":"es_ES","og_type":"article","og_title":"Audiencia con el Santo Padre Le\u00f3n XIV - Red Mundial de Oraci\u00f3n del Papa","og_description":"El viernes 30 de enero de 2026, el Papa Le\u00f3n XIV recibi\u00f3 en audiencia en el Vaticano a los miembros de la Red Mundial de Oraci\u00f3n del Papa. Esta reuni\u00f3n represent\u00f3 un momento de profundo encuentro entre el Santo Padre y toda su Red Mundial de Oraci\u00f3n. En sus palabras de bienvenida, Le\u00f3n XIV salud\u00f3 [&hellip;]","og_url":"https:\/\/www.popesprayer.va\/es\/audience-with-the-holy-father-leo-xiv\/","og_site_name":"Red Mundial de Oraci\u00f3n del Papa","article_published_time":"2026-01-30T10:30:28+00:00","article_modified_time":"2026-01-31T10:30:11+00:00","og_image":[{"width":1280,"height":844,"url":"https:\/\/www.popesprayer.va\/wp-content\/uploads\/2026\/01\/audienciapapa4.jpeg","type":"image\/jpeg"}],"author":"PWPN","twitter_card":"summary_large_image","twitter_misc":{"Escrito por":"PWPN","Tiempo de lectura":"3 minutos"},"schema":{"@context":"https:\/\/schema.org","@graph":[{"@type":"Article","@id":"https:\/\/www.popesprayer.va\/es\/audience-with-the-holy-father-leo-xiv\/#article","isPartOf":{"@id":"https:\/\/www.popesprayer.va\/es\/audience-with-the-holy-father-leo-xiv\/"},"author":{"name":"PWPN","@id":"https:\/\/www.popesprayer.va\/es\/#\/schema\/person\/a2ed8ee1aba901ccc12646bc52342ca3"},"headline":"Audiencia con el Santo Padre Le\u00f3n XIV","datePublished":"2026-01-30T10:30:28+00:00","dateModified":"2026-01-31T10:30:11+00:00","mainEntityOfPage":{"@id":"https:\/\/www.popesprayer.va\/es\/audience-with-the-holy-father-leo-xiv\/"},"wordCount":861,"publisher":{"@id":"https:\/\/www.popesprayer.va\/es\/#organization"},"image":{"@id":"https:\/\/www.popesprayer.va\/es\/audience-with-the-holy-father-leo-xiv\/#primaryimage"},"thumbnailUrl":"https:\/\/www.popesprayer.va\/wp-content\/uploads\/2026\/01\/audienciapapa4.jpeg","articleSection":["Noticias"],"inLanguage":"es"},{"@type":"WebPage","@id":"https:\/\/www.popesprayer.va\/es\/audience-with-the-holy-father-leo-xiv\/","url":"https:\/\/www.popesprayer.va\/es\/audience-with-the-holy-father-leo-xiv\/","name":"Audiencia con el Santo Padre Le\u00f3n XIV - Red Mundial de Oraci\u00f3n del Papa","isPartOf":{"@id":"https:\/\/www.popesprayer.va\/es\/#website"},"primaryImageOfPage":{"@id":"https:\/\/www.popesprayer.va\/es\/audience-with-the-holy-father-leo-xiv\/#primaryimage"},"image":{"@id":"https:\/\/www.popesprayer.va\/es\/audience-with-the-holy-father-leo-xiv\/#primaryimage"},"thumbnailUrl":"https:\/\/www.popesprayer.va\/wp-content\/uploads\/2026\/01\/audienciapapa4.jpeg","datePublished":"2026-01-30T10:30:28+00:00","dateModified":"2026-01-31T10:30:11+00:00","breadcrumb":{"@id":"https:\/\/www.popesprayer.va\/es\/audience-with-the-holy-father-leo-xiv\/#breadcrumb"},"inLanguage":"es","potentialAction":[{"@type":"ReadAction","target":["https:\/\/www.popesprayer.va\/es\/audience-with-the-holy-father-leo-xiv\/"]}]},{"@type":"ImageObject","inLanguage":"es","@id":"https:\/\/www.popesprayer.va\/es\/audience-with-the-holy-father-leo-xiv\/#primaryimage","url":"https:\/\/www.popesprayer.va\/wp-content\/uploads\/2026\/01\/audienciapapa4.jpeg","contentUrl":"https:\/\/www.popesprayer.va\/wp-content\/uploads\/2026\/01\/audienciapapa4.jpeg","width":1280,"height":844,"caption":"audienciapapa4"},{"@type":"BreadcrumbList","@id":"https:\/\/www.popesprayer.va\/es\/audience-with-the-holy-father-leo-xiv\/#breadcrumb","itemListElement":[{"@type":"ListItem","position":1,"name":"Inicio","item":"https:\/\/www.popesprayer.va\/es\/"},{"@type":"ListItem","position":2,"name":"Audiencia con el Santo Padre Le\u00f3n XIV"}]},{"@type":"WebSite","@id":"https:\/\/www.popesprayer.va\/es\/#website","url":"https:\/\/www.popesprayer.va\/es\/","name":"Pope's Worldwide Prayer Network","description":"Pray together, change the world","publisher":{"@id":"https:\/\/www.popesprayer.va\/es\/#organization"},"potentialAction":[{"@type":"SearchAction","target":{"@type":"EntryPoint","urlTemplate":"https:\/\/www.popesprayer.va\/es\/?s={search_term_string}"},"query-input":{"@type":"PropertyValueSpecification","valueRequired":true,"valueName":"search_term_string"}}],"inLanguage":"es"},{"@type":"Organization","@id":"https:\/\/www.popesprayer.va\/es\/#organization","name":"Red Mundial de Oraci\u00f3n del Papa","url":"https:\/\/www.popesprayer.va\/es\/","logo":{"@type":"ImageObject","inLanguage":"es","@id":"https:\/\/www.popesprayer.va\/es\/#\/schema\/logo\/image\/","url":"https:\/\/www.popesprayer.va\/wp-content\/uploads\/2025\/01\/Logo-Popes-Worldwide-Prayer-Network-Pontifical-Work-EN-Horizontal.png","contentUrl":"https:\/\/www.popesprayer.va\/wp-content\/uploads\/2025\/01\/Logo-Popes-Worldwide-Prayer-Network-Pontifical-Work-EN-Horizontal.png","width":1328,"height":228,"caption":"Red Mundial de Oraci\u00f3n del Papa"},"image":{"@id":"https:\/\/www.popesprayer.va\/es\/#\/schema\/logo\/image\/"}},{"@type":"Person","@id":"https:\/\/www.popesprayer.va\/es\/#\/schema\/person\/a2ed8ee1aba901ccc12646bc52342ca3","name":"PWPN","image":{"@type":"ImageObject","inLanguage":"es","@id":"https:\/\/secure.gravatar.com\/avatar\/3e051956528dbc073554fef8e508c205726bf31f33ed5595a661c767110dadf3?s=96&d=mm&r=g","url":"https:\/\/secure.gravatar.com\/avatar\/3e051956528dbc073554fef8e508c205726bf31f33ed5595a661c767110dadf3?s=96&d=mm&r=g","contentUrl":"https:\/\/secure.gravatar.com\/avatar\/3e051956528dbc073554fef8e508c205726bf31f33ed5595a661c767110dadf3?s=96&d=mm&r=g","caption":"PWPN"},"url":"https:\/\/www.popesprayer.va\/es\/author\/juanignacio\/"}]}},"_links":{"self":[{"href":"https:\/\/www.popesprayer.va\/es\/wp-json\/wp\/v2\/posts\/92850","targetHints":{"allow":["GET"]}}],"collection":[{"href":"https:\/\/www.popesprayer.va\/es\/wp-json\/wp\/v2\/posts"}],"about":[{"href":"https:\/\/www.popesprayer.va\/es\/wp-json\/wp\/v2\/types\/post"}],"author":[{"embeddable":true,"href":"https:\/\/www.popesprayer.va\/es\/wp-json\/wp\/v2\/users\/3"}],"replies":[{"embeddable":true,"href":"https:\/\/www.popesprayer.va\/es\/wp-json\/wp\/v2\/comments?post=92850"}],"version-history":[{"count":9,"href":"https:\/\/www.popesprayer.va\/es\/wp-json\/wp\/v2\/posts\/92850\/revisions"}],"predecessor-version":[{"id":92883,"href":"https:\/\/www.popesprayer.va\/es\/wp-json\/wp\/v2\/posts\/92850\/revisions\/92883"}],"wp:featuredmedia":[{"embeddable":true,"href":"https:\/\/www.popesprayer.va\/es\/wp-json\/wp\/v2\/media\/92847"}],"wp:attachment":[{"href":"https:\/\/www.popesprayer.va\/es\/wp-json\/wp\/v2\/media?parent=92850"}],"wp:term":[{"taxonomy":"category","embeddable":true,"href":"https:\/\/www.popesprayer.va\/es\/wp-json\/wp\/v2\/categories?post=92850"},{"taxonomy":"post_tag","embeddable":true,"href":"https:\/\/www.popesprayer.va\/es\/wp-json\/wp\/v2\/tags?post=92850"}],"curies":[{"name":"wp","href":"https:\/\/api.w.org\/{rel}","templated":true}]}}