{"id":49,"count":49,"description":"","link":"https:\/\/www.popesprayer.va\/fr\/category\/non-categorise\/","name":"Actualit\u00e9s","slug":"non-categorise","taxonomy":"category","parent":0,"meta":[],"acf":[],"yoast_head":"<!-- This site is optimized with the Yoast SEO plugin v27.4 - https:\/\/yoast.com\/product\/yoast-seo-wordpress\/ -->\n<title>Actualit\u00e9s Archives - R\u00e9seau Mondial de Pri\u00e8re du Pape<\/title>\n<meta name=\"robots\" content=\"index, follow, max-snippet:-1, max-image-preview:large, max-video-preview:-1\" \/>\n<link rel=\"canonical\" href=\"https:\/\/www.popesprayer.va\/fr\/category\/non-categorise\/\" \/>\n<meta property=\"og:locale\" content=\"fr_FR\" \/>\n<meta property=\"og:type\" content=\"article\" \/>\n<meta property=\"og:title\" content=\"Actualit\u00e9s Archives - R\u00e9seau Mondial de Pri\u00e8re du Pape\" \/>\n<meta property=\"og:url\" content=\"https:\/\/www.popesprayer.va\/fr\/category\/non-categorise\/\" \/>\n<meta property=\"og:site_name\" content=\"R\u00e9seau Mondial de Pri\u00e8re du Pape\" \/>\n<meta name=\"twitter:card\" content=\"summary_large_image\" \/>\n<script type=\"application\/ld+json\" class=\"yoast-schema-graph\">{\"@context\":\"https:\\\/\\\/schema.org\",\"@graph\":[{\"@type\":\"CollectionPage\",\"@id\":\"https:\\\/\\\/www.popesprayer.va\\\/fr\\\/category\\\/non-categorise\\\/\",\"url\":\"https:\\\/\\\/www.popesprayer.va\\\/fr\\\/category\\\/non-categorise\\\/\",\"name\":\"Actualit\u00e9s Archives - R\u00e9seau Mondial de Pri\u00e8re du Pape\",\"isPartOf\":{\"@id\":\"https:\\\/\\\/www.popesprayer.va\\\/fr\\\/#website\"},\"breadcrumb\":{\"@id\":\"https:\\\/\\\/www.popesprayer.va\\\/fr\\\/category\\\/non-categorise\\\/#breadcrumb\"},\"inLanguage\":\"fr-FR\"},{\"@type\":\"BreadcrumbList\",\"@id\":\"https:\\\/\\\/www.popesprayer.va\\\/fr\\\/category\\\/non-categorise\\\/#breadcrumb\",\"itemListElement\":[{\"@type\":\"ListItem\",\"position\":1,\"name\":\"Accueil\",\"item\":\"https:\\\/\\\/www.popesprayer.va\\\/fr\\\/\"},{\"@type\":\"ListItem\",\"position\":2,\"name\":\"Actualit\u00e9s\"}]},{\"@type\":\"WebSite\",\"@id\":\"https:\\\/\\\/www.popesprayer.va\\\/fr\\\/#website\",\"url\":\"https:\\\/\\\/www.popesprayer.va\\\/fr\\\/\",\"name\":\"Pope's Worldwide Prayer Network\",\"description\":\"Pray together, change the world\",\"publisher\":{\"@id\":\"https:\\\/\\\/www.popesprayer.va\\\/fr\\\/#organization\"},\"potentialAction\":[{\"@type\":\"SearchAction\",\"target\":{\"@type\":\"EntryPoint\",\"urlTemplate\":\"https:\\\/\\\/www.popesprayer.va\\\/fr\\\/?s={search_term_string}\"},\"query-input\":{\"@type\":\"PropertyValueSpecification\",\"valueRequired\":true,\"valueName\":\"search_term_string\"}}],\"inLanguage\":\"fr-FR\"},{\"@type\":\"Organization\",\"@id\":\"https:\\\/\\\/www.popesprayer.va\\\/fr\\\/#organization\",\"name\":\"R\u00e9seau mondial de pri\u00e8re du pape\",\"url\":\"https:\\\/\\\/www.popesprayer.va\\\/fr\\\/\",\"logo\":{\"@type\":\"ImageObject\",\"inLanguage\":\"fr-FR\",\"@id\":\"https:\\\/\\\/www.popesprayer.va\\\/fr\\\/#\\\/schema\\\/logo\\\/image\\\/\",\"url\":\"https:\\\/\\\/www.popesprayer.va\\\/wp-content\\\/uploads\\\/2025\\\/01\\\/Logo-Popes-Worldwide-Prayer-Network-Pontifical-Work-EN-Horizontal.png\",\"contentUrl\":\"https:\\\/\\\/www.popesprayer.va\\\/wp-content\\\/uploads\\\/2025\\\/01\\\/Logo-Popes-Worldwide-Prayer-Network-Pontifical-Work-EN-Horizontal.png\",\"width\":1328,\"height\":228,\"caption\":\"R\u00e9seau mondial de pri\u00e8re du pape\"},\"image\":{\"@id\":\"https:\\\/\\\/www.popesprayer.va\\\/fr\\\/#\\\/schema\\\/logo\\\/image\\\/\"}}]}<\/script>\n<!-- \/ Yoast SEO plugin. -->","yoast_head_json":{"title":"Actualit\u00e9s Archives - R\u00e9seau Mondial de Pri\u00e8re du Pape","robots":{"index":"index","follow":"follow","max-snippet":"max-snippet:-1","max-image-preview":"max-image-preview:large","max-video-preview":"max-video-preview:-1"},"canonical":"https:\/\/www.popesprayer.va\/fr\/category\/non-categorise\/","og_locale":"fr_FR","og_type":"article","og_title":"Actualit\u00e9s Archives - R\u00e9seau Mondial de Pri\u00e8re du Pape","og_url":"https:\/\/www.popesprayer.va\/fr\/category\/non-categorise\/","og_site_name":"R\u00e9seau Mondial de Pri\u00e8re du Pape","twitter_card":"summary_large_image","schema":{"@context":"https:\/\/schema.org","@graph":[{"@type":"CollectionPage","@id":"https:\/\/www.popesprayer.va\/fr\/category\/non-categorise\/","url":"https:\/\/www.popesprayer.va\/fr\/category\/non-categorise\/","name":"Actualit\u00e9s Archives - R\u00e9seau Mondial de Pri\u00e8re du Pape","isPartOf":{"@id":"https:\/\/www.popesprayer.va\/fr\/#website"},"breadcrumb":{"@id":"https:\/\/www.popesprayer.va\/fr\/category\/non-categorise\/#breadcrumb"},"inLanguage":"fr-FR"},{"@type":"BreadcrumbList","@id":"https:\/\/www.popesprayer.va\/fr\/category\/non-categorise\/#breadcrumb","itemListElement":[{"@type":"ListItem","position":1,"name":"Accueil","item":"https:\/\/www.popesprayer.va\/fr\/"},{"@type":"ListItem","position":2,"name":"Actualit\u00e9s"}]},{"@type":"WebSite","@id":"https:\/\/www.popesprayer.va\/fr\/#website","url":"https:\/\/www.popesprayer.va\/fr\/","name":"Pope's Worldwide Prayer Network","description":"Pray together, change the world","publisher":{"@id":"https:\/\/www.popesprayer.va\/fr\/#organization"},"potentialAction":[{"@type":"SearchAction","target":{"@type":"EntryPoint","urlTemplate":"https:\/\/www.popesprayer.va\/fr\/?s={search_term_string}"},"query-input":{"@type":"PropertyValueSpecification","valueRequired":true,"valueName":"search_term_string"}}],"inLanguage":"fr-FR"},{"@type":"Organization","@id":"https:\/\/www.popesprayer.va\/fr\/#organization","name":"R\u00e9seau mondial de pri\u00e8re du pape","url":"https:\/\/www.popesprayer.va\/fr\/","logo":{"@type":"ImageObject","inLanguage":"fr-FR","@id":"https:\/\/www.popesprayer.va\/fr\/#\/schema\/logo\/image\/","url":"https:\/\/www.popesprayer.va\/wp-content\/uploads\/2025\/01\/Logo-Popes-Worldwide-Prayer-Network-Pontifical-Work-EN-Horizontal.png","contentUrl":"https:\/\/www.popesprayer.va\/wp-content\/uploads\/2025\/01\/Logo-Popes-Worldwide-Prayer-Network-Pontifical-Work-EN-Horizontal.png","width":1328,"height":228,"caption":"R\u00e9seau mondial de pri\u00e8re du pape"},"image":{"@id":"https:\/\/www.popesprayer.va\/fr\/#\/schema\/logo\/image\/"}}]}},"_links":{"self":[{"href":"https:\/\/www.popesprayer.va\/fr\/wp-json\/wp\/v2\/categories\/49","targetHints":{"allow":["GET"]}}],"collection":[{"href":"https:\/\/www.popesprayer.va\/fr\/wp-json\/wp\/v2\/categories"}],"about":[{"href":"https:\/\/www.popesprayer.va\/fr\/wp-json\/wp\/v2\/taxonomies\/category"}],"wp:post_type":[{"href":"https:\/\/www.popesprayer.va\/fr\/wp-json\/wp\/v2\/posts?categories=49"}],"curies":[{"name":"wp","href":"https:\/\/api.w.org\/{rel}","templated":true}]}}