{"id":101771,"date":"2026-09-04T15:00:15","date_gmt":"2026-09-04T13:00:15","guid":{"rendered":"https:\/\/www.popesprayer.va\/?p=101771"},"modified":"2026-09-03T21:11:20","modified_gmt":"2026-09-03T19:11:20","slug":"intentions-de-priere-du-pape-pour-2027","status":"publish","type":"post","link":"https:\/\/www.popesprayer.va\/fr\/intentions-de-priere-du-pape-pour-2027\/","title":{"rendered":"Intentions de pri\u00e8re du Pape pour 2027"},"content":{"rendered":"<p><em>Prions avec le Pape, mois apr\u00e8s mois\u2026 et changeons le monde.<\/em><\/p>\n<p>Les intentions de pri\u00e8re du Pape naissent de la compassion pour le monde et expriment les d\u00e9fis de l\u2019humanit\u00e9 et de la mission de l\u2019\u00c9glise. Lorsque le Souverain Pontife nous confie ses intentions de pri\u00e8re, il nous aide \u00e0 nous approcher du C\u0153ur du Christ, \u00e0 contempler le monde avec ses propres yeux: \u00ab Il convient de souligner qu&rsquo;il ne s&rsquo;agit pas seulement, par une confiance totale, de laisser le C\u0153ur du Christ r\u00e9pandre la beaut\u00e9 de son amour dans notre propre c\u0153ur, mais aussi de faire en sorte qu&rsquo;il atteigne les autres et transforme le monde \u00e0 travers notre propre vie \u00bb. (Dilexit Nos,198).<\/p>\n<p>Pour 2027, les intentions de pri\u00e8re confi\u00e9es par le Saint-P\u00e8re \u00e0 son R\u00e9seau Mondial de Pri\u00e8re se pr\u00e9sentent comme un itin\u00e9raire spirituel et pastoral capable de toucher \u00e0 la fois le c\u0153ur de la vie chr\u00e9tienne et les fronti\u00e8res les plus concr\u00e8tes du monde contemporain. Elles font \u00e9cho \u00e0 une conviction simple: lorsque l&rsquo;\u00c9glise prie avec fid\u00e9lit\u00e9, elle apprend \u00e0 regarder avec les yeux du Christ et \u00e0 servir avec un amour plus lucide, plus patient et plus courageux.<\/p>\n<p>Pour en faciliter la diffusion, le R\u00e9seau Mondial de Pri\u00e8re du Pape met \u00e0 disposition une ressource pastorale en format num\u00e9rique. Ce mat\u00e9riel est con\u00e7u pour aider les paroisses, les communaut\u00e9s et tous les fid\u00e8les \u00e0 partager et \u00e0 distribuer les intentions de pri\u00e8re du Saint-P\u00e8re.<\/p>\n<p><iframe title=\"Intentions de pri\u00e8re du Pape pour 2027\" src=\"https:\/\/e.issuu.com\/embed.html?u=popesprayernet&#038;d=intentions_de_pri_re_du_pape_pour_2027\" style=\"border:none; width: 1080px; height: 828px;\" allow=\"clipboard-write,allow-top-navigation,allow-top-navigation-by-user-activation,allow-downloads,allow-scripts,allow-same-origin,allow-popups,allow-modals,allow-popups-to-escape-sandbox,allow-forms\"  allowfullscreen=\"true\"><\/iframe><\/p>\n<p>&nbsp;<\/p>\n","protected":false},"excerpt":{"rendered":"<p>Prions avec le Pape, mois apr\u00e8s mois\u2026 et changeons le monde. Les intentions de pri\u00e8re du Pape naissent de la compassion pour le monde et expriment les d\u00e9fis de l\u2019humanit\u00e9 et de la mission de l\u2019\u00c9glise. Lorsque le Souverain Pontife nous confie ses intentions de pri\u00e8re, il nous aide \u00e0 nous approcher du C\u0153ur du [&hellip;]<\/p>\n","protected":false},"author":2,"featured_media":101772,"comment_status":"closed","ping_status":"closed","sticky":false,"template":"","format":"standard","meta":{"_acf_changed":false,"footnotes":""},"categories":[49],"tags":[],"class_list":["post-101771","post","type-post","status-publish","format-standard","has-post-thumbnail","hentry","category-non-categorise"],"acf":[],"yoast_head":"<!-- This site is optimized with the Yoast SEO plugin v28.4 - https:\/\/yoast.com\/product\/yoast-seo-wordpress\/ -->\n<title>Intentions de pri\u00e8re du Pape pour 2027 - R\u00e9seau Mondial de Pri\u00e8re du Pape<\/title>\n<meta name=\"robots\" content=\"index, follow, max-snippet:-1, max-image-preview:large, max-video-preview:-1\" \/>\n<link rel=\"canonical\" href=\"https:\/\/www.popesprayer.va\/fr\/intentions-de-priere-du-pape-pour-2027\/\" \/>\n<meta property=\"og:locale\" content=\"fr_FR\" \/>\n<meta property=\"og:type\" content=\"article\" \/>\n<meta property=\"og:title\" content=\"Intentions de pri\u00e8re du Pape pour 2027 - R\u00e9seau Mondial de Pri\u00e8re du Pape\" \/>\n<meta property=\"og:description\" content=\"Prions avec le Pape, mois apr\u00e8s mois\u2026 et changeons le monde. Les intentions de pri\u00e8re du Pape naissent de la compassion pour le monde et expriment les d\u00e9fis de l\u2019humanit\u00e9 et de la mission de l\u2019\u00c9glise. Lorsque le Souverain Pontife nous confie ses intentions de pri\u00e8re, il nous aide \u00e0 nous approcher du C\u0153ur du [&hellip;]\" \/>\n<meta property=\"og:url\" content=\"https:\/\/www.popesprayer.va\/fr\/intentions-de-priere-du-pape-pour-2027\/\" \/>\n<meta property=\"og:site_name\" content=\"R\u00e9seau Mondial de Pri\u00e8re du Pape\" \/>\n<meta property=\"article:published_time\" content=\"2026-09-04T13:00:15+00:00\" \/>\n<meta property=\"og:image\" content=\"https:\/\/www.popesprayer.va\/wp-content\/uploads\/2026\/09\/intentions-2027.png\" \/>\n\t<meta property=\"og:image:width\" content=\"1920\" \/>\n\t<meta property=\"og:image:height\" content=\"1080\" \/>\n\t<meta property=\"og:image:type\" content=\"image\/png\" \/>\n<meta name=\"author\" content=\"PWPN\" \/>\n<meta name=\"twitter:card\" content=\"summary_large_image\" \/>\n<meta name=\"twitter:label1\" content=\"\u00c9crit par\" \/>\n\t<meta name=\"twitter:data1\" content=\"PWPN\" \/>\n\t<meta name=\"twitter:label2\" content=\"Dur\u00e9e de lecture estim\u00e9e\" \/>\n\t<meta name=\"twitter:data2\" content=\"2 minutes\" \/>\n<script type=\"application\/ld+json\" class=\"yoast-schema-graph\">{\"@context\":\"https:\\\/\\\/schema.org\",\"@graph\":[{\"@type\":\"Article\",\"@id\":\"https:\\\/\\\/www.popesprayer.va\\\/fr\\\/intentions-de-priere-du-pape-pour-2027\\\/#article\",\"isPartOf\":{\"@id\":\"https:\\\/\\\/www.popesprayer.va\\\/fr\\\/intentions-de-priere-du-pape-pour-2027\\\/\"},\"author\":{\"name\":\"PWPN\",\"@id\":\"https:\\\/\\\/www.popesprayer.va\\\/fr\\\/#\\\/schema\\\/person\\\/47382b3f75a9576a16176c16cdf4bf8f\"},\"headline\":\"Intentions de pri\u00e8re du Pape pour 2027\",\"datePublished\":\"2026-09-04T13:00:15+00:00\",\"mainEntityOfPage\":{\"@id\":\"https:\\\/\\\/www.popesprayer.va\\\/fr\\\/intentions-de-priere-du-pape-pour-2027\\\/\"},\"wordCount\":282,\"publisher\":{\"@id\":\"https:\\\/\\\/www.popesprayer.va\\\/fr\\\/#organization\"},\"image\":{\"@id\":\"https:\\\/\\\/www.popesprayer.va\\\/fr\\\/intentions-de-priere-du-pape-pour-2027\\\/#primaryimage\"},\"thumbnailUrl\":\"https:\\\/\\\/www.popesprayer.va\\\/wp-content\\\/uploads\\\/2026\\\/09\\\/intentions-2027.png\",\"articleSection\":[\"Actualit\u00e9s\"],\"inLanguage\":\"fr-FR\"},{\"@type\":\"WebPage\",\"@id\":\"https:\\\/\\\/www.popesprayer.va\\\/fr\\\/intentions-de-priere-du-pape-pour-2027\\\/\",\"url\":\"https:\\\/\\\/www.popesprayer.va\\\/fr\\\/intentions-de-priere-du-pape-pour-2027\\\/\",\"name\":\"Intentions de pri\u00e8re du Pape pour 2027 - R\u00e9seau Mondial de Pri\u00e8re du Pape\",\"isPartOf\":{\"@id\":\"https:\\\/\\\/www.popesprayer.va\\\/fr\\\/#website\"},\"primaryImageOfPage\":{\"@id\":\"https:\\\/\\\/www.popesprayer.va\\\/fr\\\/intentions-de-priere-du-pape-pour-2027\\\/#primaryimage\"},\"image\":{\"@id\":\"https:\\\/\\\/www.popesprayer.va\\\/fr\\\/intentions-de-priere-du-pape-pour-2027\\\/#primaryimage\"},\"thumbnailUrl\":\"https:\\\/\\\/www.popesprayer.va\\\/wp-content\\\/uploads\\\/2026\\\/09\\\/intentions-2027.png\",\"datePublished\":\"2026-09-04T13:00:15+00:00\",\"breadcrumb\":{\"@id\":\"https:\\\/\\\/www.popesprayer.va\\\/fr\\\/intentions-de-priere-du-pape-pour-2027\\\/#breadcrumb\"},\"inLanguage\":\"fr-FR\",\"potentialAction\":[{\"@type\":\"ReadAction\",\"target\":[\"https:\\\/\\\/www.popesprayer.va\\\/fr\\\/intentions-de-priere-du-pape-pour-2027\\\/\"]}]},{\"@type\":\"ImageObject\",\"inLanguage\":\"fr-FR\",\"@id\":\"https:\\\/\\\/www.popesprayer.va\\\/fr\\\/intentions-de-priere-du-pape-pour-2027\\\/#primaryimage\",\"url\":\"https:\\\/\\\/www.popesprayer.va\\\/wp-content\\\/uploads\\\/2026\\\/09\\\/intentions-2027.png\",\"contentUrl\":\"https:\\\/\\\/www.popesprayer.va\\\/wp-content\\\/uploads\\\/2026\\\/09\\\/intentions-2027.png\",\"width\":1920,\"height\":1080},{\"@type\":\"BreadcrumbList\",\"@id\":\"https:\\\/\\\/www.popesprayer.va\\\/fr\\\/intentions-de-priere-du-pape-pour-2027\\\/#breadcrumb\",\"itemListElement\":[{\"@type\":\"ListItem\",\"position\":1,\"name\":\"Accueil\",\"item\":\"https:\\\/\\\/www.popesprayer.va\\\/fr\\\/\"},{\"@type\":\"ListItem\",\"position\":2,\"name\":\"Intentions de pri\u00e8re du Pape pour 2027\"}]},{\"@type\":\"WebSite\",\"@id\":\"https:\\\/\\\/www.popesprayer.va\\\/fr\\\/#website\",\"url\":\"https:\\\/\\\/www.popesprayer.va\\\/fr\\\/\",\"name\":\"Pope's Worldwide Prayer Network\",\"description\":\"Pray together, change the world\",\"publisher\":{\"@id\":\"https:\\\/\\\/www.popesprayer.va\\\/fr\\\/#organization\"},\"potentialAction\":[{\"@type\":\"SearchAction\",\"target\":{\"@type\":\"EntryPoint\",\"urlTemplate\":\"https:\\\/\\\/www.popesprayer.va\\\/fr\\\/?s={search_term_string}\"},\"query-input\":{\"@type\":\"PropertyValueSpecification\",\"valueRequired\":true,\"valueName\":\"search_term_string\"}}],\"inLanguage\":\"fr-FR\"},{\"@type\":\"Organization\",\"@id\":\"https:\\\/\\\/www.popesprayer.va\\\/fr\\\/#organization\",\"name\":\"R\u00e9seau mondial de pri\u00e8re du pape\",\"url\":\"https:\\\/\\\/www.popesprayer.va\\\/fr\\\/\",\"logo\":{\"@type\":\"ImageObject\",\"inLanguage\":\"fr-FR\",\"@id\":\"https:\\\/\\\/www.popesprayer.va\\\/fr\\\/#\\\/schema\\\/logo\\\/image\\\/\",\"url\":\"https:\\\/\\\/www.popesprayer.va\\\/wp-content\\\/uploads\\\/2025\\\/01\\\/Logo-Popes-Worldwide-Prayer-Network-Pontifical-Work-EN-Horizontal.png\",\"contentUrl\":\"https:\\\/\\\/www.popesprayer.va\\\/wp-content\\\/uploads\\\/2025\\\/01\\\/Logo-Popes-Worldwide-Prayer-Network-Pontifical-Work-EN-Horizontal.png\",\"width\":1328,\"height\":228,\"caption\":\"R\u00e9seau mondial de pri\u00e8re du pape\"},\"image\":{\"@id\":\"https:\\\/\\\/www.popesprayer.va\\\/fr\\\/#\\\/schema\\\/logo\\\/image\\\/\"}},{\"@type\":\"Person\",\"@id\":\"https:\\\/\\\/www.popesprayer.va\\\/fr\\\/#\\\/schema\\\/person\\\/47382b3f75a9576a16176c16cdf4bf8f\",\"name\":\"PWPN\",\"image\":{\"@type\":\"ImageObject\",\"inLanguage\":\"fr-FR\",\"@id\":\"https:\\\/\\\/secure.gravatar.com\\\/avatar\\\/50d3b85093cf9363f4d6f737092e1c5ca7f754ab317b568587d4982cd49efd99?s=96&d=mm&r=g\",\"url\":\"https:\\\/\\\/secure.gravatar.com\\\/avatar\\\/50d3b85093cf9363f4d6f737092e1c5ca7f754ab317b568587d4982cd49efd99?s=96&d=mm&r=g\",\"contentUrl\":\"https:\\\/\\\/secure.gravatar.com\\\/avatar\\\/50d3b85093cf9363f4d6f737092e1c5ca7f754ab317b568587d4982cd49efd99?s=96&d=mm&r=g\",\"caption\":\"PWPN\"},\"url\":\"https:\\\/\\\/www.popesprayer.va\\\/fr\\\/author\\\/eloy\\\/\"}]}<\/script>\n<!-- \/ Yoast SEO plugin. -->","yoast_head_json":{"title":"Intentions de pri\u00e8re du Pape pour 2027 - R\u00e9seau Mondial de Pri\u00e8re du Pape","robots":{"index":"index","follow":"follow","max-snippet":"max-snippet:-1","max-image-preview":"max-image-preview:large","max-video-preview":"max-video-preview:-1"},"canonical":"https:\/\/www.popesprayer.va\/fr\/intentions-de-priere-du-pape-pour-2027\/","og_locale":"fr_FR","og_type":"article","og_title":"Intentions de pri\u00e8re du Pape pour 2027 - R\u00e9seau Mondial de Pri\u00e8re du Pape","og_description":"Prions avec le Pape, mois apr\u00e8s mois\u2026 et changeons le monde. Les intentions de pri\u00e8re du Pape naissent de la compassion pour le monde et expriment les d\u00e9fis de l\u2019humanit\u00e9 et de la mission de l\u2019\u00c9glise. Lorsque le Souverain Pontife nous confie ses intentions de pri\u00e8re, il nous aide \u00e0 nous approcher du C\u0153ur du [&hellip;]","og_url":"https:\/\/www.popesprayer.va\/fr\/intentions-de-priere-du-pape-pour-2027\/","og_site_name":"R\u00e9seau Mondial de Pri\u00e8re du Pape","article_published_time":"2026-09-04T13:00:15+00:00","og_image":[{"width":1920,"height":1080,"url":"https:\/\/www.popesprayer.va\/wp-content\/uploads\/2026\/09\/intentions-2027.png","type":"image\/png"}],"author":"PWPN","twitter_card":"summary_large_image","twitter_misc":{"\u00c9crit par":"PWPN","Dur\u00e9e de lecture estim\u00e9e":"2 minutes"},"schema":{"@context":"https:\/\/schema.org","@graph":[{"@type":"Article","@id":"https:\/\/www.popesprayer.va\/fr\/intentions-de-priere-du-pape-pour-2027\/#article","isPartOf":{"@id":"https:\/\/www.popesprayer.va\/fr\/intentions-de-priere-du-pape-pour-2027\/"},"author":{"name":"PWPN","@id":"https:\/\/www.popesprayer.va\/fr\/#\/schema\/person\/47382b3f75a9576a16176c16cdf4bf8f"},"headline":"Intentions de pri\u00e8re du Pape pour 2027","datePublished":"2026-09-04T13:00:15+00:00","mainEntityOfPage":{"@id":"https:\/\/www.popesprayer.va\/fr\/intentions-de-priere-du-pape-pour-2027\/"},"wordCount":282,"publisher":{"@id":"https:\/\/www.popesprayer.va\/fr\/#organization"},"image":{"@id":"https:\/\/www.popesprayer.va\/fr\/intentions-de-priere-du-pape-pour-2027\/#primaryimage"},"thumbnailUrl":"https:\/\/www.popesprayer.va\/wp-content\/uploads\/2026\/09\/intentions-2027.png","articleSection":["Actualit\u00e9s"],"inLanguage":"fr-FR"},{"@type":"WebPage","@id":"https:\/\/www.popesprayer.va\/fr\/intentions-de-priere-du-pape-pour-2027\/","url":"https:\/\/www.popesprayer.va\/fr\/intentions-de-priere-du-pape-pour-2027\/","name":"Intentions de pri\u00e8re du Pape pour 2027 - R\u00e9seau Mondial de Pri\u00e8re du Pape","isPartOf":{"@id":"https:\/\/www.popesprayer.va\/fr\/#website"},"primaryImageOfPage":{"@id":"https:\/\/www.popesprayer.va\/fr\/intentions-de-priere-du-pape-pour-2027\/#primaryimage"},"image":{"@id":"https:\/\/www.popesprayer.va\/fr\/intentions-de-priere-du-pape-pour-2027\/#primaryimage"},"thumbnailUrl":"https:\/\/www.popesprayer.va\/wp-content\/uploads\/2026\/09\/intentions-2027.png","datePublished":"2026-09-04T13:00:15+00:00","breadcrumb":{"@id":"https:\/\/www.popesprayer.va\/fr\/intentions-de-priere-du-pape-pour-2027\/#breadcrumb"},"inLanguage":"fr-FR","potentialAction":[{"@type":"ReadAction","target":["https:\/\/www.popesprayer.va\/fr\/intentions-de-priere-du-pape-pour-2027\/"]}]},{"@type":"ImageObject","inLanguage":"fr-FR","@id":"https:\/\/www.popesprayer.va\/fr\/intentions-de-priere-du-pape-pour-2027\/#primaryimage","url":"https:\/\/www.popesprayer.va\/wp-content\/uploads\/2026\/09\/intentions-2027.png","contentUrl":"https:\/\/www.popesprayer.va\/wp-content\/uploads\/2026\/09\/intentions-2027.png","width":1920,"height":1080},{"@type":"BreadcrumbList","@id":"https:\/\/www.popesprayer.va\/fr\/intentions-de-priere-du-pape-pour-2027\/#breadcrumb","itemListElement":[{"@type":"ListItem","position":1,"name":"Accueil","item":"https:\/\/www.popesprayer.va\/fr\/"},{"@type":"ListItem","position":2,"name":"Intentions de pri\u00e8re du Pape pour 2027"}]},{"@type":"WebSite","@id":"https:\/\/www.popesprayer.va\/fr\/#website","url":"https:\/\/www.popesprayer.va\/fr\/","name":"Pope's Worldwide Prayer Network","description":"Pray together, change the world","publisher":{"@id":"https:\/\/www.popesprayer.va\/fr\/#organization"},"potentialAction":[{"@type":"SearchAction","target":{"@type":"EntryPoint","urlTemplate":"https:\/\/www.popesprayer.va\/fr\/?s={search_term_string}"},"query-input":{"@type":"PropertyValueSpecification","valueRequired":true,"valueName":"search_term_string"}}],"inLanguage":"fr-FR"},{"@type":"Organization","@id":"https:\/\/www.popesprayer.va\/fr\/#organization","name":"R\u00e9seau mondial de pri\u00e8re du pape","url":"https:\/\/www.popesprayer.va\/fr\/","logo":{"@type":"ImageObject","inLanguage":"fr-FR","@id":"https:\/\/www.popesprayer.va\/fr\/#\/schema\/logo\/image\/","url":"https:\/\/www.popesprayer.va\/wp-content\/uploads\/2025\/01\/Logo-Popes-Worldwide-Prayer-Network-Pontifical-Work-EN-Horizontal.png","contentUrl":"https:\/\/www.popesprayer.va\/wp-content\/uploads\/2025\/01\/Logo-Popes-Worldwide-Prayer-Network-Pontifical-Work-EN-Horizontal.png","width":1328,"height":228,"caption":"R\u00e9seau mondial de pri\u00e8re du pape"},"image":{"@id":"https:\/\/www.popesprayer.va\/fr\/#\/schema\/logo\/image\/"}},{"@type":"Person","@id":"https:\/\/www.popesprayer.va\/fr\/#\/schema\/person\/47382b3f75a9576a16176c16cdf4bf8f","name":"PWPN","image":{"@type":"ImageObject","inLanguage":"fr-FR","@id":"https:\/\/secure.gravatar.com\/avatar\/50d3b85093cf9363f4d6f737092e1c5ca7f754ab317b568587d4982cd49efd99?s=96&d=mm&r=g","url":"https:\/\/secure.gravatar.com\/avatar\/50d3b85093cf9363f4d6f737092e1c5ca7f754ab317b568587d4982cd49efd99?s=96&d=mm&r=g","contentUrl":"https:\/\/secure.gravatar.com\/avatar\/50d3b85093cf9363f4d6f737092e1c5ca7f754ab317b568587d4982cd49efd99?s=96&d=mm&r=g","caption":"PWPN"},"url":"https:\/\/www.popesprayer.va\/fr\/author\/eloy\/"}]}},"_links":{"self":[{"href":"https:\/\/www.popesprayer.va\/fr\/wp-json\/wp\/v2\/posts\/101771","targetHints":{"allow":["GET"]}}],"collection":[{"href":"https:\/\/www.popesprayer.va\/fr\/wp-json\/wp\/v2\/posts"}],"about":[{"href":"https:\/\/www.popesprayer.va\/fr\/wp-json\/wp\/v2\/types\/post"}],"author":[{"embeddable":true,"href":"https:\/\/www.popesprayer.va\/fr\/wp-json\/wp\/v2\/users\/2"}],"replies":[{"embeddable":true,"href":"https:\/\/www.popesprayer.va\/fr\/wp-json\/wp\/v2\/comments?post=101771"}],"version-history":[{"count":2,"href":"https:\/\/www.popesprayer.va\/fr\/wp-json\/wp\/v2\/posts\/101771\/revisions"}],"predecessor-version":[{"id":101779,"href":"https:\/\/www.popesprayer.va\/fr\/wp-json\/wp\/v2\/posts\/101771\/revisions\/101779"}],"wp:featuredmedia":[{"embeddable":true,"href":"https:\/\/www.popesprayer.va\/fr\/wp-json\/wp\/v2\/media\/101772"}],"wp:attachment":[{"href":"https:\/\/www.popesprayer.va\/fr\/wp-json\/wp\/v2\/media?parent=101771"}],"wp:term":[{"taxonomy":"category","embeddable":true,"href":"https:\/\/www.popesprayer.va\/fr\/wp-json\/wp\/v2\/categories?post=101771"},{"taxonomy":"post_tag","embeddable":true,"href":"https:\/\/www.popesprayer.va\/fr\/wp-json\/wp\/v2\/tags?post=101771"}],"curies":[{"name":"wp","href":"https:\/\/api.w.org\/{rel}","templated":true}]}}