{"id":84984,"date":"2025-03-14T14:17:50","date_gmt":"2025-03-14T13:17:50","guid":{"rendered":"https:\/\/www.popesprayer.va\/intentions-de-priere-du-saint-pere-pour-2026\/"},"modified":"2025-03-14T14:17:50","modified_gmt":"2025-03-14T13:17:50","slug":"intentions-de-priere-du-saint-pere-pour-2026","status":"publish","type":"post","link":"https:\/\/www.popesprayer.va\/fr\/intentions-de-priere-du-saint-pere-pour-2026\/","title":{"rendered":"Intentions de pri\u00e8re du Saint-P\u00e8re pour 2026"},"content":{"rendered":"<p>Chaque mois, le pape Fran\u00e7ois confie \u00e0 son r\u00e9seau mondial de pri\u00e8re des intentions de pri\u00e8re qui expriment ses grandes pr\u00e9occupations pour l&rsquo;humanit\u00e9 et pour la mission de l&rsquo;\u00c9glise. L&rsquo;intention de pri\u00e8re mensuelle est un appel mondial \u00e0 transformer nos pri\u00e8res en \"actions concr\u00e8tes\" ; c&rsquo;est une boussole pour une mission de compassion pour le monde. <\/p>\n<p><a href=\"https:\/\/www.popesprayer.va\/the-challenges-facing-humanity-and-assists-the-mission-of-the-church\/#INTENTIONS\"><br \/>\n  <strong>T\u00e9l\u00e9chargez ici les intentions de pri\u00e8re pour 2026<\/strong><br \/>\n<\/a><strong>disponibles en 16 langues.<\/strong><\/p>\n<p>Ces intentions de pri\u00e8re sont le fruit d&rsquo;un long processus de discernement au sein de l&rsquo;Eglise, dans diff\u00e9rents pays du monde, et de propositions \u00e9manant de diff\u00e9rents dicast\u00e8res, congr\u00e9gations et services du Saint-Si\u00e8ge. Au terme de ce processus, apr\u00e8s plusieurs mois, le Pape, apr\u00e8s avoir re\u00e7u les propositions, prend le temps de la pri\u00e8re et du discernement face aux d\u00e9fis de l&rsquo;humanit\u00e9 et \u00e0 la mission de l&rsquo;Eglise. Il confie alors ses douze intentions de pri\u00e8re \u00e0 tous les fid\u00e8les. Ce sont des orientations pour notre vie et notre mission.   <\/p>\n<p><iframe loading=\"lazy\" title=\"The Pope\u2019s Prayer Intentions - Pope&#039;s Worldwide Prayer Network\" width=\"1080\" height=\"608\" src=\"https:\/\/www.youtube.com\/embed\/kJL3WaMg9Tc?feature=oembed\"  allow=\"accelerometer; autoplay; clipboard-write; encrypted-media; gyroscope; picture-in-picture; web-share\" referrerpolicy=\"strict-origin-when-cross-origin\" allowfullscreen><\/iframe><\/p>\n<p>&nbsp;<\/p>\n","protected":false},"excerpt":{"rendered":"<p>Chaque mois, le pape Fran\u00e7ois confie \u00e0 son r\u00e9seau mondial de pri\u00e8re des intentions de pri\u00e8re qui expriment ses grandes pr\u00e9occupations pour l&rsquo;humanit\u00e9 et la mission de l&rsquo;\u00c9glise.<\/p>\n","protected":false},"author":1,"featured_media":84985,"comment_status":"closed","ping_status":"closed","sticky":false,"template":"","format":"standard","meta":{"_acf_changed":false,"_et_pb_use_builder":"","_et_pb_old_content":"","_et_gb_content_width":"","footnotes":""},"categories":[49],"tags":[],"class_list":["post-84984","post","type-post","status-publish","format-standard","has-post-thumbnail","hentry","category-non-categorise"],"acf":[],"yoast_head":"<!-- This site is optimized with the Yoast SEO plugin v27.4 - https:\/\/yoast.com\/product\/yoast-seo-wordpress\/ -->\n<title>Intentions de pri\u00e8re du Saint-P\u00e8re pour 2026 - R\u00e9seau Mondial de Pri\u00e8re du Pape<\/title>\n<meta name=\"description\" content=\"Chaque mois, le pape Fran\u00e7ois confie \u00e0 son r\u00e9seau mondial de pri\u00e8re des intentions de pri\u00e8re qui expriment ses grandes pr\u00e9occupations.\" \/>\n<meta name=\"robots\" content=\"index, follow, max-snippet:-1, max-image-preview:large, max-video-preview:-1\" \/>\n<link rel=\"canonical\" href=\"https:\/\/www.popesprayer.va\/fr\/intentions-de-priere-du-saint-pere-pour-2026\/\" \/>\n<meta property=\"og:locale\" content=\"fr_FR\" \/>\n<meta property=\"og:type\" content=\"article\" \/>\n<meta property=\"og:title\" content=\"Intentions de pri\u00e8re du Saint-P\u00e8re pour 2026 - R\u00e9seau Mondial de Pri\u00e8re du Pape\" \/>\n<meta property=\"og:description\" content=\"Chaque mois, le pape Fran\u00e7ois confie \u00e0 son r\u00e9seau mondial de pri\u00e8re des intentions de pri\u00e8re qui expriment ses grandes pr\u00e9occupations.\" \/>\n<meta property=\"og:url\" content=\"https:\/\/www.popesprayer.va\/fr\/intentions-de-priere-du-saint-pere-pour-2026\/\" \/>\n<meta property=\"og:site_name\" content=\"R\u00e9seau Mondial de Pri\u00e8re du Pape\" \/>\n<meta property=\"article:published_time\" content=\"2025-03-14T13:17:50+00:00\" \/>\n<meta property=\"og:image\" content=\"https:\/\/www.popesprayer.va\/wp-content\/uploads\/2025\/03\/ENG-INTENZIONI-DI-PREGHIERA-DEL-PAPA-2026.jpg\" \/>\n\t<meta property=\"og:image:width\" content=\"1215\" \/>\n\t<meta property=\"og:image:height\" content=\"1215\" \/>\n\t<meta property=\"og:image:type\" content=\"image\/jpeg\" \/>\n<meta name=\"author\" content=\"rmop\" \/>\n<meta name=\"twitter:card\" content=\"summary_large_image\" \/>\n<meta name=\"twitter:label1\" content=\"\u00c9crit par\" \/>\n\t<meta name=\"twitter:data1\" content=\"rmop\" \/>\n\t<meta name=\"twitter:label2\" content=\"Dur\u00e9e de lecture estim\u00e9e\" \/>\n\t<meta name=\"twitter:data2\" content=\"1 minute\" \/>\n<script type=\"application\/ld+json\" class=\"yoast-schema-graph\">{\"@context\":\"https:\\\/\\\/schema.org\",\"@graph\":[{\"@type\":\"Article\",\"@id\":\"https:\\\/\\\/www.popesprayer.va\\\/fr\\\/intentions-de-priere-du-saint-pere-pour-2026\\\/#article\",\"isPartOf\":{\"@id\":\"https:\\\/\\\/www.popesprayer.va\\\/fr\\\/intentions-de-priere-du-saint-pere-pour-2026\\\/\"},\"author\":{\"name\":\"rmop\",\"@id\":\"https:\\\/\\\/www.popesprayer.va\\\/fr\\\/#\\\/schema\\\/person\\\/5dda5b6d835f45e5ddeab983890030e5\"},\"headline\":\"Intentions de pri\u00e8re du Saint-P\u00e8re pour 2026\",\"datePublished\":\"2025-03-14T13:17:50+00:00\",\"mainEntityOfPage\":{\"@id\":\"https:\\\/\\\/www.popesprayer.va\\\/fr\\\/intentions-de-priere-du-saint-pere-pour-2026\\\/\"},\"wordCount\":202,\"publisher\":{\"@id\":\"https:\\\/\\\/www.popesprayer.va\\\/fr\\\/#organization\"},\"image\":{\"@id\":\"https:\\\/\\\/www.popesprayer.va\\\/fr\\\/intentions-de-priere-du-saint-pere-pour-2026\\\/#primaryimage\"},\"thumbnailUrl\":\"https:\\\/\\\/www.popesprayer.va\\\/wp-content\\\/uploads\\\/2025\\\/03\\\/ENG-INTENZIONI-DI-PREGHIERA-DEL-PAPA-2026.jpg\",\"articleSection\":[\"Actualit\u00e9s\"],\"inLanguage\":\"fr-FR\"},{\"@type\":\"WebPage\",\"@id\":\"https:\\\/\\\/www.popesprayer.va\\\/fr\\\/intentions-de-priere-du-saint-pere-pour-2026\\\/\",\"url\":\"https:\\\/\\\/www.popesprayer.va\\\/fr\\\/intentions-de-priere-du-saint-pere-pour-2026\\\/\",\"name\":\"Intentions de pri\u00e8re du Saint-P\u00e8re pour 2026 - R\u00e9seau Mondial de Pri\u00e8re du Pape\",\"isPartOf\":{\"@id\":\"https:\\\/\\\/www.popesprayer.va\\\/fr\\\/#website\"},\"primaryImageOfPage\":{\"@id\":\"https:\\\/\\\/www.popesprayer.va\\\/fr\\\/intentions-de-priere-du-saint-pere-pour-2026\\\/#primaryimage\"},\"image\":{\"@id\":\"https:\\\/\\\/www.popesprayer.va\\\/fr\\\/intentions-de-priere-du-saint-pere-pour-2026\\\/#primaryimage\"},\"thumbnailUrl\":\"https:\\\/\\\/www.popesprayer.va\\\/wp-content\\\/uploads\\\/2025\\\/03\\\/ENG-INTENZIONI-DI-PREGHIERA-DEL-PAPA-2026.jpg\",\"datePublished\":\"2025-03-14T13:17:50+00:00\",\"description\":\"Chaque mois, le pape Fran\u00e7ois confie \u00e0 son r\u00e9seau mondial de pri\u00e8re des intentions de pri\u00e8re qui expriment ses grandes pr\u00e9occupations.\",\"breadcrumb\":{\"@id\":\"https:\\\/\\\/www.popesprayer.va\\\/fr\\\/intentions-de-priere-du-saint-pere-pour-2026\\\/#breadcrumb\"},\"inLanguage\":\"fr-FR\",\"potentialAction\":[{\"@type\":\"ReadAction\",\"target\":[\"https:\\\/\\\/www.popesprayer.va\\\/fr\\\/intentions-de-priere-du-saint-pere-pour-2026\\\/\"]}]},{\"@type\":\"ImageObject\",\"inLanguage\":\"fr-FR\",\"@id\":\"https:\\\/\\\/www.popesprayer.va\\\/fr\\\/intentions-de-priere-du-saint-pere-pour-2026\\\/#primaryimage\",\"url\":\"https:\\\/\\\/www.popesprayer.va\\\/wp-content\\\/uploads\\\/2025\\\/03\\\/ENG-INTENZIONI-DI-PREGHIERA-DEL-PAPA-2026.jpg\",\"contentUrl\":\"https:\\\/\\\/www.popesprayer.va\\\/wp-content\\\/uploads\\\/2025\\\/03\\\/ENG-INTENZIONI-DI-PREGHIERA-DEL-PAPA-2026.jpg\",\"width\":1215,\"height\":1215},{\"@type\":\"BreadcrumbList\",\"@id\":\"https:\\\/\\\/www.popesprayer.va\\\/fr\\\/intentions-de-priere-du-saint-pere-pour-2026\\\/#breadcrumb\",\"itemListElement\":[{\"@type\":\"ListItem\",\"position\":1,\"name\":\"Accueil\",\"item\":\"https:\\\/\\\/www.popesprayer.va\\\/fr\\\/\"},{\"@type\":\"ListItem\",\"position\":2,\"name\":\"Intentions de pri\u00e8re du Saint-P\u00e8re pour 2026\"}]},{\"@type\":\"WebSite\",\"@id\":\"https:\\\/\\\/www.popesprayer.va\\\/fr\\\/#website\",\"url\":\"https:\\\/\\\/www.popesprayer.va\\\/fr\\\/\",\"name\":\"Pope's Worldwide Prayer Network\",\"description\":\"Pray together, change the world\",\"publisher\":{\"@id\":\"https:\\\/\\\/www.popesprayer.va\\\/fr\\\/#organization\"},\"potentialAction\":[{\"@type\":\"SearchAction\",\"target\":{\"@type\":\"EntryPoint\",\"urlTemplate\":\"https:\\\/\\\/www.popesprayer.va\\\/fr\\\/?s={search_term_string}\"},\"query-input\":{\"@type\":\"PropertyValueSpecification\",\"valueRequired\":true,\"valueName\":\"search_term_string\"}}],\"inLanguage\":\"fr-FR\"},{\"@type\":\"Organization\",\"@id\":\"https:\\\/\\\/www.popesprayer.va\\\/fr\\\/#organization\",\"name\":\"R\u00e9seau mondial de pri\u00e8re du pape\",\"url\":\"https:\\\/\\\/www.popesprayer.va\\\/fr\\\/\",\"logo\":{\"@type\":\"ImageObject\",\"inLanguage\":\"fr-FR\",\"@id\":\"https:\\\/\\\/www.popesprayer.va\\\/fr\\\/#\\\/schema\\\/logo\\\/image\\\/\",\"url\":\"https:\\\/\\\/www.popesprayer.va\\\/wp-content\\\/uploads\\\/2025\\\/01\\\/Logo-Popes-Worldwide-Prayer-Network-Pontifical-Work-EN-Horizontal.png\",\"contentUrl\":\"https:\\\/\\\/www.popesprayer.va\\\/wp-content\\\/uploads\\\/2025\\\/01\\\/Logo-Popes-Worldwide-Prayer-Network-Pontifical-Work-EN-Horizontal.png\",\"width\":1328,\"height\":228,\"caption\":\"R\u00e9seau mondial de pri\u00e8re du pape\"},\"image\":{\"@id\":\"https:\\\/\\\/www.popesprayer.va\\\/fr\\\/#\\\/schema\\\/logo\\\/image\\\/\"}},{\"@type\":\"Person\",\"@id\":\"https:\\\/\\\/www.popesprayer.va\\\/fr\\\/#\\\/schema\\\/person\\\/5dda5b6d835f45e5ddeab983890030e5\",\"name\":\"rmop\",\"image\":{\"@type\":\"ImageObject\",\"inLanguage\":\"fr-FR\",\"@id\":\"https:\\\/\\\/secure.gravatar.com\\\/avatar\\\/948b492cce32b586ac2db0eaa926ee87024f7afe218d73b397ea5ddfc5f43ea1?s=96&d=mm&r=g\",\"url\":\"https:\\\/\\\/secure.gravatar.com\\\/avatar\\\/948b492cce32b586ac2db0eaa926ee87024f7afe218d73b397ea5ddfc5f43ea1?s=96&d=mm&r=g\",\"contentUrl\":\"https:\\\/\\\/secure.gravatar.com\\\/avatar\\\/948b492cce32b586ac2db0eaa926ee87024f7afe218d73b397ea5ddfc5f43ea1?s=96&d=mm&r=g\",\"caption\":\"rmop\"},\"sameAs\":[\"https:\\\/\\\/www.popesprayer.va\"],\"url\":\"https:\\\/\\\/www.popesprayer.va\\\/fr\\\/author\\\/rmop\\\/\"}]}<\/script>\n<!-- \/ Yoast SEO plugin. -->","yoast_head_json":{"title":"Intentions de pri\u00e8re du Saint-P\u00e8re pour 2026 - R\u00e9seau Mondial de Pri\u00e8re du Pape","description":"Chaque mois, le pape Fran\u00e7ois confie \u00e0 son r\u00e9seau mondial de pri\u00e8re des intentions de pri\u00e8re qui expriment ses grandes pr\u00e9occupations.","robots":{"index":"index","follow":"follow","max-snippet":"max-snippet:-1","max-image-preview":"max-image-preview:large","max-video-preview":"max-video-preview:-1"},"canonical":"https:\/\/www.popesprayer.va\/fr\/intentions-de-priere-du-saint-pere-pour-2026\/","og_locale":"fr_FR","og_type":"article","og_title":"Intentions de pri\u00e8re du Saint-P\u00e8re pour 2026 - R\u00e9seau Mondial de Pri\u00e8re du Pape","og_description":"Chaque mois, le pape Fran\u00e7ois confie \u00e0 son r\u00e9seau mondial de pri\u00e8re des intentions de pri\u00e8re qui expriment ses grandes pr\u00e9occupations.","og_url":"https:\/\/www.popesprayer.va\/fr\/intentions-de-priere-du-saint-pere-pour-2026\/","og_site_name":"R\u00e9seau Mondial de Pri\u00e8re du Pape","article_published_time":"2025-03-14T13:17:50+00:00","og_image":[{"width":1215,"height":1215,"url":"https:\/\/www.popesprayer.va\/wp-content\/uploads\/2025\/03\/ENG-INTENZIONI-DI-PREGHIERA-DEL-PAPA-2026.jpg","type":"image\/jpeg"}],"author":"rmop","twitter_card":"summary_large_image","twitter_misc":{"\u00c9crit par":"rmop","Dur\u00e9e de lecture estim\u00e9e":"1 minute"},"schema":{"@context":"https:\/\/schema.org","@graph":[{"@type":"Article","@id":"https:\/\/www.popesprayer.va\/fr\/intentions-de-priere-du-saint-pere-pour-2026\/#article","isPartOf":{"@id":"https:\/\/www.popesprayer.va\/fr\/intentions-de-priere-du-saint-pere-pour-2026\/"},"author":{"name":"rmop","@id":"https:\/\/www.popesprayer.va\/fr\/#\/schema\/person\/5dda5b6d835f45e5ddeab983890030e5"},"headline":"Intentions de pri\u00e8re du Saint-P\u00e8re pour 2026","datePublished":"2025-03-14T13:17:50+00:00","mainEntityOfPage":{"@id":"https:\/\/www.popesprayer.va\/fr\/intentions-de-priere-du-saint-pere-pour-2026\/"},"wordCount":202,"publisher":{"@id":"https:\/\/www.popesprayer.va\/fr\/#organization"},"image":{"@id":"https:\/\/www.popesprayer.va\/fr\/intentions-de-priere-du-saint-pere-pour-2026\/#primaryimage"},"thumbnailUrl":"https:\/\/www.popesprayer.va\/wp-content\/uploads\/2025\/03\/ENG-INTENZIONI-DI-PREGHIERA-DEL-PAPA-2026.jpg","articleSection":["Actualit\u00e9s"],"inLanguage":"fr-FR"},{"@type":"WebPage","@id":"https:\/\/www.popesprayer.va\/fr\/intentions-de-priere-du-saint-pere-pour-2026\/","url":"https:\/\/www.popesprayer.va\/fr\/intentions-de-priere-du-saint-pere-pour-2026\/","name":"Intentions de pri\u00e8re du Saint-P\u00e8re pour 2026 - R\u00e9seau Mondial de Pri\u00e8re du Pape","isPartOf":{"@id":"https:\/\/www.popesprayer.va\/fr\/#website"},"primaryImageOfPage":{"@id":"https:\/\/www.popesprayer.va\/fr\/intentions-de-priere-du-saint-pere-pour-2026\/#primaryimage"},"image":{"@id":"https:\/\/www.popesprayer.va\/fr\/intentions-de-priere-du-saint-pere-pour-2026\/#primaryimage"},"thumbnailUrl":"https:\/\/www.popesprayer.va\/wp-content\/uploads\/2025\/03\/ENG-INTENZIONI-DI-PREGHIERA-DEL-PAPA-2026.jpg","datePublished":"2025-03-14T13:17:50+00:00","description":"Chaque mois, le pape Fran\u00e7ois confie \u00e0 son r\u00e9seau mondial de pri\u00e8re des intentions de pri\u00e8re qui expriment ses grandes pr\u00e9occupations.","breadcrumb":{"@id":"https:\/\/www.popesprayer.va\/fr\/intentions-de-priere-du-saint-pere-pour-2026\/#breadcrumb"},"inLanguage":"fr-FR","potentialAction":[{"@type":"ReadAction","target":["https:\/\/www.popesprayer.va\/fr\/intentions-de-priere-du-saint-pere-pour-2026\/"]}]},{"@type":"ImageObject","inLanguage":"fr-FR","@id":"https:\/\/www.popesprayer.va\/fr\/intentions-de-priere-du-saint-pere-pour-2026\/#primaryimage","url":"https:\/\/www.popesprayer.va\/wp-content\/uploads\/2025\/03\/ENG-INTENZIONI-DI-PREGHIERA-DEL-PAPA-2026.jpg","contentUrl":"https:\/\/www.popesprayer.va\/wp-content\/uploads\/2025\/03\/ENG-INTENZIONI-DI-PREGHIERA-DEL-PAPA-2026.jpg","width":1215,"height":1215},{"@type":"BreadcrumbList","@id":"https:\/\/www.popesprayer.va\/fr\/intentions-de-priere-du-saint-pere-pour-2026\/#breadcrumb","itemListElement":[{"@type":"ListItem","position":1,"name":"Accueil","item":"https:\/\/www.popesprayer.va\/fr\/"},{"@type":"ListItem","position":2,"name":"Intentions de pri\u00e8re du Saint-P\u00e8re pour 2026"}]},{"@type":"WebSite","@id":"https:\/\/www.popesprayer.va\/fr\/#website","url":"https:\/\/www.popesprayer.va\/fr\/","name":"Pope's Worldwide Prayer Network","description":"Pray together, change the world","publisher":{"@id":"https:\/\/www.popesprayer.va\/fr\/#organization"},"potentialAction":[{"@type":"SearchAction","target":{"@type":"EntryPoint","urlTemplate":"https:\/\/www.popesprayer.va\/fr\/?s={search_term_string}"},"query-input":{"@type":"PropertyValueSpecification","valueRequired":true,"valueName":"search_term_string"}}],"inLanguage":"fr-FR"},{"@type":"Organization","@id":"https:\/\/www.popesprayer.va\/fr\/#organization","name":"R\u00e9seau mondial de pri\u00e8re du pape","url":"https:\/\/www.popesprayer.va\/fr\/","logo":{"@type":"ImageObject","inLanguage":"fr-FR","@id":"https:\/\/www.popesprayer.va\/fr\/#\/schema\/logo\/image\/","url":"https:\/\/www.popesprayer.va\/wp-content\/uploads\/2025\/01\/Logo-Popes-Worldwide-Prayer-Network-Pontifical-Work-EN-Horizontal.png","contentUrl":"https:\/\/www.popesprayer.va\/wp-content\/uploads\/2025\/01\/Logo-Popes-Worldwide-Prayer-Network-Pontifical-Work-EN-Horizontal.png","width":1328,"height":228,"caption":"R\u00e9seau mondial de pri\u00e8re du pape"},"image":{"@id":"https:\/\/www.popesprayer.va\/fr\/#\/schema\/logo\/image\/"}},{"@type":"Person","@id":"https:\/\/www.popesprayer.va\/fr\/#\/schema\/person\/5dda5b6d835f45e5ddeab983890030e5","name":"rmop","image":{"@type":"ImageObject","inLanguage":"fr-FR","@id":"https:\/\/secure.gravatar.com\/avatar\/948b492cce32b586ac2db0eaa926ee87024f7afe218d73b397ea5ddfc5f43ea1?s=96&d=mm&r=g","url":"https:\/\/secure.gravatar.com\/avatar\/948b492cce32b586ac2db0eaa926ee87024f7afe218d73b397ea5ddfc5f43ea1?s=96&d=mm&r=g","contentUrl":"https:\/\/secure.gravatar.com\/avatar\/948b492cce32b586ac2db0eaa926ee87024f7afe218d73b397ea5ddfc5f43ea1?s=96&d=mm&r=g","caption":"rmop"},"sameAs":["https:\/\/www.popesprayer.va"],"url":"https:\/\/www.popesprayer.va\/fr\/author\/rmop\/"}]}},"_links":{"self":[{"href":"https:\/\/www.popesprayer.va\/fr\/wp-json\/wp\/v2\/posts\/84984","targetHints":{"allow":["GET"]}}],"collection":[{"href":"https:\/\/www.popesprayer.va\/fr\/wp-json\/wp\/v2\/posts"}],"about":[{"href":"https:\/\/www.popesprayer.va\/fr\/wp-json\/wp\/v2\/types\/post"}],"author":[{"embeddable":true,"href":"https:\/\/www.popesprayer.va\/fr\/wp-json\/wp\/v2\/users\/1"}],"replies":[{"embeddable":true,"href":"https:\/\/www.popesprayer.va\/fr\/wp-json\/wp\/v2\/comments?post=84984"}],"version-history":[{"count":0,"href":"https:\/\/www.popesprayer.va\/fr\/wp-json\/wp\/v2\/posts\/84984\/revisions"}],"wp:featuredmedia":[{"embeddable":true,"href":"https:\/\/www.popesprayer.va\/fr\/wp-json\/wp\/v2\/media\/84985"}],"wp:attachment":[{"href":"https:\/\/www.popesprayer.va\/fr\/wp-json\/wp\/v2\/media?parent=84984"}],"wp:term":[{"taxonomy":"category","embeddable":true,"href":"https:\/\/www.popesprayer.va\/fr\/wp-json\/wp\/v2\/categories?post=84984"},{"taxonomy":"post_tag","embeddable":true,"href":"https:\/\/www.popesprayer.va\/fr\/wp-json\/wp\/v2\/tags?post=84984"}],"curies":[{"name":"wp","href":"https:\/\/api.w.org\/{rel}","templated":true}]}}