{"id":92278,"date":"2026-01-08T19:32:17","date_gmt":"2026-01-08T18:32:17","guid":{"rendered":"https:\/\/www.popesprayer.va\/?p=92278"},"modified":"2026-01-09T21:16:49","modified_gmt":"2026-01-09T20:16:49","slug":"prie-avec-le-pape","status":"publish","type":"post","link":"https:\/\/www.popesprayer.va\/fr\/prie-avec-le-pape\/","title":{"rendered":"Prie avec le Pape"},"content":{"rendered":"<p><b>Un appel renouvel\u00e9 \u00e0 prier pour ses intentions mensuelles de pri\u00e8re<\/b><\/p>\n<p><span style=\"font-weight: 400;\">Le R\u00e9seau Mondial de Pri\u00e8re du Pape et le Dicast\u00e8re pour la Communication annoncent une nouvelle initiative au service de la mission du Saint-P\u00e8re: le projet \u00ab<\/span><a href=\"https:\/\/www.popesprayer.va\/fr\/prieaveclepape\/\"> <b>Prie avec le Pape<\/b> <\/a><span style=\"font-weight: 400;\">\u00bb. \u00c0 partir de ce mois-ci, et dans la continuit\u00e9 de la mission initi\u00e9e par le pape Fran\u00e7ois, le pape L\u00e9on XIV partagera son intention mensuelle de pri\u00e8re \u00e0 travers une <\/span><b>vid\u00e9o<\/b><span style=\"font-weight: 400;\"> et un <\/span><b>audio<\/b><span style=\"font-weight: 400;\">, invitant l\u2019\u00c9glise universelle et toutes les personnes de bonne volont\u00e9 \u00e0 s\u2019unir spirituellement dans une m\u00eame pri\u00e8re, d\u00e9sormais guid\u00e9e par le pontife lui-m\u00eame.<\/span><\/p>\n<p><span style=\"font-weight: 400;\">Cette initiative vise \u00e0 donner une plus large diffusion et visibilit\u00e9 aux intentions de pri\u00e8re du Pape, avec un langage qui aide \u00e0 prier et de nouveaux formats permettant de mieux rejoindre les fid\u00e8les dans le monde entier, en particulier dans le contexte actuel de la communication digitale.<\/span><\/p>\n<p>&nbsp;<\/p>\n<h2><b>La pri\u00e8re est ce qui nous unit<\/b><\/h2>\n<p>&nbsp;<\/p>\n<p><span style=\"font-weight: 400;\">Lors de la conf\u00e9rence de presse tenue ce matin \u00e0 la Salle de presse du Vatican, le pr\u00e9fet du Dicast\u00e8re pour la Communication, <\/span><b>Paolo Ruffin<\/b><span style=\"font-weight: 400;\">i, a soulign\u00e9 combien cette initiative r\u00e9pond au d\u00e9sir de red\u00e9couvrir dans la pri\u00e8re la beaut\u00e9 du R\u00e9seau et d\u2019y trouver la force n\u00e9cessaire pour nourrir notre action dans le monde: \u00ab L\u00e0 o\u00f9 deux ou trois sont r\u00e9unis en mon nom, je suis l\u00e0, au milieu d\u2019eux. \u00bb (Mt 18, 20).<\/span><\/p>\n<p>&nbsp;<\/p>\n<p><i><span style=\"font-weight: 400;\">\u00ab L\u2019\u00c9glise \u2014 a-t-il d\u00e9clar\u00e9 \u2014 \u00e9tait un r\u00e9seau avant le World Wide Web. Et lorsque le pape L\u00e9on XIII nous a invit\u00e9s, tous disciples missionnaires de notre temps num\u00e9rique, \u00e0 aller r\u00e9parer les filets, c\u2019est pr\u00e9cis\u00e9ment cela qu\u2019il nous demandait: ne pas cultiver des habitudes de grandeur ou de conqu\u00eate, mais red\u00e9couvrir le fondement de tout, en r\u00e9apprenant \u00e0 nous tourner ensemble vers Dieu le P\u00e8re, l\u2019appelant \u201cAbb\u00e1\u201d, \u201cPapa\u201d, comme des enfants; d\u00e9voilant ainsi le myst\u00e8re de la communion qui nous unit entre nous et avec Lui.\u00bb<\/span><\/i><\/p>\n<p>&nbsp;<\/p>\n<p><span style=\"font-weight: 400;\">Ruffini a ensuite soulign\u00e9 l\u2019\u00e9troite collaboration du Dicast\u00e8re avec le R\u00e9seau Mondial de Pri\u00e8re du Pape comme une mani\u00e8re concr\u00e8te d\u2019unir la communication du Saint-Si\u00e8ge \u00e0 la communion de toute l\u2019\u00c9glise autour du successeur de Pierre. La pri\u00e8re intime et universelle du Pape \u2014 a-t-il ajout\u00e9 \u2014 est ainsi propos\u00e9e d\u2019une mani\u00e8re nouvelle, sobre et puissante, comme un instrument visible d\u2019unit\u00e9 et de communion dans le Seigneur. Elle constitue un point de rencontre pour des millions de personnes, membres les uns des autres, pleinement pr\u00e9sentes \u00e0 la fois dans l\u2019espace num\u00e9rique et dans les lieux concrets de leur vie, \u00e0 partir du c\u0153ur de chacun.<\/span><\/p>\n<p>&nbsp;<\/p>\n<p><i><span style=\"font-weight: 400;\">\u00ab Je remercie le R\u00e9seau Mondial de Pri\u00e8re du Pape, le p\u00e8re Crist\u00f3bal Fones et tous ceux qui le font vivre dans le monde \u2014 a conclu Ruffini \u2014 pour ce service et cet esprit de communion qui l\u2019anime. \u00bb<\/span><\/i><\/p>\n<p>&nbsp;<\/p>\n<h2><b>\u00ab Prie avec le Pape \u00bb: une invitation mensuelle \u00e0 la pri\u00e8re dans une dynamique synodale<\/b><\/h2>\n<p>&nbsp;<\/p>\n<p><span style=\"font-weight: 400;\">Le directeur international du R\u00e9seau Mondial de Pri\u00e8re du Pape, le <\/span><b>P. Crist\u00f3bal Fones, SJ<\/b><span style=\"font-weight: 400;\">, a expliqu\u00e9 que \u00ab Prie avec le Pape \u00bb na\u00eet de l\u2019initiative du Saint-P\u00e8re afin d\u2019aider chaque personne \u00e0 s\u2019unir concr\u00e8tement \u00e0 l\u2019intention de pri\u00e8re propos\u00e9e chaque mois et ainsi ouvrir son c\u0153ur aux d\u00e9fis de l\u2019humanit\u00e9 et \u00e0 la mission de l\u2019\u00c9glise.<\/span><\/p>\n<p>&nbsp;<\/p>\n<p><i><span style=\"font-weight: 400;\">\u00ab \u201cPrie avec le Pape\u201d se veut une porte ouverte pour que toute personne, o\u00f9 qu\u2019elle se trouve, puisse s\u2019unir \u00e0 l\u2019intention de pri\u00e8re que le Saint-P\u00e8re propose chaque mois en priant avec lui, dans une perspective synodale. C\u2019est une invitation simple et universelle, \u00e0 laquelle chacun de nous peut r\u00e9pondre. Nous croyons que ces nouveaux formats facilitent la disposition \u00e0 la pri\u00e8re et permettent d\u2019accompagner plus profond\u00e9ment l\u2019intention du Pape. \u00bb<\/span><\/i><\/p>\n<p>&nbsp;<\/p>\n<p><span style=\"font-weight: 400;\">Le P\u00e8re Fones a \u00e9galement rappel\u00e9 que le R\u00e9seau Mondial de Pri\u00e8re du Pape accompagne ces intentions depuis plus de 180 ans, renouvelant aujourd\u2019hui sa mission \u00e0 travers de nouveaux contenus et ressources favorisant une participation plus accessible. Ce chemin d\u2019approche num\u00e9rique a d\u2019ailleurs \u00e9t\u00e9 initi\u00e9 il y a dix ans par le pape Fran\u00e7ois avec \u00ab\u00a0<\/span><i><span style=\"font-weight: 400;\">La Vid\u00e9o du Pape\u00a0\u00bb<\/span><\/i><span style=\"font-weight: 400;\">\u00a0et a depuis atteint plus de 260 millions de vues sur les cinq continents.<\/span><\/p>\n<p>&nbsp;<\/p>\n<p><span style=\"font-weight: 400;\">Lors de la conf\u00e9rence de presse, deux vid\u00e9os de t\u00e9moignages provenant d\u2019<\/span><a href=\"https:\/\/youtu.be\/yBu-HN5Ko_E\"><span style=\"font-weight: 400;\">Indon\u00e9sie<\/span><\/a><span style=\"font-weight: 400;\"> et de <\/span><a href=\"https:\/\/youtu.be\/11wfxUNyjVc\"><span style=\"font-weight: 400;\">C\u00f4te d\u2019Ivoire<\/span><\/a><span style=\"font-weight: 400;\"> ont \u00e9t\u00e9 pr\u00e9sent\u00e9es. Des membres du R\u00e9seau y ont partag\u00e9 l\u2019importance de faire partie d\u2019une communaut\u00e9 mondiale unie par la pri\u00e8re. Dans les deux r\u00e9cits, il a \u00e9t\u00e9 soulign\u00e9 que la pri\u00e8re commune devient un pont reliant des personnes de cultures et de r\u00e9alit\u00e9s diff\u00e9rentes, suscitant l\u2019esp\u00e9rance et l\u2019engagement solidaire.<\/span><\/p>\n<h1><b>L\u2019intention de janvier: \u00ab Pour la pri\u00e8re avec la Parole de Dieu \u00bb<\/b><\/h1>\n<p>&nbsp;<\/p>\n<p><span style=\"font-weight: 400;\">Le projet \u00ab Prie avec le Pape \u00bb s\u2019ouvre avec la premi\u00e8re intention de pri\u00e8re de 2026 : <\/span><b>\u00ab Pour la pri\u00e8re avec la Parole de Dieu \u00bb<\/b><span style=\"font-weight: 400;\">, qui invite \u00e0 red\u00e9couvrir la force spirituelle de la Sainte \u00c9criture comme lieu privil\u00e9gi\u00e9 de la rencontre avec le Christ. Dans ce premier message, le pape L\u00e9on propose une pri\u00e8re centr\u00e9e sur la Parole comme lumi\u00e8re pour le discernement, nourriture dans les moments de fatigue, esp\u00e9rance dans l\u2019obscurit\u00e9 et fondement d\u2019une \u00c9glise construite sur l\u2019\u00c9vangile.<\/span><\/p>\n<p>&nbsp;<\/p>\n<p><span style=\"font-weight: 400;\">La pri\u00e8re r\u00e9cit\u00e9e par le Saint-P\u00e8re demande la gr\u00e2ce d\u2019apprendre \u00e0 \u00e9couter chaque jour les \u00c9critures, de se laisser interpeller par elles et de permettre qu\u2019elles orientent les d\u00e9cisions personnelles et communautaires. Elle souligne \u00e9galement la dimension missionnaire de la Parole, qui fait de chaque croyant un disciple au service, qui pardonne, construit des ponts et annonce la vie.<\/span><\/p>\n<p>&nbsp;<\/p>\n<p><b>Lieu de pri\u00e8re: l\u2019\u00e9glise de <\/b><b><i>San Pellegrino in Vaticano<\/i><\/b><\/p>\n<p>&nbsp;<\/p>\n<p><span style=\"font-weight: 400;\">Le tournage a \u00e9t\u00e9 r\u00e9alis\u00e9 dans\u00a0<\/span><b>l\u2019\u00e9glise de <\/b><b><i>San Pellegrino in Vaticano<\/i><\/b><b>,<\/b><span style=\"font-weight: 400;\">\u00a0l\u2019une des plus anciennes \u00e9glises situ\u00e9es \u00e0 l\u2019int\u00e9rieur de la Cit\u00e9 du Vatican. Ses origines sont document\u00e9es depuis l\u2019an 795 et la tradition rapporte qu\u2019\u00e0 l\u2019\u00e9poque du pape L\u00e9on III, Charlemagne offrit \u00e0 ce sanctuaire les reliques de Saint P\u00e8lerin, pr\u00eatre romain et premier \u00e9v\u00eaque d\u2019Auxerre (France). Situ\u00e9e sur l\u2019ancienne voie Francig\u00e8ne \u2014 route emprunt\u00e9e par les p\u00e8lerins se rendant \u00e0 Rome \u2014, cette \u00e9glise a historiquement \u00e9t\u00e9 un lieu d\u2019accueil et de pri\u00e8re pour ceux qui se dirigeaient vers le tombeau de saint Pierre.<\/span><\/p>\n<p>&nbsp;<\/p>\n<p><span style=\"font-weight: 400;\">Aujourd\u2019hui encore, l\u2019\u00e9glise demeure un espace de silence et de recueillement pour les employ\u00e9s du Vatican, les p\u00e8lerins et les visiteurs, tout en \u00e9tant la chapelle du Corps de Gendarmerie de la Cit\u00e9 du Vatican. Ses murs d\u2019origine carolingienne, les vestiges de son ancienne d\u00e9coration absidiale et les diff\u00e9rentes phases de restauration qu\u2019elle a connues au fil des si\u00e8cles lui conf\u00e8rent une grande valeur spirituelle et patrimoniale.<\/span><\/p>\n<p>&nbsp;<\/p>\n<p><b>Les intentions de pri\u00e8re du Pape pour 2026<\/b><\/p>\n<p>&nbsp;<\/p>\n<p><span style=\"font-weight: 400;\">Dans cette nouvelle \u00e9tape, le R\u00e9seau a pr\u00e9sent\u00e9 <\/span><a href=\"https:\/\/www.popesprayer.va\/wp-content\/uploads\/2025\/06\/FRA-INTENTIONS-DE-PRIERE-DU-SAINT-PERE-2026-1.pdf\"><span style=\"font-weight: 400;\">les intentions de pri\u00e8re du Saint-P\u00e8re pour l\u2019ann\u00e9e 2026,<\/span><\/a><span style=\"font-weight: 400;\"> centr\u00e9es sur des d\u00e9fis spirituels, sociaux et humanitaires, tant pour l\u2019\u00c9glise que pour le monde entier.<\/span><\/p>\n<p>&nbsp;<\/p>\n<p><span style=\"font-weight: 400;\">Le p\u00e8re Fones a soulign\u00e9 que ces intentions cherchent \u00e0 mobiliser l\u2019\u00c9glise et les personnes de bonne volont\u00e9 vers une pri\u00e8re g\u00e9n\u00e9reuse et attentive:<\/span><\/p>\n<p>&nbsp;<\/p>\n<p><i><span style=\"font-weight: 400;\">\u00ab Les intentions du Pape pour 2026 regardent en face les d\u00e9fis de notre temps: les blessures du monde, la qu\u00eate de l\u2019\u00eatre humain et l\u2019esp\u00e9rance que l\u2019\u00c9glise est appel\u00e9e \u00e0 garder. Nous voulons que chaque vid\u00e9o et chaque audio nous aident \u00e0 nous unir dans une m\u00eame pri\u00e8re, autour de questions qui nous concernent chacun de nous, directement ou indirectement.\u00a0\u00bb<\/span><\/i><\/p>\n<h2><b>Un pas en avant dans une mission permanente<\/b><\/h2>\n<p>&nbsp;<\/p>\n<p><span style=\"font-weight: 400;\">Avec cette initiative, le R\u00e9seau Mondial de Pri\u00e8re du Pape et le Dicast\u00e8re pour la Communication s\u2019unissent pour donner un nouvel \u00e9lan \u00e0 la diffusion de l\u2019intention mensuelle du Saint-P\u00e8re, en demeurant fid\u00e8les \u00e0 leur mission originelle tout en la renouvelant \u00e0 travers les langages et les outils propres \u00e0 notre \u00e9poque.<\/span><\/p>\n<p>&nbsp;<\/p>\n<p><span style=\"font-weight: 400;\">\u00ab <\/span><b>Prie avec le Pape <\/b><span style=\"font-weight: 400;\">\u00bb sera accessible sur le <\/span><a href=\"https:\/\/www.popesprayer.va\/fr\/\"><span style=\"font-weight: 400;\">site web<\/span><\/a><span style=\"font-weight: 400;\"> et sur les plateformes num\u00e9riques du R\u00e9seau Mondial de Pri\u00e8re du Pape.<\/span><\/p>\n<p><iframe loading=\"lazy\" title=\"Press Conference, January 7, 2026\" width=\"1080\" height=\"608\" src=\"https:\/\/www.youtube.com\/embed\/so1Cjnad090?feature=oembed\"  allow=\"accelerometer; autoplay; clipboard-write; encrypted-media; gyroscope; picture-in-picture; web-share\" referrerpolicy=\"strict-origin-when-cross-origin\" allowfullscreen><\/iframe><\/p>\n\n\t\t<style type=\"text\/css\">\n\t\t\t#gallery-1 {\n\t\t\t\tmargin: auto;\n\t\t\t}\n\t\t\t#gallery-1 .gallery-item {\n\t\t\t\tfloat: left;\n\t\t\t\tmargin-top: 10px;\n\t\t\t\ttext-align: center;\n\t\t\t\twidth: 20%;\n\t\t\t}\n\t\t\t#gallery-1 img {\n\t\t\t\tborder: 2px solid #cfcfcf;\n\t\t\t}\n\t\t\t#gallery-1 .gallery-caption {\n\t\t\t\tmargin-left: 0;\n\t\t\t}\n\t\t\t\/* see gallery_shortcode() in wp-includes\/media.php *\/\n\t\t<\/style>\n\t\t<div id='gallery-1' class='gallery galleryid-92278 gallery-columns-5 gallery-size-thumbnail'><dl class='gallery-item'>\n\t\t\t<dt class='gallery-icon landscape'>\n\t\t\t\t<a href='https:\/\/www.popesprayer.va\/wp-content\/uploads\/2026\/01\/PWPN-Launch-2026_20260107_001.jpg'><img loading=\"lazy\" decoding=\"async\" width=\"150\" height=\"150\" src=\"https:\/\/www.popesprayer.va\/wp-content\/uploads\/2026\/01\/PWPN-Launch-2026_20260107_001-150x150.jpg\" class=\"attachment-thumbnail size-thumbnail\" alt=\"PWPN Launch 2026_20260107_001\" \/><\/a>\n\t\t\t<\/dt><\/dl><dl class='gallery-item'>\n\t\t\t<dt class='gallery-icon landscape'>\n\t\t\t\t<a href='https:\/\/www.popesprayer.va\/wp-content\/uploads\/2026\/01\/PWPN-Launch-2026_20260107_003-scaled.jpg'><img loading=\"lazy\" decoding=\"async\" width=\"150\" height=\"150\" src=\"https:\/\/www.popesprayer.va\/wp-content\/uploads\/2026\/01\/PWPN-Launch-2026_20260107_003-150x150.jpg\" class=\"attachment-thumbnail size-thumbnail\" alt=\"PWPN Launch 2026_20260107_003\" \/><\/a>\n\t\t\t<\/dt><\/dl><dl class='gallery-item'>\n\t\t\t<dt class='gallery-icon landscape'>\n\t\t\t\t<a href='https:\/\/www.popesprayer.va\/wp-content\/uploads\/2026\/01\/PWPN-Launch-2026_20260107_002-scaled.jpg'><img loading=\"lazy\" decoding=\"async\" width=\"150\" height=\"150\" src=\"https:\/\/www.popesprayer.va\/wp-content\/uploads\/2026\/01\/PWPN-Launch-2026_20260107_002-150x150.jpg\" class=\"attachment-thumbnail size-thumbnail\" alt=\"PWPN Launch 2026_20260107_002\" \/><\/a>\n\t\t\t<\/dt><\/dl><dl class='gallery-item'>\n\t\t\t<dt class='gallery-icon landscape'>\n\t\t\t\t<a href='https:\/\/www.popesprayer.va\/wp-content\/uploads\/2026\/01\/PWPN-Launch-2026_20260107_005-scaled.jpg'><img loading=\"lazy\" decoding=\"async\" width=\"150\" height=\"150\" src=\"https:\/\/www.popesprayer.va\/wp-content\/uploads\/2026\/01\/PWPN-Launch-2026_20260107_005-150x150.jpg\" class=\"attachment-thumbnail size-thumbnail\" alt=\"PWPN Launch 2026_20260107_005\" \/><\/a>\n\t\t\t<\/dt><\/dl><dl class='gallery-item'>\n\t\t\t<dt class='gallery-icon landscape'>\n\t\t\t\t<a href='https:\/\/www.popesprayer.va\/wp-content\/uploads\/2026\/01\/PWPN-Launch-2026_20260107_004-scaled.jpg'><img loading=\"lazy\" decoding=\"async\" width=\"150\" height=\"150\" src=\"https:\/\/www.popesprayer.va\/wp-content\/uploads\/2026\/01\/PWPN-Launch-2026_20260107_004-150x150.jpg\" class=\"attachment-thumbnail size-thumbnail\" alt=\"PWPN Launch 2026_20260107_004\" \/><\/a>\n\t\t\t<\/dt><\/dl><br style=\"clear: both\" \/><dl class='gallery-item'>\n\t\t\t<dt class='gallery-icon landscape'>\n\t\t\t\t<a href='https:\/\/www.popesprayer.va\/wp-content\/uploads\/2026\/01\/PWPN-Launch-2026_20260107_009-scaled.jpg'><img loading=\"lazy\" decoding=\"async\" width=\"150\" height=\"150\" src=\"https:\/\/www.popesprayer.va\/wp-content\/uploads\/2026\/01\/PWPN-Launch-2026_20260107_009-150x150.jpg\" class=\"attachment-thumbnail size-thumbnail\" alt=\"PWPN Launch 2026_20260107_009\" \/><\/a>\n\t\t\t<\/dt><\/dl><dl class='gallery-item'>\n\t\t\t<dt class='gallery-icon landscape'>\n\t\t\t\t<a href='https:\/\/www.popesprayer.va\/wp-content\/uploads\/2026\/01\/PWPN-Launch-2026_20260107_008.jpg'><img loading=\"lazy\" decoding=\"async\" width=\"150\" height=\"150\" src=\"https:\/\/www.popesprayer.va\/wp-content\/uploads\/2026\/01\/PWPN-Launch-2026_20260107_008-150x150.jpg\" class=\"attachment-thumbnail size-thumbnail\" alt=\"PWPN Launch 2026_20260107_008\" \/><\/a>\n\t\t\t<\/dt><\/dl><dl class='gallery-item'>\n\t\t\t<dt class='gallery-icon landscape'>\n\t\t\t\t<a href='https:\/\/www.popesprayer.va\/wp-content\/uploads\/2026\/01\/PWPN-Launch-2026_20260107_010.jpg'><img loading=\"lazy\" decoding=\"async\" width=\"150\" height=\"150\" src=\"https:\/\/www.popesprayer.va\/wp-content\/uploads\/2026\/01\/PWPN-Launch-2026_20260107_010-150x150.jpg\" class=\"attachment-thumbnail size-thumbnail\" alt=\"PWPN Launch 2026_20260107_010\" \/><\/a>\n\t\t\t<\/dt><\/dl>\n\t\t\t<br style='clear: both' \/>\n\t\t<\/div>\n\n","protected":false},"excerpt":{"rendered":"<p>Un appel renouvel\u00e9 \u00e0 prier pour ses intentions mensuelles de pri\u00e8re Le R\u00e9seau Mondial de Pri\u00e8re du Pape et le Dicast\u00e8re pour la Communication annoncent une nouvelle initiative au service de la mission du Saint-P\u00e8re: le projet \u00ab Prie avec le Pape \u00bb. \u00c0 partir de ce mois-ci, et dans la continuit\u00e9 de la mission [&hellip;]<\/p>\n","protected":false},"author":3,"featured_media":91362,"comment_status":"closed","ping_status":"closed","sticky":false,"template":"","format":"standard","meta":{"_acf_changed":false,"_et_pb_use_builder":"","_et_pb_old_content":"","_et_gb_content_width":"","footnotes":""},"categories":[49],"tags":[],"class_list":["post-92278","post","type-post","status-publish","format-standard","has-post-thumbnail","hentry","category-non-categorise"],"acf":[],"yoast_head":"<!-- This site is optimized with the Yoast SEO plugin v27.4 - https:\/\/yoast.com\/product\/yoast-seo-wordpress\/ -->\n<title>Prie avec le Pape - R\u00e9seau Mondial de Pri\u00e8re du Pape<\/title>\n<meta name=\"robots\" content=\"index, follow, max-snippet:-1, max-image-preview:large, max-video-preview:-1\" \/>\n<link rel=\"canonical\" href=\"https:\/\/www.popesprayer.va\/fr\/prie-avec-le-pape\/\" \/>\n<meta property=\"og:locale\" content=\"fr_FR\" \/>\n<meta property=\"og:type\" content=\"article\" \/>\n<meta property=\"og:title\" content=\"Prie avec le Pape - R\u00e9seau Mondial de Pri\u00e8re du Pape\" \/>\n<meta property=\"og:description\" content=\"Un appel renouvel\u00e9 \u00e0 prier pour ses intentions mensuelles de pri\u00e8re Le R\u00e9seau Mondial de Pri\u00e8re du Pape et le Dicast\u00e8re pour la Communication annoncent une nouvelle initiative au service de la mission du Saint-P\u00e8re: le projet \u00ab Prie avec le Pape \u00bb. \u00c0 partir de ce mois-ci, et dans la continuit\u00e9 de la mission [&hellip;]\" \/>\n<meta property=\"og:url\" content=\"https:\/\/www.popesprayer.va\/fr\/prie-avec-le-pape\/\" \/>\n<meta property=\"og:site_name\" content=\"R\u00e9seau Mondial de Pri\u00e8re du Pape\" \/>\n<meta property=\"article:published_time\" content=\"2026-01-08T18:32:17+00:00\" \/>\n<meta property=\"article:modified_time\" content=\"2026-01-09T20:16:49+00:00\" \/>\n<meta property=\"og:image\" content=\"https:\/\/www.popesprayer.va\/wp-content\/uploads\/2025\/12\/LP-header-Jan-2026-scaled.jpeg\" \/>\n\t<meta property=\"og:image:width\" content=\"2560\" \/>\n\t<meta property=\"og:image:height\" content=\"1208\" \/>\n\t<meta property=\"og:image:type\" content=\"image\/jpeg\" \/>\n<meta name=\"author\" content=\"PWPN\" \/>\n<meta name=\"twitter:card\" content=\"summary_large_image\" \/>\n<meta name=\"twitter:label1\" content=\"\u00c9crit par\" \/>\n\t<meta name=\"twitter:data1\" content=\"PWPN\" \/>\n\t<meta name=\"twitter:label2\" content=\"Dur\u00e9e de lecture estim\u00e9e\" \/>\n\t<meta name=\"twitter:data2\" content=\"6 minutes\" \/>\n<script type=\"application\/ld+json\" class=\"yoast-schema-graph\">{\"@context\":\"https:\\\/\\\/schema.org\",\"@graph\":[{\"@type\":\"Article\",\"@id\":\"https:\\\/\\\/www.popesprayer.va\\\/fr\\\/prie-avec-le-pape\\\/#article\",\"isPartOf\":{\"@id\":\"https:\\\/\\\/www.popesprayer.va\\\/fr\\\/prie-avec-le-pape\\\/\"},\"author\":{\"name\":\"PWPN\",\"@id\":\"https:\\\/\\\/www.popesprayer.va\\\/fr\\\/#\\\/schema\\\/person\\\/a2ed8ee1aba901ccc12646bc52342ca3\"},\"headline\":\"Prie avec le Pape\",\"datePublished\":\"2026-01-08T18:32:17+00:00\",\"dateModified\":\"2026-01-09T20:16:49+00:00\",\"mainEntityOfPage\":{\"@id\":\"https:\\\/\\\/www.popesprayer.va\\\/fr\\\/prie-avec-le-pape\\\/\"},\"wordCount\":1477,\"publisher\":{\"@id\":\"https:\\\/\\\/www.popesprayer.va\\\/fr\\\/#organization\"},\"image\":{\"@id\":\"https:\\\/\\\/www.popesprayer.va\\\/fr\\\/prie-avec-le-pape\\\/#primaryimage\"},\"thumbnailUrl\":\"https:\\\/\\\/www.popesprayer.va\\\/wp-content\\\/uploads\\\/2025\\\/12\\\/LP-header-Jan-2026-scaled.jpeg\",\"articleSection\":[\"Actualit\u00e9s\"],\"inLanguage\":\"fr-FR\"},{\"@type\":\"WebPage\",\"@id\":\"https:\\\/\\\/www.popesprayer.va\\\/fr\\\/prie-avec-le-pape\\\/\",\"url\":\"https:\\\/\\\/www.popesprayer.va\\\/fr\\\/prie-avec-le-pape\\\/\",\"name\":\"Prie avec le Pape - R\u00e9seau Mondial de Pri\u00e8re du Pape\",\"isPartOf\":{\"@id\":\"https:\\\/\\\/www.popesprayer.va\\\/fr\\\/#website\"},\"primaryImageOfPage\":{\"@id\":\"https:\\\/\\\/www.popesprayer.va\\\/fr\\\/prie-avec-le-pape\\\/#primaryimage\"},\"image\":{\"@id\":\"https:\\\/\\\/www.popesprayer.va\\\/fr\\\/prie-avec-le-pape\\\/#primaryimage\"},\"thumbnailUrl\":\"https:\\\/\\\/www.popesprayer.va\\\/wp-content\\\/uploads\\\/2025\\\/12\\\/LP-header-Jan-2026-scaled.jpeg\",\"datePublished\":\"2026-01-08T18:32:17+00:00\",\"dateModified\":\"2026-01-09T20:16:49+00:00\",\"breadcrumb\":{\"@id\":\"https:\\\/\\\/www.popesprayer.va\\\/fr\\\/prie-avec-le-pape\\\/#breadcrumb\"},\"inLanguage\":\"fr-FR\",\"potentialAction\":[{\"@type\":\"ReadAction\",\"target\":[\"https:\\\/\\\/www.popesprayer.va\\\/fr\\\/prie-avec-le-pape\\\/\"]}]},{\"@type\":\"ImageObject\",\"inLanguage\":\"fr-FR\",\"@id\":\"https:\\\/\\\/www.popesprayer.va\\\/fr\\\/prie-avec-le-pape\\\/#primaryimage\",\"url\":\"https:\\\/\\\/www.popesprayer.va\\\/wp-content\\\/uploads\\\/2025\\\/12\\\/LP-header-Jan-2026-scaled.jpeg\",\"contentUrl\":\"https:\\\/\\\/www.popesprayer.va\\\/wp-content\\\/uploads\\\/2025\\\/12\\\/LP-header-Jan-2026-scaled.jpeg\",\"width\":2560,\"height\":1208,\"caption\":\"En-t\u00eate LP - Jan 2026\"},{\"@type\":\"BreadcrumbList\",\"@id\":\"https:\\\/\\\/www.popesprayer.va\\\/fr\\\/prie-avec-le-pape\\\/#breadcrumb\",\"itemListElement\":[{\"@type\":\"ListItem\",\"position\":1,\"name\":\"Accueil\",\"item\":\"https:\\\/\\\/www.popesprayer.va\\\/fr\\\/\"},{\"@type\":\"ListItem\",\"position\":2,\"name\":\"Prie avec le Pape\"}]},{\"@type\":\"WebSite\",\"@id\":\"https:\\\/\\\/www.popesprayer.va\\\/fr\\\/#website\",\"url\":\"https:\\\/\\\/www.popesprayer.va\\\/fr\\\/\",\"name\":\"Pope's Worldwide Prayer Network\",\"description\":\"Pray together, change the world\",\"publisher\":{\"@id\":\"https:\\\/\\\/www.popesprayer.va\\\/fr\\\/#organization\"},\"potentialAction\":[{\"@type\":\"SearchAction\",\"target\":{\"@type\":\"EntryPoint\",\"urlTemplate\":\"https:\\\/\\\/www.popesprayer.va\\\/fr\\\/?s={search_term_string}\"},\"query-input\":{\"@type\":\"PropertyValueSpecification\",\"valueRequired\":true,\"valueName\":\"search_term_string\"}}],\"inLanguage\":\"fr-FR\"},{\"@type\":\"Organization\",\"@id\":\"https:\\\/\\\/www.popesprayer.va\\\/fr\\\/#organization\",\"name\":\"R\u00e9seau mondial de pri\u00e8re du pape\",\"url\":\"https:\\\/\\\/www.popesprayer.va\\\/fr\\\/\",\"logo\":{\"@type\":\"ImageObject\",\"inLanguage\":\"fr-FR\",\"@id\":\"https:\\\/\\\/www.popesprayer.va\\\/fr\\\/#\\\/schema\\\/logo\\\/image\\\/\",\"url\":\"https:\\\/\\\/www.popesprayer.va\\\/wp-content\\\/uploads\\\/2025\\\/01\\\/Logo-Popes-Worldwide-Prayer-Network-Pontifical-Work-EN-Horizontal.png\",\"contentUrl\":\"https:\\\/\\\/www.popesprayer.va\\\/wp-content\\\/uploads\\\/2025\\\/01\\\/Logo-Popes-Worldwide-Prayer-Network-Pontifical-Work-EN-Horizontal.png\",\"width\":1328,\"height\":228,\"caption\":\"R\u00e9seau mondial de pri\u00e8re du pape\"},\"image\":{\"@id\":\"https:\\\/\\\/www.popesprayer.va\\\/fr\\\/#\\\/schema\\\/logo\\\/image\\\/\"}},{\"@type\":\"Person\",\"@id\":\"https:\\\/\\\/www.popesprayer.va\\\/fr\\\/#\\\/schema\\\/person\\\/a2ed8ee1aba901ccc12646bc52342ca3\",\"name\":\"PWPN\",\"image\":{\"@type\":\"ImageObject\",\"inLanguage\":\"fr-FR\",\"@id\":\"https:\\\/\\\/secure.gravatar.com\\\/avatar\\\/3e051956528dbc073554fef8e508c205726bf31f33ed5595a661c767110dadf3?s=96&d=mm&r=g\",\"url\":\"https:\\\/\\\/secure.gravatar.com\\\/avatar\\\/3e051956528dbc073554fef8e508c205726bf31f33ed5595a661c767110dadf3?s=96&d=mm&r=g\",\"contentUrl\":\"https:\\\/\\\/secure.gravatar.com\\\/avatar\\\/3e051956528dbc073554fef8e508c205726bf31f33ed5595a661c767110dadf3?s=96&d=mm&r=g\",\"caption\":\"PWPN\"},\"url\":\"https:\\\/\\\/www.popesprayer.va\\\/fr\\\/author\\\/juanignacio\\\/\"}]}<\/script>\n<!-- \/ Yoast SEO plugin. -->","yoast_head_json":{"title":"Prie avec le Pape - R\u00e9seau Mondial de Pri\u00e8re du Pape","robots":{"index":"index","follow":"follow","max-snippet":"max-snippet:-1","max-image-preview":"max-image-preview:large","max-video-preview":"max-video-preview:-1"},"canonical":"https:\/\/www.popesprayer.va\/fr\/prie-avec-le-pape\/","og_locale":"fr_FR","og_type":"article","og_title":"Prie avec le Pape - R\u00e9seau Mondial de Pri\u00e8re du Pape","og_description":"Un appel renouvel\u00e9 \u00e0 prier pour ses intentions mensuelles de pri\u00e8re Le R\u00e9seau Mondial de Pri\u00e8re du Pape et le Dicast\u00e8re pour la Communication annoncent une nouvelle initiative au service de la mission du Saint-P\u00e8re: le projet \u00ab Prie avec le Pape \u00bb. \u00c0 partir de ce mois-ci, et dans la continuit\u00e9 de la mission [&hellip;]","og_url":"https:\/\/www.popesprayer.va\/fr\/prie-avec-le-pape\/","og_site_name":"R\u00e9seau Mondial de Pri\u00e8re du Pape","article_published_time":"2026-01-08T18:32:17+00:00","article_modified_time":"2026-01-09T20:16:49+00:00","og_image":[{"width":2560,"height":1208,"url":"https:\/\/www.popesprayer.va\/wp-content\/uploads\/2025\/12\/LP-header-Jan-2026-scaled.jpeg","type":"image\/jpeg"}],"author":"PWPN","twitter_card":"summary_large_image","twitter_misc":{"\u00c9crit par":"PWPN","Dur\u00e9e de lecture estim\u00e9e":"6 minutes"},"schema":{"@context":"https:\/\/schema.org","@graph":[{"@type":"Article","@id":"https:\/\/www.popesprayer.va\/fr\/prie-avec-le-pape\/#article","isPartOf":{"@id":"https:\/\/www.popesprayer.va\/fr\/prie-avec-le-pape\/"},"author":{"name":"PWPN","@id":"https:\/\/www.popesprayer.va\/fr\/#\/schema\/person\/a2ed8ee1aba901ccc12646bc52342ca3"},"headline":"Prie avec le Pape","datePublished":"2026-01-08T18:32:17+00:00","dateModified":"2026-01-09T20:16:49+00:00","mainEntityOfPage":{"@id":"https:\/\/www.popesprayer.va\/fr\/prie-avec-le-pape\/"},"wordCount":1477,"publisher":{"@id":"https:\/\/www.popesprayer.va\/fr\/#organization"},"image":{"@id":"https:\/\/www.popesprayer.va\/fr\/prie-avec-le-pape\/#primaryimage"},"thumbnailUrl":"https:\/\/www.popesprayer.va\/wp-content\/uploads\/2025\/12\/LP-header-Jan-2026-scaled.jpeg","articleSection":["Actualit\u00e9s"],"inLanguage":"fr-FR"},{"@type":"WebPage","@id":"https:\/\/www.popesprayer.va\/fr\/prie-avec-le-pape\/","url":"https:\/\/www.popesprayer.va\/fr\/prie-avec-le-pape\/","name":"Prie avec le Pape - R\u00e9seau Mondial de Pri\u00e8re du Pape","isPartOf":{"@id":"https:\/\/www.popesprayer.va\/fr\/#website"},"primaryImageOfPage":{"@id":"https:\/\/www.popesprayer.va\/fr\/prie-avec-le-pape\/#primaryimage"},"image":{"@id":"https:\/\/www.popesprayer.va\/fr\/prie-avec-le-pape\/#primaryimage"},"thumbnailUrl":"https:\/\/www.popesprayer.va\/wp-content\/uploads\/2025\/12\/LP-header-Jan-2026-scaled.jpeg","datePublished":"2026-01-08T18:32:17+00:00","dateModified":"2026-01-09T20:16:49+00:00","breadcrumb":{"@id":"https:\/\/www.popesprayer.va\/fr\/prie-avec-le-pape\/#breadcrumb"},"inLanguage":"fr-FR","potentialAction":[{"@type":"ReadAction","target":["https:\/\/www.popesprayer.va\/fr\/prie-avec-le-pape\/"]}]},{"@type":"ImageObject","inLanguage":"fr-FR","@id":"https:\/\/www.popesprayer.va\/fr\/prie-avec-le-pape\/#primaryimage","url":"https:\/\/www.popesprayer.va\/wp-content\/uploads\/2025\/12\/LP-header-Jan-2026-scaled.jpeg","contentUrl":"https:\/\/www.popesprayer.va\/wp-content\/uploads\/2025\/12\/LP-header-Jan-2026-scaled.jpeg","width":2560,"height":1208,"caption":"En-t\u00eate LP - Jan 2026"},{"@type":"BreadcrumbList","@id":"https:\/\/www.popesprayer.va\/fr\/prie-avec-le-pape\/#breadcrumb","itemListElement":[{"@type":"ListItem","position":1,"name":"Accueil","item":"https:\/\/www.popesprayer.va\/fr\/"},{"@type":"ListItem","position":2,"name":"Prie avec le Pape"}]},{"@type":"WebSite","@id":"https:\/\/www.popesprayer.va\/fr\/#website","url":"https:\/\/www.popesprayer.va\/fr\/","name":"Pope's Worldwide Prayer Network","description":"Pray together, change the world","publisher":{"@id":"https:\/\/www.popesprayer.va\/fr\/#organization"},"potentialAction":[{"@type":"SearchAction","target":{"@type":"EntryPoint","urlTemplate":"https:\/\/www.popesprayer.va\/fr\/?s={search_term_string}"},"query-input":{"@type":"PropertyValueSpecification","valueRequired":true,"valueName":"search_term_string"}}],"inLanguage":"fr-FR"},{"@type":"Organization","@id":"https:\/\/www.popesprayer.va\/fr\/#organization","name":"R\u00e9seau mondial de pri\u00e8re du pape","url":"https:\/\/www.popesprayer.va\/fr\/","logo":{"@type":"ImageObject","inLanguage":"fr-FR","@id":"https:\/\/www.popesprayer.va\/fr\/#\/schema\/logo\/image\/","url":"https:\/\/www.popesprayer.va\/wp-content\/uploads\/2025\/01\/Logo-Popes-Worldwide-Prayer-Network-Pontifical-Work-EN-Horizontal.png","contentUrl":"https:\/\/www.popesprayer.va\/wp-content\/uploads\/2025\/01\/Logo-Popes-Worldwide-Prayer-Network-Pontifical-Work-EN-Horizontal.png","width":1328,"height":228,"caption":"R\u00e9seau mondial de pri\u00e8re du pape"},"image":{"@id":"https:\/\/www.popesprayer.va\/fr\/#\/schema\/logo\/image\/"}},{"@type":"Person","@id":"https:\/\/www.popesprayer.va\/fr\/#\/schema\/person\/a2ed8ee1aba901ccc12646bc52342ca3","name":"PWPN","image":{"@type":"ImageObject","inLanguage":"fr-FR","@id":"https:\/\/secure.gravatar.com\/avatar\/3e051956528dbc073554fef8e508c205726bf31f33ed5595a661c767110dadf3?s=96&d=mm&r=g","url":"https:\/\/secure.gravatar.com\/avatar\/3e051956528dbc073554fef8e508c205726bf31f33ed5595a661c767110dadf3?s=96&d=mm&r=g","contentUrl":"https:\/\/secure.gravatar.com\/avatar\/3e051956528dbc073554fef8e508c205726bf31f33ed5595a661c767110dadf3?s=96&d=mm&r=g","caption":"PWPN"},"url":"https:\/\/www.popesprayer.va\/fr\/author\/juanignacio\/"}]}},"_links":{"self":[{"href":"https:\/\/www.popesprayer.va\/fr\/wp-json\/wp\/v2\/posts\/92278","targetHints":{"allow":["GET"]}}],"collection":[{"href":"https:\/\/www.popesprayer.va\/fr\/wp-json\/wp\/v2\/posts"}],"about":[{"href":"https:\/\/www.popesprayer.va\/fr\/wp-json\/wp\/v2\/types\/post"}],"author":[{"embeddable":true,"href":"https:\/\/www.popesprayer.va\/fr\/wp-json\/wp\/v2\/users\/3"}],"replies":[{"embeddable":true,"href":"https:\/\/www.popesprayer.va\/fr\/wp-json\/wp\/v2\/comments?post=92278"}],"version-history":[{"count":3,"href":"https:\/\/www.popesprayer.va\/fr\/wp-json\/wp\/v2\/posts\/92278\/revisions"}],"predecessor-version":[{"id":92334,"href":"https:\/\/www.popesprayer.va\/fr\/wp-json\/wp\/v2\/posts\/92278\/revisions\/92334"}],"wp:featuredmedia":[{"embeddable":true,"href":"https:\/\/www.popesprayer.va\/fr\/wp-json\/wp\/v2\/media\/91362"}],"wp:attachment":[{"href":"https:\/\/www.popesprayer.va\/fr\/wp-json\/wp\/v2\/media?parent=92278"}],"wp:term":[{"taxonomy":"category","embeddable":true,"href":"https:\/\/www.popesprayer.va\/fr\/wp-json\/wp\/v2\/categories?post=92278"},{"taxonomy":"post_tag","embeddable":true,"href":"https:\/\/www.popesprayer.va\/fr\/wp-json\/wp\/v2\/tags?post=92278"}],"curies":[{"name":"wp","href":"https:\/\/api.w.org\/{rel}","templated":true}]}}