{"id":92597,"date":"2026-01-25T00:00:45","date_gmt":"2026-01-24T23:00:45","guid":{"rendered":"https:\/\/www.popesprayer.va\/?p=92597"},"modified":"2026-01-16T13:32:17","modified_gmt":"2026-01-16T12:32:17","slug":"nouvelle-parution-en-chemin","status":"publish","type":"post","link":"https:\/\/www.popesprayer.va\/fr\/nouvelle-parution-en-chemin\/","title":{"rendered":"Nouvelle parution: \u00ab En Chemin \u00bb"},"content":{"rendered":"<p><span style=\"font-weight: 400;\">Un nouveau livre de soutien du <\/span><b><i>Chemin du C\u0153ur<\/i><\/b><span style=\"font-weight: 400;\"> est d\u00e9sormais disponible, intitul\u00e9 <\/span><b>\u00ab <\/b><b><i>En Chemin <\/i><\/b><b>\u00bb<\/b><span style=\"font-weight: 400;\">. Cette nouvelle publication rassemble et organise l&rsquo;exp\u00e9rience vivante de ces derni\u00e8res ann\u00e9es dans la diffusion de l&rsquo;itin\u00e9raire spirituel du R\u00e9seau Mondial de Pri\u00e8re du Pape.<\/span><\/p>\n<p><span style=\"font-weight: 400;\">Ce nouvel ouvrage n&rsquo;est pas un manuel ferm\u00e9, mais un <\/span><b>compagnon de route<\/b><span style=\"font-weight: 400;\"> pour ceux qui souhaitent <\/span><b>proposer, animer et accompagner<\/b> <i><span style=\"font-weight: 400;\">Le Chemin du C\u0153ur<\/span><\/i><span style=\"font-weight: 400;\"> dans diff\u00e9rents contextes. Il rassemble des cl\u00e9s spirituelles, des aides m\u00e9thodologiques et des liens avec la tradition des <\/span><i><span style=\"font-weight: 400;\">Exercices Spirituels<\/span><\/i><span style=\"font-weight: 400;\"> de saint Ignace et la spiritualit\u00e9 du C\u0153ur de J\u00e9sus.<\/span><\/p>\n<p><span style=\"font-weight: 400;\">Il na\u00eet en r\u00e9ponse \u00e0 la croissance soutenue du <\/span><i><span style=\"font-weight: 400;\">Chemin du C\u0153ur<\/span><\/i><span style=\"font-weight: 400;\"> dans le monde entier et au besoin de disposer de mat\u00e9riels pour accompagner cette expansion. Il est con\u00e7u pour inspirer, encourager et soutenir la mission de ceux qui partagent ce chemin avec d&rsquo;autres.<\/span><\/p>\n<p><b>Disponible d\u00e9j\u00e0 sur notre <a href=\"http:\/\/cheminducoeur.church\" target=\"_blank\" rel=\"noopener\">plateforme en ligne<\/a><\/b><span style=\"font-weight: 400;\">, avec les onze livres pr\u00e9c\u00e9dents.<\/span><\/p>\n<p><span style=\"font-weight: 400;\">Un nouveau livre: un pas de plus sur ce chemin vivant qui continue \u00e0 transformer des vies dans le monde entier!<\/span><\/p>\n","protected":false},"excerpt":{"rendered":"<p>Un nouveau livre de soutien du Chemin du C\u0153ur est d\u00e9sormais disponible, intitul\u00e9 \u00ab En Chemin \u00bb. Cette nouvelle publication rassemble et organise l&rsquo;exp\u00e9rience vivante de ces derni\u00e8res ann\u00e9es dans la diffusion de l&rsquo;itin\u00e9raire spirituel du R\u00e9seau Mondial de Pri\u00e8re du Pape. Ce nouvel ouvrage n&rsquo;est pas un manuel ferm\u00e9, mais un compagnon de route [&hellip;]<\/p>\n","protected":false},"author":2,"featured_media":92583,"comment_status":"closed","ping_status":"closed","sticky":false,"template":"","format":"standard","meta":{"_acf_changed":false,"_et_pb_use_builder":"","_et_pb_old_content":"","_et_gb_content_width":"","footnotes":""},"categories":[49],"tags":[],"class_list":["post-92597","post","type-post","status-publish","format-standard","has-post-thumbnail","hentry","category-non-categorise"],"acf":[],"yoast_head":"<!-- This site is optimized with the Yoast SEO plugin v27.4 - https:\/\/yoast.com\/product\/yoast-seo-wordpress\/ -->\n<title>Nouvelle parution: \u00ab En Chemin \u00bb - R\u00e9seau Mondial de Pri\u00e8re du Pape<\/title>\n<meta name=\"robots\" content=\"index, follow, max-snippet:-1, max-image-preview:large, max-video-preview:-1\" \/>\n<link rel=\"canonical\" href=\"https:\/\/www.popesprayer.va\/fr\/nouvelle-parution-en-chemin\/\" \/>\n<meta property=\"og:locale\" content=\"fr_FR\" \/>\n<meta property=\"og:type\" content=\"article\" \/>\n<meta property=\"og:title\" content=\"Nouvelle parution: \u00ab En Chemin \u00bb - R\u00e9seau Mondial de Pri\u00e8re du Pape\" \/>\n<meta property=\"og:description\" content=\"Un nouveau livre de soutien du Chemin du C\u0153ur est d\u00e9sormais disponible, intitul\u00e9 \u00ab En Chemin \u00bb. Cette nouvelle publication rassemble et organise l&rsquo;exp\u00e9rience vivante de ces derni\u00e8res ann\u00e9es dans la diffusion de l&rsquo;itin\u00e9raire spirituel du R\u00e9seau Mondial de Pri\u00e8re du Pape. Ce nouvel ouvrage n&rsquo;est pas un manuel ferm\u00e9, mais un compagnon de route [&hellip;]\" \/>\n<meta property=\"og:url\" content=\"https:\/\/www.popesprayer.va\/fr\/nouvelle-parution-en-chemin\/\" \/>\n<meta property=\"og:site_name\" content=\"R\u00e9seau Mondial de Pri\u00e8re du Pape\" \/>\n<meta property=\"article:published_time\" content=\"2026-01-24T23:00:45+00:00\" \/>\n<meta property=\"og:image\" content=\"https:\/\/www.popesprayer.va\/wp-content\/uploads\/2026\/01\/12-ecc-fr-1-scaled.jpg\" \/>\n\t<meta property=\"og:image:width\" content=\"1812\" \/>\n\t<meta property=\"og:image:height\" content=\"2560\" \/>\n\t<meta property=\"og:image:type\" content=\"image\/jpeg\" \/>\n<meta name=\"author\" content=\"PWPN\" \/>\n<meta name=\"twitter:card\" content=\"summary_large_image\" \/>\n<meta name=\"twitter:label1\" content=\"\u00c9crit par\" \/>\n\t<meta name=\"twitter:data1\" content=\"PWPN\" \/>\n\t<meta name=\"twitter:label2\" content=\"Dur\u00e9e de lecture estim\u00e9e\" \/>\n\t<meta name=\"twitter:data2\" content=\"1 minute\" \/>\n<script type=\"application\/ld+json\" class=\"yoast-schema-graph\">{\"@context\":\"https:\\\/\\\/schema.org\",\"@graph\":[{\"@type\":\"Article\",\"@id\":\"https:\\\/\\\/www.popesprayer.va\\\/fr\\\/nouvelle-parution-en-chemin\\\/#article\",\"isPartOf\":{\"@id\":\"https:\\\/\\\/www.popesprayer.va\\\/fr\\\/nouvelle-parution-en-chemin\\\/\"},\"author\":{\"name\":\"PWPN\",\"@id\":\"https:\\\/\\\/www.popesprayer.va\\\/fr\\\/#\\\/schema\\\/person\\\/47382b3f75a9576a16176c16cdf4bf8f\"},\"headline\":\"Nouvelle parution: \u00ab En Chemin \u00bb\",\"datePublished\":\"2026-01-24T23:00:45+00:00\",\"mainEntityOfPage\":{\"@id\":\"https:\\\/\\\/www.popesprayer.va\\\/fr\\\/nouvelle-parution-en-chemin\\\/\"},\"wordCount\":201,\"publisher\":{\"@id\":\"https:\\\/\\\/www.popesprayer.va\\\/fr\\\/#organization\"},\"image\":{\"@id\":\"https:\\\/\\\/www.popesprayer.va\\\/fr\\\/nouvelle-parution-en-chemin\\\/#primaryimage\"},\"thumbnailUrl\":\"https:\\\/\\\/www.popesprayer.va\\\/wp-content\\\/uploads\\\/2026\\\/01\\\/12-ecc-fr-1-scaled.jpg\",\"articleSection\":[\"Actualit\u00e9s\"],\"inLanguage\":\"fr-FR\"},{\"@type\":\"WebPage\",\"@id\":\"https:\\\/\\\/www.popesprayer.va\\\/fr\\\/nouvelle-parution-en-chemin\\\/\",\"url\":\"https:\\\/\\\/www.popesprayer.va\\\/fr\\\/nouvelle-parution-en-chemin\\\/\",\"name\":\"Nouvelle parution: \u00ab En Chemin \u00bb - R\u00e9seau Mondial de Pri\u00e8re du Pape\",\"isPartOf\":{\"@id\":\"https:\\\/\\\/www.popesprayer.va\\\/fr\\\/#website\"},\"primaryImageOfPage\":{\"@id\":\"https:\\\/\\\/www.popesprayer.va\\\/fr\\\/nouvelle-parution-en-chemin\\\/#primaryimage\"},\"image\":{\"@id\":\"https:\\\/\\\/www.popesprayer.va\\\/fr\\\/nouvelle-parution-en-chemin\\\/#primaryimage\"},\"thumbnailUrl\":\"https:\\\/\\\/www.popesprayer.va\\\/wp-content\\\/uploads\\\/2026\\\/01\\\/12-ecc-fr-1-scaled.jpg\",\"datePublished\":\"2026-01-24T23:00:45+00:00\",\"breadcrumb\":{\"@id\":\"https:\\\/\\\/www.popesprayer.va\\\/fr\\\/nouvelle-parution-en-chemin\\\/#breadcrumb\"},\"inLanguage\":\"fr-FR\",\"potentialAction\":[{\"@type\":\"ReadAction\",\"target\":[\"https:\\\/\\\/www.popesprayer.va\\\/fr\\\/nouvelle-parution-en-chemin\\\/\"]}]},{\"@type\":\"ImageObject\",\"inLanguage\":\"fr-FR\",\"@id\":\"https:\\\/\\\/www.popesprayer.va\\\/fr\\\/nouvelle-parution-en-chemin\\\/#primaryimage\",\"url\":\"https:\\\/\\\/www.popesprayer.va\\\/wp-content\\\/uploads\\\/2026\\\/01\\\/12-ecc-fr-1-scaled.jpg\",\"contentUrl\":\"https:\\\/\\\/www.popesprayer.va\\\/wp-content\\\/uploads\\\/2026\\\/01\\\/12-ecc-fr-1-scaled.jpg\",\"width\":1812,\"height\":2560,\"caption\":\"12-ecc-fr\"},{\"@type\":\"BreadcrumbList\",\"@id\":\"https:\\\/\\\/www.popesprayer.va\\\/fr\\\/nouvelle-parution-en-chemin\\\/#breadcrumb\",\"itemListElement\":[{\"@type\":\"ListItem\",\"position\":1,\"name\":\"Accueil\",\"item\":\"https:\\\/\\\/www.popesprayer.va\\\/fr\\\/\"},{\"@type\":\"ListItem\",\"position\":2,\"name\":\"Nouvelle parution: \u00ab En Chemin \u00bb\"}]},{\"@type\":\"WebSite\",\"@id\":\"https:\\\/\\\/www.popesprayer.va\\\/fr\\\/#website\",\"url\":\"https:\\\/\\\/www.popesprayer.va\\\/fr\\\/\",\"name\":\"Pope's Worldwide Prayer Network\",\"description\":\"Pray together, change the world\",\"publisher\":{\"@id\":\"https:\\\/\\\/www.popesprayer.va\\\/fr\\\/#organization\"},\"potentialAction\":[{\"@type\":\"SearchAction\",\"target\":{\"@type\":\"EntryPoint\",\"urlTemplate\":\"https:\\\/\\\/www.popesprayer.va\\\/fr\\\/?s={search_term_string}\"},\"query-input\":{\"@type\":\"PropertyValueSpecification\",\"valueRequired\":true,\"valueName\":\"search_term_string\"}}],\"inLanguage\":\"fr-FR\"},{\"@type\":\"Organization\",\"@id\":\"https:\\\/\\\/www.popesprayer.va\\\/fr\\\/#organization\",\"name\":\"R\u00e9seau mondial de pri\u00e8re du pape\",\"url\":\"https:\\\/\\\/www.popesprayer.va\\\/fr\\\/\",\"logo\":{\"@type\":\"ImageObject\",\"inLanguage\":\"fr-FR\",\"@id\":\"https:\\\/\\\/www.popesprayer.va\\\/fr\\\/#\\\/schema\\\/logo\\\/image\\\/\",\"url\":\"https:\\\/\\\/www.popesprayer.va\\\/wp-content\\\/uploads\\\/2025\\\/01\\\/Logo-Popes-Worldwide-Prayer-Network-Pontifical-Work-EN-Horizontal.png\",\"contentUrl\":\"https:\\\/\\\/www.popesprayer.va\\\/wp-content\\\/uploads\\\/2025\\\/01\\\/Logo-Popes-Worldwide-Prayer-Network-Pontifical-Work-EN-Horizontal.png\",\"width\":1328,\"height\":228,\"caption\":\"R\u00e9seau mondial de pri\u00e8re du pape\"},\"image\":{\"@id\":\"https:\\\/\\\/www.popesprayer.va\\\/fr\\\/#\\\/schema\\\/logo\\\/image\\\/\"}},{\"@type\":\"Person\",\"@id\":\"https:\\\/\\\/www.popesprayer.va\\\/fr\\\/#\\\/schema\\\/person\\\/47382b3f75a9576a16176c16cdf4bf8f\",\"name\":\"PWPN\",\"image\":{\"@type\":\"ImageObject\",\"inLanguage\":\"fr-FR\",\"@id\":\"https:\\\/\\\/secure.gravatar.com\\\/avatar\\\/50d3b85093cf9363f4d6f737092e1c5ca7f754ab317b568587d4982cd49efd99?s=96&d=mm&r=g\",\"url\":\"https:\\\/\\\/secure.gravatar.com\\\/avatar\\\/50d3b85093cf9363f4d6f737092e1c5ca7f754ab317b568587d4982cd49efd99?s=96&d=mm&r=g\",\"contentUrl\":\"https:\\\/\\\/secure.gravatar.com\\\/avatar\\\/50d3b85093cf9363f4d6f737092e1c5ca7f754ab317b568587d4982cd49efd99?s=96&d=mm&r=g\",\"caption\":\"PWPN\"},\"url\":\"https:\\\/\\\/www.popesprayer.va\\\/fr\\\/author\\\/eloy\\\/\"}]}<\/script>\n<!-- \/ Yoast SEO plugin. -->","yoast_head_json":{"title":"Nouvelle parution: \u00ab En Chemin \u00bb - R\u00e9seau Mondial de Pri\u00e8re du Pape","robots":{"index":"index","follow":"follow","max-snippet":"max-snippet:-1","max-image-preview":"max-image-preview:large","max-video-preview":"max-video-preview:-1"},"canonical":"https:\/\/www.popesprayer.va\/fr\/nouvelle-parution-en-chemin\/","og_locale":"fr_FR","og_type":"article","og_title":"Nouvelle parution: \u00ab En Chemin \u00bb - R\u00e9seau Mondial de Pri\u00e8re du Pape","og_description":"Un nouveau livre de soutien du Chemin du C\u0153ur est d\u00e9sormais disponible, intitul\u00e9 \u00ab En Chemin \u00bb. Cette nouvelle publication rassemble et organise l&rsquo;exp\u00e9rience vivante de ces derni\u00e8res ann\u00e9es dans la diffusion de l&rsquo;itin\u00e9raire spirituel du R\u00e9seau Mondial de Pri\u00e8re du Pape. Ce nouvel ouvrage n&rsquo;est pas un manuel ferm\u00e9, mais un compagnon de route [&hellip;]","og_url":"https:\/\/www.popesprayer.va\/fr\/nouvelle-parution-en-chemin\/","og_site_name":"R\u00e9seau Mondial de Pri\u00e8re du Pape","article_published_time":"2026-01-24T23:00:45+00:00","og_image":[{"width":1812,"height":2560,"url":"https:\/\/www.popesprayer.va\/wp-content\/uploads\/2026\/01\/12-ecc-fr-1-scaled.jpg","type":"image\/jpeg"}],"author":"PWPN","twitter_card":"summary_large_image","twitter_misc":{"\u00c9crit par":"PWPN","Dur\u00e9e de lecture estim\u00e9e":"1 minute"},"schema":{"@context":"https:\/\/schema.org","@graph":[{"@type":"Article","@id":"https:\/\/www.popesprayer.va\/fr\/nouvelle-parution-en-chemin\/#article","isPartOf":{"@id":"https:\/\/www.popesprayer.va\/fr\/nouvelle-parution-en-chemin\/"},"author":{"name":"PWPN","@id":"https:\/\/www.popesprayer.va\/fr\/#\/schema\/person\/47382b3f75a9576a16176c16cdf4bf8f"},"headline":"Nouvelle parution: \u00ab En Chemin \u00bb","datePublished":"2026-01-24T23:00:45+00:00","mainEntityOfPage":{"@id":"https:\/\/www.popesprayer.va\/fr\/nouvelle-parution-en-chemin\/"},"wordCount":201,"publisher":{"@id":"https:\/\/www.popesprayer.va\/fr\/#organization"},"image":{"@id":"https:\/\/www.popesprayer.va\/fr\/nouvelle-parution-en-chemin\/#primaryimage"},"thumbnailUrl":"https:\/\/www.popesprayer.va\/wp-content\/uploads\/2026\/01\/12-ecc-fr-1-scaled.jpg","articleSection":["Actualit\u00e9s"],"inLanguage":"fr-FR"},{"@type":"WebPage","@id":"https:\/\/www.popesprayer.va\/fr\/nouvelle-parution-en-chemin\/","url":"https:\/\/www.popesprayer.va\/fr\/nouvelle-parution-en-chemin\/","name":"Nouvelle parution: \u00ab En Chemin \u00bb - R\u00e9seau Mondial de Pri\u00e8re du Pape","isPartOf":{"@id":"https:\/\/www.popesprayer.va\/fr\/#website"},"primaryImageOfPage":{"@id":"https:\/\/www.popesprayer.va\/fr\/nouvelle-parution-en-chemin\/#primaryimage"},"image":{"@id":"https:\/\/www.popesprayer.va\/fr\/nouvelle-parution-en-chemin\/#primaryimage"},"thumbnailUrl":"https:\/\/www.popesprayer.va\/wp-content\/uploads\/2026\/01\/12-ecc-fr-1-scaled.jpg","datePublished":"2026-01-24T23:00:45+00:00","breadcrumb":{"@id":"https:\/\/www.popesprayer.va\/fr\/nouvelle-parution-en-chemin\/#breadcrumb"},"inLanguage":"fr-FR","potentialAction":[{"@type":"ReadAction","target":["https:\/\/www.popesprayer.va\/fr\/nouvelle-parution-en-chemin\/"]}]},{"@type":"ImageObject","inLanguage":"fr-FR","@id":"https:\/\/www.popesprayer.va\/fr\/nouvelle-parution-en-chemin\/#primaryimage","url":"https:\/\/www.popesprayer.va\/wp-content\/uploads\/2026\/01\/12-ecc-fr-1-scaled.jpg","contentUrl":"https:\/\/www.popesprayer.va\/wp-content\/uploads\/2026\/01\/12-ecc-fr-1-scaled.jpg","width":1812,"height":2560,"caption":"12-ecc-fr"},{"@type":"BreadcrumbList","@id":"https:\/\/www.popesprayer.va\/fr\/nouvelle-parution-en-chemin\/#breadcrumb","itemListElement":[{"@type":"ListItem","position":1,"name":"Accueil","item":"https:\/\/www.popesprayer.va\/fr\/"},{"@type":"ListItem","position":2,"name":"Nouvelle parution: \u00ab En Chemin \u00bb"}]},{"@type":"WebSite","@id":"https:\/\/www.popesprayer.va\/fr\/#website","url":"https:\/\/www.popesprayer.va\/fr\/","name":"Pope's Worldwide Prayer Network","description":"Pray together, change the world","publisher":{"@id":"https:\/\/www.popesprayer.va\/fr\/#organization"},"potentialAction":[{"@type":"SearchAction","target":{"@type":"EntryPoint","urlTemplate":"https:\/\/www.popesprayer.va\/fr\/?s={search_term_string}"},"query-input":{"@type":"PropertyValueSpecification","valueRequired":true,"valueName":"search_term_string"}}],"inLanguage":"fr-FR"},{"@type":"Organization","@id":"https:\/\/www.popesprayer.va\/fr\/#organization","name":"R\u00e9seau mondial de pri\u00e8re du pape","url":"https:\/\/www.popesprayer.va\/fr\/","logo":{"@type":"ImageObject","inLanguage":"fr-FR","@id":"https:\/\/www.popesprayer.va\/fr\/#\/schema\/logo\/image\/","url":"https:\/\/www.popesprayer.va\/wp-content\/uploads\/2025\/01\/Logo-Popes-Worldwide-Prayer-Network-Pontifical-Work-EN-Horizontal.png","contentUrl":"https:\/\/www.popesprayer.va\/wp-content\/uploads\/2025\/01\/Logo-Popes-Worldwide-Prayer-Network-Pontifical-Work-EN-Horizontal.png","width":1328,"height":228,"caption":"R\u00e9seau mondial de pri\u00e8re du pape"},"image":{"@id":"https:\/\/www.popesprayer.va\/fr\/#\/schema\/logo\/image\/"}},{"@type":"Person","@id":"https:\/\/www.popesprayer.va\/fr\/#\/schema\/person\/47382b3f75a9576a16176c16cdf4bf8f","name":"PWPN","image":{"@type":"ImageObject","inLanguage":"fr-FR","@id":"https:\/\/secure.gravatar.com\/avatar\/50d3b85093cf9363f4d6f737092e1c5ca7f754ab317b568587d4982cd49efd99?s=96&d=mm&r=g","url":"https:\/\/secure.gravatar.com\/avatar\/50d3b85093cf9363f4d6f737092e1c5ca7f754ab317b568587d4982cd49efd99?s=96&d=mm&r=g","contentUrl":"https:\/\/secure.gravatar.com\/avatar\/50d3b85093cf9363f4d6f737092e1c5ca7f754ab317b568587d4982cd49efd99?s=96&d=mm&r=g","caption":"PWPN"},"url":"https:\/\/www.popesprayer.va\/fr\/author\/eloy\/"}]}},"_links":{"self":[{"href":"https:\/\/www.popesprayer.va\/fr\/wp-json\/wp\/v2\/posts\/92597","targetHints":{"allow":["GET"]}}],"collection":[{"href":"https:\/\/www.popesprayer.va\/fr\/wp-json\/wp\/v2\/posts"}],"about":[{"href":"https:\/\/www.popesprayer.va\/fr\/wp-json\/wp\/v2\/types\/post"}],"author":[{"embeddable":true,"href":"https:\/\/www.popesprayer.va\/fr\/wp-json\/wp\/v2\/users\/2"}],"replies":[{"embeddable":true,"href":"https:\/\/www.popesprayer.va\/fr\/wp-json\/wp\/v2\/comments?post=92597"}],"version-history":[{"count":1,"href":"https:\/\/www.popesprayer.va\/fr\/wp-json\/wp\/v2\/posts\/92597\/revisions"}],"predecessor-version":[{"id":92598,"href":"https:\/\/www.popesprayer.va\/fr\/wp-json\/wp\/v2\/posts\/92597\/revisions\/92598"}],"wp:featuredmedia":[{"embeddable":true,"href":"https:\/\/www.popesprayer.va\/fr\/wp-json\/wp\/v2\/media\/92583"}],"wp:attachment":[{"href":"https:\/\/www.popesprayer.va\/fr\/wp-json\/wp\/v2\/media?parent=92597"}],"wp:term":[{"taxonomy":"category","embeddable":true,"href":"https:\/\/www.popesprayer.va\/fr\/wp-json\/wp\/v2\/categories?post=92597"},{"taxonomy":"post_tag","embeddable":true,"href":"https:\/\/www.popesprayer.va\/fr\/wp-json\/wp\/v2\/tags?post=92597"}],"curies":[{"name":"wp","href":"https:\/\/api.w.org\/{rel}","templated":true}]}}