{"id":92833,"date":"2026-01-29T16:52:09","date_gmt":"2026-01-29T15:52:09","guid":{"rendered":"https:\/\/www.popesprayer.va\/reunion-du-conseil-international\/"},"modified":"2026-01-29T20:02:32","modified_gmt":"2026-01-29T19:02:32","slug":"reunion-du-conseil-international","status":"publish","type":"post","link":"https:\/\/www.popesprayer.va\/fr\/reunion-du-conseil-international\/","title":{"rendered":"R\u00e9union du Conseil international"},"content":{"rendered":"<p><span style=\"font-weight: 400;\">Du 27 au 31 janvier, le <a href=\"https:\/\/www.popesprayer.va\/the-team\/\">Conseil international<\/a> du R\u00e9seau mondial de pri\u00e8re du Pape se r\u00e9unit \u00e0 Rome. Cet organe est compos\u00e9 des six coordinateurs continentaux et sa mission premi\u00e8re est d&rsquo;accompagner l&rsquo;\u00e9quipe de direction internationale. <\/span><\/p>\n<p><span style=\"font-weight: 400;\">Le travail principal des coordinateurs continentaux consiste \u00e0 apporter un soutien pastoral aux directeurs nationaux du r\u00e9seau et \u00e0 favoriser les espaces de communication et de collaboration entre les repr\u00e9sentants des diff\u00e9rentes \u00e9quipes nationales de leur r\u00e9gion.<\/span><\/p>\n<p><span style=\"font-weight: 400;\">A cette occasion, le Conseil s&rsquo;est r\u00e9uni pour faire le point sur la situation actuelle dans les diff\u00e9rents pays et pour planifier les lignes d&rsquo;action prioritaires pour l&rsquo;ann\u00e9e 2026. De m\u00eame, cette r\u00e9union repr\u00e9sente un espace privil\u00e9gi\u00e9 pour partager des exp\u00e9riences et collaborer sur les divers th\u00e8mes de la mission internationale. <\/span><\/p>\n<p><b>Participants \u00e0 la r\u00e9union :<\/b><\/p>\n<p><b>Coordinateurs continentaux :<\/b><\/p>\n<ul>\n<li style=\"font-weight: 400;\" aria-level=\"1\"><b>Asie du Sud :<\/b><span style=\"font-weight: 400;\">  P. Xavier Tharamel SJ <\/span><\/li>\n<li style=\"font-weight: 400;\" aria-level=\"1\"><b>L&rsquo;Europe :<\/b><span style=\"font-weight: 400;\">  P\u00e8re Antonio Sant&rsquo;Ana SJ <\/span><\/li>\n<li style=\"font-weight: 400;\" aria-level=\"1\"><b>Afrique :<\/b><span style=\"font-weight: 400;\">  P. Valter Cassamano SJ <\/span><\/li>\n<li style=\"font-weight: 400;\" aria-level=\"1\"><b>Asie-Pacifique :<\/b><span style=\"font-weight: 400;\"> Anne Gray &amp; John Gray (d\u00e9l\u00e9gu\u00e9s)<\/span><\/li>\n<li style=\"font-weight: 400;\" aria-level=\"1\"><b>Am\u00e9rique latine et Cara\u00efbes :<\/b><span style=\"font-weight: 400;\"> Bettina Raed<\/span><\/li>\n<li style=\"font-weight: 400;\" aria-level=\"1\"><b>Am\u00e9rique du Nord :<\/b><span style=\"font-weight: 400;\">  P\u00e8re Philip Hurley SJ <\/span><\/li>\n<\/ul>\n<p><b>\u00c9quipe de direction internationale :<\/b><\/p>\n<ul>\n<li style=\"font-weight: 400;\" aria-level=\"1\"><b>Directeur :<\/b><span style=\"font-weight: 400;\">  P\u00e8re Crist\u00f3bal Fones SJ <\/span><\/li>\n<li style=\"font-weight: 400;\" aria-level=\"1\"><b>Vice-directeur :<\/b><span style=\"font-weight: 400;\"> Bettina Raed<\/span><\/li>\n<li style=\"font-weight: 400;\" aria-level=\"1\"><b>Vice-directeur :<\/b><span style=\"font-weight: 400;\">  P\u00e8re Miguel Melo SJ <\/span><\/li>\n<\/ul>\n<p><span style=\"font-weight: 400;\">En outre, des membres de l&rsquo;\u00e9quipe ex\u00e9cutive internationale participent \u00e0 certains modules :<\/span><\/p>\n<ul>\n<li style=\"font-weight: 400;\" aria-level=\"1\"><b>Administration :<\/b><span style=\"font-weight: 400;\"> Ana Ben\u00edtez Carracedo<\/span><\/li>\n<li style=\"font-weight: 400;\" aria-level=\"1\"><b>Communication :<\/b><span style=\"font-weight: 400;\"> Juan Ignacio Castellaro<\/span><\/li>\n<li style=\"font-weight: 400;\" aria-level=\"1\"><b>Finances :<\/b><span style=\"font-weight: 400;\"> Pilar Jenssen<\/span><\/li>\n<\/ul>\n<p><img loading=\"lazy\" decoding=\"async\" class=\"aligncenter wp-image-92822 size-full\" src=\"https:\/\/www.popesprayer.va\/wp-content\/uploads\/2026\/01\/WhatsApp-Image-2026-01-29-at-16.41.27.jpeg\" alt=\"WhatsApp Image 2026-01-29 \u00e0 16.41.27\" width=\"956\" height=\"847\"><\/p>\n<p><img loading=\"lazy\" decoding=\"async\" class=\"aligncenter wp-image-92823 size-full\" src=\"https:\/\/www.popesprayer.va\/wp-content\/uploads\/2026\/01\/WhatsApp-Image-2026-01-29-at-16.42.16-1.jpeg\" alt=\"WhatsApp Image 2026-01-29 \u00e0 16.42.16 (1)\" width=\"1196\" height=\"1246\"><\/p>\n<p><img loading=\"lazy\" decoding=\"async\" class=\"aligncenter wp-image-92824 size-full\" src=\"https:\/\/www.popesprayer.va\/wp-content\/uploads\/2026\/01\/WhatsApp-Image-2026-01-29-at-16.42.16.jpeg\" alt=\"Image WhatsApp 2026-01-29 \u00e0 16.42.16\" width=\"1200\" height=\"1313\"><\/p>\n<p>&nbsp;<\/p>\n<p><span style=\"font-weight: 400;\">Cette r\u00e9union renforce la mission commune et optimise la collaboration dans la gestion de la Fondation du Vatican et des \u0152uvres Pontificales Apostoliques, contribuant \u00e0 renforcer les liens et \u00e0 consolider une vision globale de ce r\u00e9seau de personnes.<\/span><\/p>\n","protected":false},"excerpt":{"rendered":"<p>Du 27 au 31 janvier, le Conseil international du R\u00e9seau mondial de pri\u00e8re du Pape se r\u00e9unit \u00e0 Rome. Cet organe est compos\u00e9 des six coordinateurs continentaux et sa mission premi\u00e8re est d&rsquo;accompagner l&rsquo;\u00e9quipe de direction internationale. Le travail principal des coordinateurs continentaux consiste \u00e0 apporter un soutien pastoral aux directeurs nationaux du r\u00e9seau et [&hellip;]<\/p>\n","protected":false},"author":3,"featured_media":92834,"comment_status":"closed","ping_status":"closed","sticky":false,"template":"","format":"standard","meta":{"_acf_changed":false,"_et_pb_use_builder":"","_et_pb_old_content":"","_et_gb_content_width":"","footnotes":""},"categories":[49],"tags":[],"class_list":["post-92833","post","type-post","status-publish","format-standard","has-post-thumbnail","hentry","category-non-categorise"],"acf":[],"yoast_head":"<!-- This site is optimized with the Yoast SEO plugin v27.4 - https:\/\/yoast.com\/product\/yoast-seo-wordpress\/ -->\n<title>R\u00e9union du Conseil international - R\u00e9seau Mondial de Pri\u00e8re du Pape<\/title>\n<meta name=\"robots\" content=\"index, follow, max-snippet:-1, max-image-preview:large, max-video-preview:-1\" \/>\n<link rel=\"canonical\" href=\"https:\/\/www.popesprayer.va\/fr\/reunion-du-conseil-international\/\" \/>\n<meta property=\"og:locale\" content=\"fr_FR\" \/>\n<meta property=\"og:type\" content=\"article\" \/>\n<meta property=\"og:title\" content=\"R\u00e9union du Conseil international - R\u00e9seau Mondial de Pri\u00e8re du Pape\" \/>\n<meta property=\"og:description\" content=\"Du 27 au 31 janvier, le Conseil international du R\u00e9seau mondial de pri\u00e8re du Pape se r\u00e9unit \u00e0 Rome. Cet organe est compos\u00e9 des six coordinateurs continentaux et sa mission premi\u00e8re est d&rsquo;accompagner l&rsquo;\u00e9quipe de direction internationale. Le travail principal des coordinateurs continentaux consiste \u00e0 apporter un soutien pastoral aux directeurs nationaux du r\u00e9seau et [&hellip;]\" \/>\n<meta property=\"og:url\" content=\"https:\/\/www.popesprayer.va\/fr\/reunion-du-conseil-international\/\" \/>\n<meta property=\"og:site_name\" content=\"R\u00e9seau Mondial de Pri\u00e8re du Pape\" \/>\n<meta property=\"article:published_time\" content=\"2026-01-29T15:52:09+00:00\" \/>\n<meta property=\"article:modified_time\" content=\"2026-01-29T19:02:32+00:00\" \/>\n<meta property=\"og:image\" content=\"https:\/\/www.popesprayer.va\/wp-content\/uploads\/2026\/01\/PWPN_20260129_006.jpg\" \/>\n\t<meta property=\"og:image:width\" content=\"1800\" \/>\n\t<meta property=\"og:image:height\" content=\"1350\" \/>\n\t<meta property=\"og:image:type\" content=\"image\/jpeg\" \/>\n<meta name=\"author\" content=\"PWPN\" \/>\n<meta name=\"twitter:card\" content=\"summary_large_image\" \/>\n<meta name=\"twitter:label1\" content=\"\u00c9crit par\" \/>\n\t<meta name=\"twitter:data1\" content=\"PWPN\" \/>\n\t<meta name=\"twitter:label2\" content=\"Dur\u00e9e de lecture estim\u00e9e\" \/>\n\t<meta name=\"twitter:data2\" content=\"1 minute\" \/>\n<script type=\"application\/ld+json\" class=\"yoast-schema-graph\">{\"@context\":\"https:\\\/\\\/schema.org\",\"@graph\":[{\"@type\":\"Article\",\"@id\":\"https:\\\/\\\/www.popesprayer.va\\\/fr\\\/reunion-du-conseil-international\\\/#article\",\"isPartOf\":{\"@id\":\"https:\\\/\\\/www.popesprayer.va\\\/fr\\\/reunion-du-conseil-international\\\/\"},\"author\":{\"name\":\"PWPN\",\"@id\":\"https:\\\/\\\/www.popesprayer.va\\\/fr\\\/#\\\/schema\\\/person\\\/a2ed8ee1aba901ccc12646bc52342ca3\"},\"headline\":\"R\u00e9union du Conseil international\",\"datePublished\":\"2026-01-29T15:52:09+00:00\",\"dateModified\":\"2026-01-29T19:02:32+00:00\",\"mainEntityOfPage\":{\"@id\":\"https:\\\/\\\/www.popesprayer.va\\\/fr\\\/reunion-du-conseil-international\\\/\"},\"wordCount\":284,\"publisher\":{\"@id\":\"https:\\\/\\\/www.popesprayer.va\\\/fr\\\/#organization\"},\"image\":{\"@id\":\"https:\\\/\\\/www.popesprayer.va\\\/fr\\\/reunion-du-conseil-international\\\/#primaryimage\"},\"thumbnailUrl\":\"https:\\\/\\\/www.popesprayer.va\\\/wp-content\\\/uploads\\\/2026\\\/01\\\/PWPN_20260129_006.jpg\",\"articleSection\":[\"Actualit\u00e9s\"],\"inLanguage\":\"fr-FR\"},{\"@type\":\"WebPage\",\"@id\":\"https:\\\/\\\/www.popesprayer.va\\\/fr\\\/reunion-du-conseil-international\\\/\",\"url\":\"https:\\\/\\\/www.popesprayer.va\\\/fr\\\/reunion-du-conseil-international\\\/\",\"name\":\"R\u00e9union du Conseil international - R\u00e9seau Mondial de Pri\u00e8re du Pape\",\"isPartOf\":{\"@id\":\"https:\\\/\\\/www.popesprayer.va\\\/fr\\\/#website\"},\"primaryImageOfPage\":{\"@id\":\"https:\\\/\\\/www.popesprayer.va\\\/fr\\\/reunion-du-conseil-international\\\/#primaryimage\"},\"image\":{\"@id\":\"https:\\\/\\\/www.popesprayer.va\\\/fr\\\/reunion-du-conseil-international\\\/#primaryimage\"},\"thumbnailUrl\":\"https:\\\/\\\/www.popesprayer.va\\\/wp-content\\\/uploads\\\/2026\\\/01\\\/PWPN_20260129_006.jpg\",\"datePublished\":\"2026-01-29T15:52:09+00:00\",\"dateModified\":\"2026-01-29T19:02:32+00:00\",\"breadcrumb\":{\"@id\":\"https:\\\/\\\/www.popesprayer.va\\\/fr\\\/reunion-du-conseil-international\\\/#breadcrumb\"},\"inLanguage\":\"fr-FR\",\"potentialAction\":[{\"@type\":\"ReadAction\",\"target\":[\"https:\\\/\\\/www.popesprayer.va\\\/fr\\\/reunion-du-conseil-international\\\/\"]}]},{\"@type\":\"ImageObject\",\"inLanguage\":\"fr-FR\",\"@id\":\"https:\\\/\\\/www.popesprayer.va\\\/fr\\\/reunion-du-conseil-international\\\/#primaryimage\",\"url\":\"https:\\\/\\\/www.popesprayer.va\\\/wp-content\\\/uploads\\\/2026\\\/01\\\/PWPN_20260129_006.jpg\",\"contentUrl\":\"https:\\\/\\\/www.popesprayer.va\\\/wp-content\\\/uploads\\\/2026\\\/01\\\/PWPN_20260129_006.jpg\",\"width\":1800,\"height\":1350,\"caption\":\"PWPN_20260129_006\"},{\"@type\":\"BreadcrumbList\",\"@id\":\"https:\\\/\\\/www.popesprayer.va\\\/fr\\\/reunion-du-conseil-international\\\/#breadcrumb\",\"itemListElement\":[{\"@type\":\"ListItem\",\"position\":1,\"name\":\"Accueil\",\"item\":\"https:\\\/\\\/www.popesprayer.va\\\/fr\\\/\"},{\"@type\":\"ListItem\",\"position\":2,\"name\":\"R\u00e9union du Conseil international\"}]},{\"@type\":\"WebSite\",\"@id\":\"https:\\\/\\\/www.popesprayer.va\\\/fr\\\/#website\",\"url\":\"https:\\\/\\\/www.popesprayer.va\\\/fr\\\/\",\"name\":\"Pope's Worldwide Prayer Network\",\"description\":\"Pray together, change the world\",\"publisher\":{\"@id\":\"https:\\\/\\\/www.popesprayer.va\\\/fr\\\/#organization\"},\"potentialAction\":[{\"@type\":\"SearchAction\",\"target\":{\"@type\":\"EntryPoint\",\"urlTemplate\":\"https:\\\/\\\/www.popesprayer.va\\\/fr\\\/?s={search_term_string}\"},\"query-input\":{\"@type\":\"PropertyValueSpecification\",\"valueRequired\":true,\"valueName\":\"search_term_string\"}}],\"inLanguage\":\"fr-FR\"},{\"@type\":\"Organization\",\"@id\":\"https:\\\/\\\/www.popesprayer.va\\\/fr\\\/#organization\",\"name\":\"R\u00e9seau mondial de pri\u00e8re du pape\",\"url\":\"https:\\\/\\\/www.popesprayer.va\\\/fr\\\/\",\"logo\":{\"@type\":\"ImageObject\",\"inLanguage\":\"fr-FR\",\"@id\":\"https:\\\/\\\/www.popesprayer.va\\\/fr\\\/#\\\/schema\\\/logo\\\/image\\\/\",\"url\":\"https:\\\/\\\/www.popesprayer.va\\\/wp-content\\\/uploads\\\/2025\\\/01\\\/Logo-Popes-Worldwide-Prayer-Network-Pontifical-Work-EN-Horizontal.png\",\"contentUrl\":\"https:\\\/\\\/www.popesprayer.va\\\/wp-content\\\/uploads\\\/2025\\\/01\\\/Logo-Popes-Worldwide-Prayer-Network-Pontifical-Work-EN-Horizontal.png\",\"width\":1328,\"height\":228,\"caption\":\"R\u00e9seau mondial de pri\u00e8re du pape\"},\"image\":{\"@id\":\"https:\\\/\\\/www.popesprayer.va\\\/fr\\\/#\\\/schema\\\/logo\\\/image\\\/\"}},{\"@type\":\"Person\",\"@id\":\"https:\\\/\\\/www.popesprayer.va\\\/fr\\\/#\\\/schema\\\/person\\\/a2ed8ee1aba901ccc12646bc52342ca3\",\"name\":\"PWPN\",\"image\":{\"@type\":\"ImageObject\",\"inLanguage\":\"fr-FR\",\"@id\":\"https:\\\/\\\/secure.gravatar.com\\\/avatar\\\/3e051956528dbc073554fef8e508c205726bf31f33ed5595a661c767110dadf3?s=96&d=mm&r=g\",\"url\":\"https:\\\/\\\/secure.gravatar.com\\\/avatar\\\/3e051956528dbc073554fef8e508c205726bf31f33ed5595a661c767110dadf3?s=96&d=mm&r=g\",\"contentUrl\":\"https:\\\/\\\/secure.gravatar.com\\\/avatar\\\/3e051956528dbc073554fef8e508c205726bf31f33ed5595a661c767110dadf3?s=96&d=mm&r=g\",\"caption\":\"PWPN\"},\"url\":\"https:\\\/\\\/www.popesprayer.va\\\/fr\\\/author\\\/juanignacio\\\/\"}]}<\/script>\n<!-- \/ Yoast SEO plugin. -->","yoast_head_json":{"title":"R\u00e9union du Conseil international - R\u00e9seau Mondial de Pri\u00e8re du Pape","robots":{"index":"index","follow":"follow","max-snippet":"max-snippet:-1","max-image-preview":"max-image-preview:large","max-video-preview":"max-video-preview:-1"},"canonical":"https:\/\/www.popesprayer.va\/fr\/reunion-du-conseil-international\/","og_locale":"fr_FR","og_type":"article","og_title":"R\u00e9union du Conseil international - R\u00e9seau Mondial de Pri\u00e8re du Pape","og_description":"Du 27 au 31 janvier, le Conseil international du R\u00e9seau mondial de pri\u00e8re du Pape se r\u00e9unit \u00e0 Rome. Cet organe est compos\u00e9 des six coordinateurs continentaux et sa mission premi\u00e8re est d&rsquo;accompagner l&rsquo;\u00e9quipe de direction internationale. Le travail principal des coordinateurs continentaux consiste \u00e0 apporter un soutien pastoral aux directeurs nationaux du r\u00e9seau et [&hellip;]","og_url":"https:\/\/www.popesprayer.va\/fr\/reunion-du-conseil-international\/","og_site_name":"R\u00e9seau Mondial de Pri\u00e8re du Pape","article_published_time":"2026-01-29T15:52:09+00:00","article_modified_time":"2026-01-29T19:02:32+00:00","og_image":[{"width":1800,"height":1350,"url":"https:\/\/www.popesprayer.va\/wp-content\/uploads\/2026\/01\/PWPN_20260129_006.jpg","type":"image\/jpeg"}],"author":"PWPN","twitter_card":"summary_large_image","twitter_misc":{"\u00c9crit par":"PWPN","Dur\u00e9e de lecture estim\u00e9e":"1 minute"},"schema":{"@context":"https:\/\/schema.org","@graph":[{"@type":"Article","@id":"https:\/\/www.popesprayer.va\/fr\/reunion-du-conseil-international\/#article","isPartOf":{"@id":"https:\/\/www.popesprayer.va\/fr\/reunion-du-conseil-international\/"},"author":{"name":"PWPN","@id":"https:\/\/www.popesprayer.va\/fr\/#\/schema\/person\/a2ed8ee1aba901ccc12646bc52342ca3"},"headline":"R\u00e9union du Conseil international","datePublished":"2026-01-29T15:52:09+00:00","dateModified":"2026-01-29T19:02:32+00:00","mainEntityOfPage":{"@id":"https:\/\/www.popesprayer.va\/fr\/reunion-du-conseil-international\/"},"wordCount":284,"publisher":{"@id":"https:\/\/www.popesprayer.va\/fr\/#organization"},"image":{"@id":"https:\/\/www.popesprayer.va\/fr\/reunion-du-conseil-international\/#primaryimage"},"thumbnailUrl":"https:\/\/www.popesprayer.va\/wp-content\/uploads\/2026\/01\/PWPN_20260129_006.jpg","articleSection":["Actualit\u00e9s"],"inLanguage":"fr-FR"},{"@type":"WebPage","@id":"https:\/\/www.popesprayer.va\/fr\/reunion-du-conseil-international\/","url":"https:\/\/www.popesprayer.va\/fr\/reunion-du-conseil-international\/","name":"R\u00e9union du Conseil international - R\u00e9seau Mondial de Pri\u00e8re du Pape","isPartOf":{"@id":"https:\/\/www.popesprayer.va\/fr\/#website"},"primaryImageOfPage":{"@id":"https:\/\/www.popesprayer.va\/fr\/reunion-du-conseil-international\/#primaryimage"},"image":{"@id":"https:\/\/www.popesprayer.va\/fr\/reunion-du-conseil-international\/#primaryimage"},"thumbnailUrl":"https:\/\/www.popesprayer.va\/wp-content\/uploads\/2026\/01\/PWPN_20260129_006.jpg","datePublished":"2026-01-29T15:52:09+00:00","dateModified":"2026-01-29T19:02:32+00:00","breadcrumb":{"@id":"https:\/\/www.popesprayer.va\/fr\/reunion-du-conseil-international\/#breadcrumb"},"inLanguage":"fr-FR","potentialAction":[{"@type":"ReadAction","target":["https:\/\/www.popesprayer.va\/fr\/reunion-du-conseil-international\/"]}]},{"@type":"ImageObject","inLanguage":"fr-FR","@id":"https:\/\/www.popesprayer.va\/fr\/reunion-du-conseil-international\/#primaryimage","url":"https:\/\/www.popesprayer.va\/wp-content\/uploads\/2026\/01\/PWPN_20260129_006.jpg","contentUrl":"https:\/\/www.popesprayer.va\/wp-content\/uploads\/2026\/01\/PWPN_20260129_006.jpg","width":1800,"height":1350,"caption":"PWPN_20260129_006"},{"@type":"BreadcrumbList","@id":"https:\/\/www.popesprayer.va\/fr\/reunion-du-conseil-international\/#breadcrumb","itemListElement":[{"@type":"ListItem","position":1,"name":"Accueil","item":"https:\/\/www.popesprayer.va\/fr\/"},{"@type":"ListItem","position":2,"name":"R\u00e9union du Conseil international"}]},{"@type":"WebSite","@id":"https:\/\/www.popesprayer.va\/fr\/#website","url":"https:\/\/www.popesprayer.va\/fr\/","name":"Pope's Worldwide Prayer Network","description":"Pray together, change the world","publisher":{"@id":"https:\/\/www.popesprayer.va\/fr\/#organization"},"potentialAction":[{"@type":"SearchAction","target":{"@type":"EntryPoint","urlTemplate":"https:\/\/www.popesprayer.va\/fr\/?s={search_term_string}"},"query-input":{"@type":"PropertyValueSpecification","valueRequired":true,"valueName":"search_term_string"}}],"inLanguage":"fr-FR"},{"@type":"Organization","@id":"https:\/\/www.popesprayer.va\/fr\/#organization","name":"R\u00e9seau mondial de pri\u00e8re du pape","url":"https:\/\/www.popesprayer.va\/fr\/","logo":{"@type":"ImageObject","inLanguage":"fr-FR","@id":"https:\/\/www.popesprayer.va\/fr\/#\/schema\/logo\/image\/","url":"https:\/\/www.popesprayer.va\/wp-content\/uploads\/2025\/01\/Logo-Popes-Worldwide-Prayer-Network-Pontifical-Work-EN-Horizontal.png","contentUrl":"https:\/\/www.popesprayer.va\/wp-content\/uploads\/2025\/01\/Logo-Popes-Worldwide-Prayer-Network-Pontifical-Work-EN-Horizontal.png","width":1328,"height":228,"caption":"R\u00e9seau mondial de pri\u00e8re du pape"},"image":{"@id":"https:\/\/www.popesprayer.va\/fr\/#\/schema\/logo\/image\/"}},{"@type":"Person","@id":"https:\/\/www.popesprayer.va\/fr\/#\/schema\/person\/a2ed8ee1aba901ccc12646bc52342ca3","name":"PWPN","image":{"@type":"ImageObject","inLanguage":"fr-FR","@id":"https:\/\/secure.gravatar.com\/avatar\/3e051956528dbc073554fef8e508c205726bf31f33ed5595a661c767110dadf3?s=96&d=mm&r=g","url":"https:\/\/secure.gravatar.com\/avatar\/3e051956528dbc073554fef8e508c205726bf31f33ed5595a661c767110dadf3?s=96&d=mm&r=g","contentUrl":"https:\/\/secure.gravatar.com\/avatar\/3e051956528dbc073554fef8e508c205726bf31f33ed5595a661c767110dadf3?s=96&d=mm&r=g","caption":"PWPN"},"url":"https:\/\/www.popesprayer.va\/fr\/author\/juanignacio\/"}]}},"_links":{"self":[{"href":"https:\/\/www.popesprayer.va\/fr\/wp-json\/wp\/v2\/posts\/92833","targetHints":{"allow":["GET"]}}],"collection":[{"href":"https:\/\/www.popesprayer.va\/fr\/wp-json\/wp\/v2\/posts"}],"about":[{"href":"https:\/\/www.popesprayer.va\/fr\/wp-json\/wp\/v2\/types\/post"}],"author":[{"embeddable":true,"href":"https:\/\/www.popesprayer.va\/fr\/wp-json\/wp\/v2\/users\/3"}],"replies":[{"embeddable":true,"href":"https:\/\/www.popesprayer.va\/fr\/wp-json\/wp\/v2\/comments?post=92833"}],"version-history":[{"count":1,"href":"https:\/\/www.popesprayer.va\/fr\/wp-json\/wp\/v2\/posts\/92833\/revisions"}],"predecessor-version":[{"id":92839,"href":"https:\/\/www.popesprayer.va\/fr\/wp-json\/wp\/v2\/posts\/92833\/revisions\/92839"}],"wp:featuredmedia":[{"embeddable":true,"href":"https:\/\/www.popesprayer.va\/fr\/wp-json\/wp\/v2\/media\/92834"}],"wp:attachment":[{"href":"https:\/\/www.popesprayer.va\/fr\/wp-json\/wp\/v2\/media?parent=92833"}],"wp:term":[{"taxonomy":"category","embeddable":true,"href":"https:\/\/www.popesprayer.va\/fr\/wp-json\/wp\/v2\/categories?post=92833"},{"taxonomy":"post_tag","embeddable":true,"href":"https:\/\/www.popesprayer.va\/fr\/wp-json\/wp\/v2\/tags?post=92833"}],"curies":[{"name":"wp","href":"https:\/\/api.w.org\/{rel}","templated":true}]}}