{"id":92864,"date":"2026-01-30T11:30:28","date_gmt":"2026-01-30T10:30:28","guid":{"rendered":"https:\/\/www.popesprayer.va\/?p=92864"},"modified":"2026-02-26T21:33:19","modified_gmt":"2026-02-26T20:33:19","slug":"salutation-du-pape-leon-a-son-reseau-mondial-de-priere","status":"publish","type":"post","link":"https:\/\/www.popesprayer.va\/fr\/salutation-du-pape-leon-a-son-reseau-mondial-de-priere\/","title":{"rendered":"Audience avec le Saint P\u00e8re L\u00e9on XIV"},"content":{"rendered":"<div class=\"testo\">\n<div class=\"text parbase vaticanrichtext\">\n<p><span style=\"font-weight: 400;\">Le vendredi 30 janvier 2026, le Pape L\u00e9on XIV a re\u00e7u en audience les membres du R\u00e9seau Mondial de Pri\u00e8re du Pape au Vatican.<\/span><\/p>\n<p><span style=\"font-weight: 400;\">Cette r\u00e9union a repr\u00e9sent\u00e9 un moment de rencontre profonde entre le Saint-P\u00e8re et l&rsquo;ensemble de son R\u00e9seau Mondial de Pri\u00e8re. Dans son discours de bienvenue, L\u00e9on XIV a salu\u00e9 cordialement l&rsquo;\u00e9quipe de direction internationale, ainsi que les coordinateurs continentaux et les membres du Bureau international. Le Pape a adress\u00e9 une mention sp\u00e9ciale de gratitude aux ambassadeurs de la Fondation, soulignant leur g\u00e9n\u00e9rosit\u00e9 dans le soutien de la mission.  <\/span><\/p>\n<p><span style=\"font-weight: 400;\">Dans son discours, le Pape a soulign\u00e9 que l&rsquo;itin\u00e9raire de formation du r\u00e9seau de pri\u00e8re est un guide essentiel pour vivre cette spiritualit\u00e9 au quotidien:<\/span><\/p>\n<blockquote><p><span style=\"font-weight: 400;\">\"Le Chemin du C\u0153ur est un guide utile pour vivre cette spiritualit\u00e9 au quotidien. J&rsquo;esp\u00e8re que, par votre apostolat, vous continuerez \u00e0 aider les baptis\u00e9s \u00e0 comprendre qu&rsquo;ils sont des amis et des ap\u00f4tres du Christ\".<\/span><\/p><\/blockquote>\n<p><span style=\"font-weight: 400;\">De m\u00eame, le Saint-P\u00e8re a soulign\u00e9 l&rsquo;importance d&rsquo;impliquer les jeunes, qui recherchent une relation plus personnelle avec J\u00e9sus, \u00e0 travers le Mouvement Eucharistique des Jeunes:<\/span><\/p>\n<blockquote><p><span style=\"font-weight: 400;\">\"Il est particuli\u00e8rement important d&rsquo;inviter les jeunes \u00e0 participer afin qu&rsquo;ils forment la prochaine g\u00e9n\u00e9ration d&rsquo;intercesseurs pour les besoins du monde entier.\"<\/span><\/p><\/blockquote>\n<p><span style=\"font-weight: 400;\">B\u00e9n\u00e9diction pour l&rsquo;ensemble du R\u00e9seau Mondial de Pri\u00e8re du Pape<\/span><\/p>\n<blockquote><p><span style=\"font-weight: 400;\">\"Je vous remercie chaleureusement pour les efforts que vous d\u00e9ployez afin de promouvoir la pri\u00e8re dans le monde entier \u00e0 travers les intentions de pri\u00e8re du Pape, et je vous encourage \u00e0 poursuivre dans cette voie avec un esprit joyeux. Je vous donne volontiers ma b\u00e9n\u00e9diction apostolique, que j&rsquo;\u00e9tends \u00e0 vos proches et \u00e0 tous les membres du R\u00e9seau\".<\/span><\/p><\/blockquote>\n<\/div>\n<p><iframe loading=\"lazy\" title=\"Audience with the Holy Father Leo XIV - January 2026\" width=\"1080\" height=\"608\" src=\"https:\/\/www.youtube.com\/embed\/BrkWd4rOSNI?feature=oembed\"  allow=\"accelerometer; autoplay; clipboard-write; encrypted-media; gyroscope; picture-in-picture; web-share\" referrerpolicy=\"strict-origin-when-cross-origin\" allowfullscreen><\/iframe><\/p>\n<div class=\"text parbase vaticanrichtext\">\n<p>&nbsp;<\/p>\n<p>-<\/p>\n<p><b><i>ALLOCUTION DE SA SAINTETE LE PAPE LEON XIV AUX RESPONSABLES ET AUX MEMBRES DU <a href=\"https:\/\/www.popesprayer.va\/\">R\u00c9SEAU MONDIAL DE PRI\u00c8RE DU PAPE<\/a><\/i><\/b><\/p>\n<p>Au nom du P\u00e8re, du Fils et du Saint-Esprit.<\/p>\n<p>Que la paix soit avec vous!<\/p>\n<p>Bonjour et bienvenue \u00e0 tous. Je suis heureux de vous rencontrer et je vous remercie pour le service que vous rendez au peuple de Dieu. <\/p>\n<p>Je salue cordialement le Directeur International du <a href=\"https:\/\/www.popesprayer.va\/\">R\u00c9SEAU MONDIAL DE PRI\u00c8RE DU PAPE, <\/a>le P\u00e8re Crist\u00f3bal Fones, ainsi que Mme Bettina Raed et le P\u00e8re Miguel Melo, les Vice-Directeurs. Je souhaite \u00e9galement la bienvenue \u00e0 tous les membres du Bureau International, aux Coordinateurs Continentaux, au Conseil d&rsquo;Administration, aux partenaires permanents et, de mani\u00e8re particuli\u00e8re, aux Ambassadeurs de la Fondation qui soutiennent par leur g\u00e9n\u00e9rosit\u00e9 la stabilit\u00e9 et la vitalit\u00e9 de cette mission. <\/p>\n<p>Comme vous le savez, mes pr\u00e9d\u00e9cesseurs et moi-m\u00eame avons partag\u00e9 avec vous chaque mois, apr\u00e8s un discernement minutieux, diverses intentions qui touchent aux d\u00e9fis auxquels l&rsquo;humanit\u00e9 est confront\u00e9e ainsi qu&rsquo;\u00e0 la vie et \u00e0 la mission de l&rsquo;\u00c9glise. Je vous suis reconnaissant de vos efforts pour les diffuser aux dizaines de millions de personnes qui, dans ce R\u00e9seau Mondial, pr\u00e9sentent chaque jour ces besoins \u00e0 Dieu. Une telle pri\u00e8re n&rsquo;est pas ext\u00e9rieure au travail \u00e9vang\u00e9lique du Corps du Christ, mais en fait partie int\u00e9grante.  <\/p>\n<p>La spiritualit\u00e9 de votre apostolat de pri\u00e8re est enracin\u00e9e dans le C\u0153ur de J\u00e9sus, ce qui vous permet de conna\u00eetre notre Seigneur plus intimement et d&rsquo;\u00eatre plus compatissant et empathique lorsque vous offrez un soutien par la pri\u00e8re \u00e0 ceux qui sont dans le besoin. \u00c0 cet \u00e9gard, votre itin\u00e9raire de formation, <i><a href=\"https:\/\/www.popesprayer.va\/?page_id=412\">Le Chemin du c\u0153ur <\/a><\/i>est un guide utile pour vivre cette spiritualit\u00e9 dans la vie quotidienne. J&rsquo;esp\u00e8re que, par votre apostolat, vous continuerez \u00e0 aider les baptis\u00e9s \u00e0 comprendre qu&rsquo;ils sont des amis et des ap\u00f4tres du Christ.  <\/p>\n<p>Je vous encourage \u00e9galement \u00e0 favoriser une participation encore plus grande \u00e0 ce <a href=\"https:\/\/www.popesprayer.va\/\">r\u00e9seau<\/a>, qui unit diverses cultures, langues et charismes dans la mission commune. Il est particuli\u00e8rement important d&rsquo;inviter les jeunes \u00e0 y participer afin qu&rsquo;ils forment la prochaine g\u00e9n\u00e9ration d&rsquo;intercesseurs pour les besoins du monde entier. Comme beaucoup d&rsquo;entre eux sont \u00e0 la recherche d&rsquo;une relation plus profonde et personnelle avec J\u00e9sus ressuscit\u00e9, votre Mouvement Eucharistique des Jeunes peut \u00eatre un chemin particuli\u00e8rement fructueux pour les aider \u00e0 grandir dans une intimit\u00e9 plus profonde avec notre Seigneur.  <\/p>\n<p>Chers fr\u00e8res et s\u0153urs, je vous remercie chaleureusement pour les efforts que vous d\u00e9ployez afin de promouvoir la pri\u00e8re dans le monde entier \u00e0 travers les intentions du Pape, et je vous encourage \u00e0 poursuivre dans cette voie avec un esprit joyeux. Je vous donne volontiers ma B\u00e9n\u00e9diction apostolique, que j&rsquo;\u00e9tends \u00e0 vos proches et \u00e0 tous les membres du <a href=\"https:\/\/www.popesprayer.va\/\">R\u00e9seau.<\/a> <\/p>\n<p>Merci de votre attention.<\/p>\n<p>Prions ensemble comme le Seigneur nous l&rsquo;a enseign\u00e9,<\/p>\n<p>Notre P\u00e8re&#8230;<\/p>\n<p>Je vous souhaite une excellente journ\u00e9e. Merci encore pour votre service et votre engagement dans cet important minist\u00e8re. Je vous remercie.  <\/p>\n<p>&nbsp;<\/p>\n<p><img loading=\"lazy\" decoding=\"async\" class=\"aligncenter wp-image-92843 size-full\" src=\"https:\/\/www.popesprayer.va\/wp-content\/uploads\/2026\/01\/audienciapapa5.jpeg\" alt=\"audienciapapa5\" width=\"1280\" height=\"844\"><\/p>\n<p><img loading=\"lazy\" decoding=\"async\" class=\"aligncenter wp-image-92842 size-full\" src=\"https:\/\/www.popesprayer.va\/wp-content\/uploads\/2026\/01\/audienciapapa3.jpeg\" alt=\"audienciapapa3\" width=\"1280\" height=\"844\"><\/p>\n<p>-<\/p>\n<div class=\"clearfix\"><a href=\"https:\/\/photo.vaticanmedia.va\/en\/\" target=\"_blank\" rel=\"noopener\">Photos : Vatican Media<\/a><\/div>\n<\/div>\n<\/div>\n<div class=\"content parsys\"><a href=\"https:\/\/www.vatican.va\/content\/leo-xiv\/en\/speeches\/2026\/january\/documents\/20260130-rete-preghiera.html\" target=\"_blank\" rel=\"noopener\">Copyright \u00a9 Dicast\u00e8re pour la Communication - Libreria Editrice Vaticana<\/a><\/div>\n","protected":false},"excerpt":{"rendered":"<p>Le vendredi 30 janvier 2026, le Pape L\u00e9on XIV a re\u00e7u en audience les membres du R\u00e9seau Mondial de Pri\u00e8re du Pape au Vatican. Cette r\u00e9union a repr\u00e9sent\u00e9 un moment de rencontre profonde entre le Saint-P\u00e8re et l&rsquo;ensemble de son R\u00e9seau Mondial de Pri\u00e8re. Dans son discours de bienvenue, L\u00e9on XIV a salu\u00e9 cordialement l&rsquo;\u00e9quipe [&hellip;]<\/p>\n","protected":false},"author":3,"featured_media":92863,"comment_status":"closed","ping_status":"closed","sticky":false,"template":"","format":"standard","meta":{"_acf_changed":false,"_et_pb_use_builder":"","_et_pb_old_content":"","_et_gb_content_width":"","footnotes":""},"categories":[49],"tags":[],"class_list":["post-92864","post","type-post","status-publish","format-standard","has-post-thumbnail","hentry","category-non-categorise"],"acf":[],"yoast_head":"<!-- This site is optimized with the Yoast SEO plugin v27.4 - https:\/\/yoast.com\/product\/yoast-seo-wordpress\/ -->\n<title>Audience avec le Saint P\u00e8re L\u00e9on XIV - R\u00e9seau Mondial de Pri\u00e8re du Pape<\/title>\n<meta name=\"robots\" content=\"index, follow, max-snippet:-1, max-image-preview:large, max-video-preview:-1\" \/>\n<link rel=\"canonical\" href=\"https:\/\/www.popesprayer.va\/fr\/salutation-du-pape-leon-a-son-reseau-mondial-de-priere\/\" \/>\n<meta property=\"og:locale\" content=\"fr_FR\" \/>\n<meta property=\"og:type\" content=\"article\" \/>\n<meta property=\"og:title\" content=\"Audience avec le Saint P\u00e8re L\u00e9on XIV - R\u00e9seau Mondial de Pri\u00e8re du Pape\" \/>\n<meta property=\"og:description\" content=\"Le vendredi 30 janvier 2026, le Pape L\u00e9on XIV a re\u00e7u en audience les membres du R\u00e9seau Mondial de Pri\u00e8re du Pape au Vatican. Cette r\u00e9union a repr\u00e9sent\u00e9 un moment de rencontre profonde entre le Saint-P\u00e8re et l&rsquo;ensemble de son R\u00e9seau Mondial de Pri\u00e8re. Dans son discours de bienvenue, L\u00e9on XIV a salu\u00e9 cordialement l&rsquo;\u00e9quipe [&hellip;]\" \/>\n<meta property=\"og:url\" content=\"https:\/\/www.popesprayer.va\/fr\/salutation-du-pape-leon-a-son-reseau-mondial-de-priere\/\" \/>\n<meta property=\"og:site_name\" content=\"R\u00e9seau Mondial de Pri\u00e8re du Pape\" \/>\n<meta property=\"article:published_time\" content=\"2026-01-30T10:30:28+00:00\" \/>\n<meta property=\"article:modified_time\" content=\"2026-02-26T20:33:19+00:00\" \/>\n<meta property=\"og:image\" content=\"https:\/\/www.popesprayer.va\/wp-content\/uploads\/2026\/01\/audienciapapa4.jpeg\" \/>\n\t<meta property=\"og:image:width\" content=\"1280\" \/>\n\t<meta property=\"og:image:height\" content=\"844\" \/>\n\t<meta property=\"og:image:type\" content=\"image\/jpeg\" \/>\n<meta name=\"author\" content=\"PWPN\" \/>\n<meta name=\"twitter:card\" content=\"summary_large_image\" \/>\n<meta name=\"twitter:label1\" content=\"\u00c9crit par\" \/>\n\t<meta name=\"twitter:data1\" content=\"PWPN\" \/>\n\t<meta name=\"twitter:label2\" content=\"Dur\u00e9e de lecture estim\u00e9e\" \/>\n\t<meta name=\"twitter:data2\" content=\"3 minutes\" \/>\n<script type=\"application\/ld+json\" class=\"yoast-schema-graph\">{\"@context\":\"https:\\\/\\\/schema.org\",\"@graph\":[{\"@type\":\"Article\",\"@id\":\"https:\\\/\\\/www.popesprayer.va\\\/fr\\\/salutation-du-pape-leon-a-son-reseau-mondial-de-priere\\\/#article\",\"isPartOf\":{\"@id\":\"https:\\\/\\\/www.popesprayer.va\\\/fr\\\/salutation-du-pape-leon-a-son-reseau-mondial-de-priere\\\/\"},\"author\":{\"name\":\"PWPN\",\"@id\":\"https:\\\/\\\/www.popesprayer.va\\\/fr\\\/#\\\/schema\\\/person\\\/a2ed8ee1aba901ccc12646bc52342ca3\"},\"headline\":\"Audience avec le Saint P\u00e8re L\u00e9on XIV\",\"datePublished\":\"2026-01-30T10:30:28+00:00\",\"dateModified\":\"2026-02-26T20:33:19+00:00\",\"mainEntityOfPage\":{\"@id\":\"https:\\\/\\\/www.popesprayer.va\\\/fr\\\/salutation-du-pape-leon-a-son-reseau-mondial-de-priere\\\/\"},\"wordCount\":882,\"publisher\":{\"@id\":\"https:\\\/\\\/www.popesprayer.va\\\/fr\\\/#organization\"},\"image\":{\"@id\":\"https:\\\/\\\/www.popesprayer.va\\\/fr\\\/salutation-du-pape-leon-a-son-reseau-mondial-de-priere\\\/#primaryimage\"},\"thumbnailUrl\":\"https:\\\/\\\/www.popesprayer.va\\\/wp-content\\\/uploads\\\/2026\\\/01\\\/audienciapapa4.jpeg\",\"articleSection\":[\"Actualit\u00e9s\"],\"inLanguage\":\"fr-FR\"},{\"@type\":\"WebPage\",\"@id\":\"https:\\\/\\\/www.popesprayer.va\\\/fr\\\/salutation-du-pape-leon-a-son-reseau-mondial-de-priere\\\/\",\"url\":\"https:\\\/\\\/www.popesprayer.va\\\/fr\\\/salutation-du-pape-leon-a-son-reseau-mondial-de-priere\\\/\",\"name\":\"Audience avec le Saint P\u00e8re L\u00e9on XIV - R\u00e9seau Mondial de Pri\u00e8re du Pape\",\"isPartOf\":{\"@id\":\"https:\\\/\\\/www.popesprayer.va\\\/fr\\\/#website\"},\"primaryImageOfPage\":{\"@id\":\"https:\\\/\\\/www.popesprayer.va\\\/fr\\\/salutation-du-pape-leon-a-son-reseau-mondial-de-priere\\\/#primaryimage\"},\"image\":{\"@id\":\"https:\\\/\\\/www.popesprayer.va\\\/fr\\\/salutation-du-pape-leon-a-son-reseau-mondial-de-priere\\\/#primaryimage\"},\"thumbnailUrl\":\"https:\\\/\\\/www.popesprayer.va\\\/wp-content\\\/uploads\\\/2026\\\/01\\\/audienciapapa4.jpeg\",\"datePublished\":\"2026-01-30T10:30:28+00:00\",\"dateModified\":\"2026-02-26T20:33:19+00:00\",\"breadcrumb\":{\"@id\":\"https:\\\/\\\/www.popesprayer.va\\\/fr\\\/salutation-du-pape-leon-a-son-reseau-mondial-de-priere\\\/#breadcrumb\"},\"inLanguage\":\"fr-FR\",\"potentialAction\":[{\"@type\":\"ReadAction\",\"target\":[\"https:\\\/\\\/www.popesprayer.va\\\/fr\\\/salutation-du-pape-leon-a-son-reseau-mondial-de-priere\\\/\"]}]},{\"@type\":\"ImageObject\",\"inLanguage\":\"fr-FR\",\"@id\":\"https:\\\/\\\/www.popesprayer.va\\\/fr\\\/salutation-du-pape-leon-a-son-reseau-mondial-de-priere\\\/#primaryimage\",\"url\":\"https:\\\/\\\/www.popesprayer.va\\\/wp-content\\\/uploads\\\/2026\\\/01\\\/audienciapapa4.jpeg\",\"contentUrl\":\"https:\\\/\\\/www.popesprayer.va\\\/wp-content\\\/uploads\\\/2026\\\/01\\\/audienciapapa4.jpeg\",\"width\":1280,\"height\":844,\"caption\":\"audienciapapa4\"},{\"@type\":\"BreadcrumbList\",\"@id\":\"https:\\\/\\\/www.popesprayer.va\\\/fr\\\/salutation-du-pape-leon-a-son-reseau-mondial-de-priere\\\/#breadcrumb\",\"itemListElement\":[{\"@type\":\"ListItem\",\"position\":1,\"name\":\"Accueil\",\"item\":\"https:\\\/\\\/www.popesprayer.va\\\/fr\\\/\"},{\"@type\":\"ListItem\",\"position\":2,\"name\":\"Audience avec le Saint P\u00e8re L\u00e9on XIV\"}]},{\"@type\":\"WebSite\",\"@id\":\"https:\\\/\\\/www.popesprayer.va\\\/fr\\\/#website\",\"url\":\"https:\\\/\\\/www.popesprayer.va\\\/fr\\\/\",\"name\":\"Pope's Worldwide Prayer Network\",\"description\":\"Pray together, change the world\",\"publisher\":{\"@id\":\"https:\\\/\\\/www.popesprayer.va\\\/fr\\\/#organization\"},\"potentialAction\":[{\"@type\":\"SearchAction\",\"target\":{\"@type\":\"EntryPoint\",\"urlTemplate\":\"https:\\\/\\\/www.popesprayer.va\\\/fr\\\/?s={search_term_string}\"},\"query-input\":{\"@type\":\"PropertyValueSpecification\",\"valueRequired\":true,\"valueName\":\"search_term_string\"}}],\"inLanguage\":\"fr-FR\"},{\"@type\":\"Organization\",\"@id\":\"https:\\\/\\\/www.popesprayer.va\\\/fr\\\/#organization\",\"name\":\"R\u00e9seau mondial de pri\u00e8re du pape\",\"url\":\"https:\\\/\\\/www.popesprayer.va\\\/fr\\\/\",\"logo\":{\"@type\":\"ImageObject\",\"inLanguage\":\"fr-FR\",\"@id\":\"https:\\\/\\\/www.popesprayer.va\\\/fr\\\/#\\\/schema\\\/logo\\\/image\\\/\",\"url\":\"https:\\\/\\\/www.popesprayer.va\\\/wp-content\\\/uploads\\\/2025\\\/01\\\/Logo-Popes-Worldwide-Prayer-Network-Pontifical-Work-EN-Horizontal.png\",\"contentUrl\":\"https:\\\/\\\/www.popesprayer.va\\\/wp-content\\\/uploads\\\/2025\\\/01\\\/Logo-Popes-Worldwide-Prayer-Network-Pontifical-Work-EN-Horizontal.png\",\"width\":1328,\"height\":228,\"caption\":\"R\u00e9seau mondial de pri\u00e8re du pape\"},\"image\":{\"@id\":\"https:\\\/\\\/www.popesprayer.va\\\/fr\\\/#\\\/schema\\\/logo\\\/image\\\/\"}},{\"@type\":\"Person\",\"@id\":\"https:\\\/\\\/www.popesprayer.va\\\/fr\\\/#\\\/schema\\\/person\\\/a2ed8ee1aba901ccc12646bc52342ca3\",\"name\":\"PWPN\",\"image\":{\"@type\":\"ImageObject\",\"inLanguage\":\"fr-FR\",\"@id\":\"https:\\\/\\\/secure.gravatar.com\\\/avatar\\\/3e051956528dbc073554fef8e508c205726bf31f33ed5595a661c767110dadf3?s=96&d=mm&r=g\",\"url\":\"https:\\\/\\\/secure.gravatar.com\\\/avatar\\\/3e051956528dbc073554fef8e508c205726bf31f33ed5595a661c767110dadf3?s=96&d=mm&r=g\",\"contentUrl\":\"https:\\\/\\\/secure.gravatar.com\\\/avatar\\\/3e051956528dbc073554fef8e508c205726bf31f33ed5595a661c767110dadf3?s=96&d=mm&r=g\",\"caption\":\"PWPN\"},\"url\":\"https:\\\/\\\/www.popesprayer.va\\\/fr\\\/author\\\/juanignacio\\\/\"}]}<\/script>\n<!-- \/ Yoast SEO plugin. -->","yoast_head_json":{"title":"Audience avec le Saint P\u00e8re L\u00e9on XIV - R\u00e9seau Mondial de Pri\u00e8re du Pape","robots":{"index":"index","follow":"follow","max-snippet":"max-snippet:-1","max-image-preview":"max-image-preview:large","max-video-preview":"max-video-preview:-1"},"canonical":"https:\/\/www.popesprayer.va\/fr\/salutation-du-pape-leon-a-son-reseau-mondial-de-priere\/","og_locale":"fr_FR","og_type":"article","og_title":"Audience avec le Saint P\u00e8re L\u00e9on XIV - R\u00e9seau Mondial de Pri\u00e8re du Pape","og_description":"Le vendredi 30 janvier 2026, le Pape L\u00e9on XIV a re\u00e7u en audience les membres du R\u00e9seau Mondial de Pri\u00e8re du Pape au Vatican. Cette r\u00e9union a repr\u00e9sent\u00e9 un moment de rencontre profonde entre le Saint-P\u00e8re et l&rsquo;ensemble de son R\u00e9seau Mondial de Pri\u00e8re. Dans son discours de bienvenue, L\u00e9on XIV a salu\u00e9 cordialement l&rsquo;\u00e9quipe [&hellip;]","og_url":"https:\/\/www.popesprayer.va\/fr\/salutation-du-pape-leon-a-son-reseau-mondial-de-priere\/","og_site_name":"R\u00e9seau Mondial de Pri\u00e8re du Pape","article_published_time":"2026-01-30T10:30:28+00:00","article_modified_time":"2026-02-26T20:33:19+00:00","og_image":[{"width":1280,"height":844,"url":"https:\/\/www.popesprayer.va\/wp-content\/uploads\/2026\/01\/audienciapapa4.jpeg","type":"image\/jpeg"}],"author":"PWPN","twitter_card":"summary_large_image","twitter_misc":{"\u00c9crit par":"PWPN","Dur\u00e9e de lecture estim\u00e9e":"3 minutes"},"schema":{"@context":"https:\/\/schema.org","@graph":[{"@type":"Article","@id":"https:\/\/www.popesprayer.va\/fr\/salutation-du-pape-leon-a-son-reseau-mondial-de-priere\/#article","isPartOf":{"@id":"https:\/\/www.popesprayer.va\/fr\/salutation-du-pape-leon-a-son-reseau-mondial-de-priere\/"},"author":{"name":"PWPN","@id":"https:\/\/www.popesprayer.va\/fr\/#\/schema\/person\/a2ed8ee1aba901ccc12646bc52342ca3"},"headline":"Audience avec le Saint P\u00e8re L\u00e9on XIV","datePublished":"2026-01-30T10:30:28+00:00","dateModified":"2026-02-26T20:33:19+00:00","mainEntityOfPage":{"@id":"https:\/\/www.popesprayer.va\/fr\/salutation-du-pape-leon-a-son-reseau-mondial-de-priere\/"},"wordCount":882,"publisher":{"@id":"https:\/\/www.popesprayer.va\/fr\/#organization"},"image":{"@id":"https:\/\/www.popesprayer.va\/fr\/salutation-du-pape-leon-a-son-reseau-mondial-de-priere\/#primaryimage"},"thumbnailUrl":"https:\/\/www.popesprayer.va\/wp-content\/uploads\/2026\/01\/audienciapapa4.jpeg","articleSection":["Actualit\u00e9s"],"inLanguage":"fr-FR"},{"@type":"WebPage","@id":"https:\/\/www.popesprayer.va\/fr\/salutation-du-pape-leon-a-son-reseau-mondial-de-priere\/","url":"https:\/\/www.popesprayer.va\/fr\/salutation-du-pape-leon-a-son-reseau-mondial-de-priere\/","name":"Audience avec le Saint P\u00e8re L\u00e9on XIV - R\u00e9seau Mondial de Pri\u00e8re du Pape","isPartOf":{"@id":"https:\/\/www.popesprayer.va\/fr\/#website"},"primaryImageOfPage":{"@id":"https:\/\/www.popesprayer.va\/fr\/salutation-du-pape-leon-a-son-reseau-mondial-de-priere\/#primaryimage"},"image":{"@id":"https:\/\/www.popesprayer.va\/fr\/salutation-du-pape-leon-a-son-reseau-mondial-de-priere\/#primaryimage"},"thumbnailUrl":"https:\/\/www.popesprayer.va\/wp-content\/uploads\/2026\/01\/audienciapapa4.jpeg","datePublished":"2026-01-30T10:30:28+00:00","dateModified":"2026-02-26T20:33:19+00:00","breadcrumb":{"@id":"https:\/\/www.popesprayer.va\/fr\/salutation-du-pape-leon-a-son-reseau-mondial-de-priere\/#breadcrumb"},"inLanguage":"fr-FR","potentialAction":[{"@type":"ReadAction","target":["https:\/\/www.popesprayer.va\/fr\/salutation-du-pape-leon-a-son-reseau-mondial-de-priere\/"]}]},{"@type":"ImageObject","inLanguage":"fr-FR","@id":"https:\/\/www.popesprayer.va\/fr\/salutation-du-pape-leon-a-son-reseau-mondial-de-priere\/#primaryimage","url":"https:\/\/www.popesprayer.va\/wp-content\/uploads\/2026\/01\/audienciapapa4.jpeg","contentUrl":"https:\/\/www.popesprayer.va\/wp-content\/uploads\/2026\/01\/audienciapapa4.jpeg","width":1280,"height":844,"caption":"audienciapapa4"},{"@type":"BreadcrumbList","@id":"https:\/\/www.popesprayer.va\/fr\/salutation-du-pape-leon-a-son-reseau-mondial-de-priere\/#breadcrumb","itemListElement":[{"@type":"ListItem","position":1,"name":"Accueil","item":"https:\/\/www.popesprayer.va\/fr\/"},{"@type":"ListItem","position":2,"name":"Audience avec le Saint P\u00e8re L\u00e9on XIV"}]},{"@type":"WebSite","@id":"https:\/\/www.popesprayer.va\/fr\/#website","url":"https:\/\/www.popesprayer.va\/fr\/","name":"Pope's Worldwide Prayer Network","description":"Pray together, change the world","publisher":{"@id":"https:\/\/www.popesprayer.va\/fr\/#organization"},"potentialAction":[{"@type":"SearchAction","target":{"@type":"EntryPoint","urlTemplate":"https:\/\/www.popesprayer.va\/fr\/?s={search_term_string}"},"query-input":{"@type":"PropertyValueSpecification","valueRequired":true,"valueName":"search_term_string"}}],"inLanguage":"fr-FR"},{"@type":"Organization","@id":"https:\/\/www.popesprayer.va\/fr\/#organization","name":"R\u00e9seau mondial de pri\u00e8re du pape","url":"https:\/\/www.popesprayer.va\/fr\/","logo":{"@type":"ImageObject","inLanguage":"fr-FR","@id":"https:\/\/www.popesprayer.va\/fr\/#\/schema\/logo\/image\/","url":"https:\/\/www.popesprayer.va\/wp-content\/uploads\/2025\/01\/Logo-Popes-Worldwide-Prayer-Network-Pontifical-Work-EN-Horizontal.png","contentUrl":"https:\/\/www.popesprayer.va\/wp-content\/uploads\/2025\/01\/Logo-Popes-Worldwide-Prayer-Network-Pontifical-Work-EN-Horizontal.png","width":1328,"height":228,"caption":"R\u00e9seau mondial de pri\u00e8re du pape"},"image":{"@id":"https:\/\/www.popesprayer.va\/fr\/#\/schema\/logo\/image\/"}},{"@type":"Person","@id":"https:\/\/www.popesprayer.va\/fr\/#\/schema\/person\/a2ed8ee1aba901ccc12646bc52342ca3","name":"PWPN","image":{"@type":"ImageObject","inLanguage":"fr-FR","@id":"https:\/\/secure.gravatar.com\/avatar\/3e051956528dbc073554fef8e508c205726bf31f33ed5595a661c767110dadf3?s=96&d=mm&r=g","url":"https:\/\/secure.gravatar.com\/avatar\/3e051956528dbc073554fef8e508c205726bf31f33ed5595a661c767110dadf3?s=96&d=mm&r=g","contentUrl":"https:\/\/secure.gravatar.com\/avatar\/3e051956528dbc073554fef8e508c205726bf31f33ed5595a661c767110dadf3?s=96&d=mm&r=g","caption":"PWPN"},"url":"https:\/\/www.popesprayer.va\/fr\/author\/juanignacio\/"}]}},"_links":{"self":[{"href":"https:\/\/www.popesprayer.va\/fr\/wp-json\/wp\/v2\/posts\/92864","targetHints":{"allow":["GET"]}}],"collection":[{"href":"https:\/\/www.popesprayer.va\/fr\/wp-json\/wp\/v2\/posts"}],"about":[{"href":"https:\/\/www.popesprayer.va\/fr\/wp-json\/wp\/v2\/types\/post"}],"author":[{"embeddable":true,"href":"https:\/\/www.popesprayer.va\/fr\/wp-json\/wp\/v2\/users\/3"}],"replies":[{"embeddable":true,"href":"https:\/\/www.popesprayer.va\/fr\/wp-json\/wp\/v2\/comments?post=92864"}],"version-history":[{"count":6,"href":"https:\/\/www.popesprayer.va\/fr\/wp-json\/wp\/v2\/posts\/92864\/revisions"}],"predecessor-version":[{"id":93580,"href":"https:\/\/www.popesprayer.va\/fr\/wp-json\/wp\/v2\/posts\/92864\/revisions\/93580"}],"wp:featuredmedia":[{"embeddable":true,"href":"https:\/\/www.popesprayer.va\/fr\/wp-json\/wp\/v2\/media\/92863"}],"wp:attachment":[{"href":"https:\/\/www.popesprayer.va\/fr\/wp-json\/wp\/v2\/media?parent=92864"}],"wp:term":[{"taxonomy":"category","embeddable":true,"href":"https:\/\/www.popesprayer.va\/fr\/wp-json\/wp\/v2\/categories?post=92864"},{"taxonomy":"post_tag","embeddable":true,"href":"https:\/\/www.popesprayer.va\/fr\/wp-json\/wp\/v2\/tags?post=92864"}],"curies":[{"name":"wp","href":"https:\/\/api.w.org\/{rel}","templated":true}]}}