{"id":94188,"date":"2026-03-19T14:35:13","date_gmt":"2026-03-19T13:35:13","guid":{"rendered":"https:\/\/www.popesprayer.va\/le-reseau-mondial-de-priere-du-pape-publie-son-nouveau-reglement-general\/"},"modified":"2026-03-19T20:18:46","modified_gmt":"2026-03-19T19:18:46","slug":"le-reseau-mondial-de-priere-du-pape-publie-son-nouveau-reglement-general","status":"publish","type":"post","link":"https:\/\/www.popesprayer.va\/fr\/le-reseau-mondial-de-priere-du-pape-publie-son-nouveau-reglement-general\/","title":{"rendered":"Le r\u00e9seau mondial de pri\u00e8re du pape publie son nouveau r\u00e8glement g\u00e9n\u00e9ral"},"content":{"rendered":"<p><span style=\"font-weight: 400;\">\u00c0 l&rsquo;occasion de la f\u00eate de saint Joseph, patron de la Compagnie de J\u00e9sus, le <strong>R\u00e9seau mondial de pri\u00e8re du pape<\/strong> partage la publication de son nouveau <a href=\"https:\/\/isu.pub\/nXxSUOz\" target=\"_blank\" rel=\"noopener\">R\u00e8glement g\u00e9n\u00e9ral<\/a>, un document qui guide l&rsquo;identit\u00e9, la mission et l&rsquo;organisation de cette \u0153uvre pontificale \u00e0 l&rsquo;\u00e9chelle mondiale.<\/span><\/p>\n<p><span style=\"font-weight: 400;\">Le R\u00e8glement est le r\u00e9sultat d&rsquo;un processus qui a commenc\u00e9 en 2010, lorsque la Compagnie de J\u00e9sus a initi\u00e9 un chemin de renouveau pour l&rsquo;<strong>Apostolat de la Pri\u00e8re<\/strong>, accompagn\u00e9 ensuite par le Pape Fran\u00e7ois. Ce parcours a permis au R\u00e9seau de consolider progressivement son identit\u00e9 de mission au service de l&rsquo;\u00c9glise dans le monde contemporain. <\/span><\/p>\n<p><span style=\"font-weight: 400;\">Le nouveau document \u00e9tablit des crit\u00e8res clairs concernant la nature et le fonctionnement du R\u00e9seau au niveau international et marque une nouvelle \u00e9tape dans son d\u00e9veloppement en tant qu&rsquo;\u0153uvre confi\u00e9e directement par le Saint-Si\u00e8ge \u00e0 la<strong> Compagnie de J\u00e9sus<\/strong>. En ce sens, il r\u00e9affirme sa place dans la mission des J\u00e9suites et son statut prioritaire dans les minist\u00e8res apostoliques. <\/span><\/p>\n<p><span style=\"font-weight: 400;\">En outre, les \u00e9quipes nationales sont invit\u00e9es \u00e0 s&rsquo;informer, \u00e0 partager et \u00e0 appliquer le R\u00e8glement dans leurs contextes respectifs, en encourageant leur coordination avec les <strong>\u00c9glises<\/strong> locales et les <strong>Conf\u00e9rences \u00e9piscopales<\/strong>.<\/span><\/p>\n<p><span style=\"font-weight: 400;\">Le R\u00e8glement sera en vigueur pour une p\u00e9riode initiale de <strong>deux ans<\/strong>, au cours de laquelle les exp\u00e9riences de sa mise en \u0153uvre seront recueillies pour continuer \u00e0 discerner le chemin futur de cette mission au service des d\u00e9fis de l&rsquo;humanit\u00e9 et de la mission de l&rsquo;\u00c9glise.<\/span><\/p>\n<p>&nbsp;<\/p>\n<p><iframe title=\"R\u00c8GLEMENT G\u00c9N\u00c9RAL - RMPP 2026\" src=\"https:\/\/e.issuu.com\/embed.html?u=popesprayernet&#038;d=r_glement_g_n_ral_-_rmpp_2026\" style=\"border:none; width: 1080px; height: 828px;\" allow=\"clipboard-write,allow-top-navigation,allow-top-navigation-by-user-activation,allow-downloads,allow-scripts,allow-same-origin,allow-popups,allow-modals,allow-popups-to-escape-sandbox,allow-forms\"  allowfullscreen=\"true\"><\/iframe><\/p>\n","protected":false},"excerpt":{"rendered":"<p>\u00c0 l&rsquo;occasion de la f\u00eate de saint Joseph, patron de la Compagnie de J\u00e9sus, le R\u00e9seau mondial de pri\u00e8re du pape partage la publication de son nouveau R\u00e8glement g\u00e9n\u00e9ral, un document qui guide l&rsquo;identit\u00e9, la mission et l&rsquo;organisation de cette \u0153uvre pontificale \u00e0 l&rsquo;\u00e9chelle mondiale. Le R\u00e8glement est le r\u00e9sultat d&rsquo;un processus qui a commenc\u00e9 [&hellip;]<\/p>\n","protected":false},"author":8,"featured_media":94245,"comment_status":"closed","ping_status":"closed","sticky":false,"template":"","format":"standard","meta":{"_acf_changed":false,"_et_pb_use_builder":"","_et_pb_old_content":"","_et_gb_content_width":"","footnotes":""},"categories":[49],"tags":[],"class_list":["post-94188","post","type-post","status-publish","format-standard","has-post-thumbnail","hentry","category-non-categorise"],"acf":[],"yoast_head":"<!-- This site is optimized with the Yoast SEO plugin v27.5 - https:\/\/yoast.com\/product\/yoast-seo-wordpress\/ -->\n<title>Le r\u00e9seau mondial de pri\u00e8re du pape publie son nouveau r\u00e8glement g\u00e9n\u00e9ral - R\u00e9seau Mondial de Pri\u00e8re du Pape<\/title>\n<meta name=\"robots\" content=\"index, follow, max-snippet:-1, max-image-preview:large, max-video-preview:-1\" \/>\n<link rel=\"canonical\" href=\"https:\/\/www.popesprayer.va\/fr\/le-reseau-mondial-de-priere-du-pape-publie-son-nouveau-reglement-general\/\" \/>\n<meta property=\"og:locale\" content=\"fr_FR\" \/>\n<meta property=\"og:type\" content=\"article\" \/>\n<meta property=\"og:title\" content=\"Le r\u00e9seau mondial de pri\u00e8re du pape publie son nouveau r\u00e8glement g\u00e9n\u00e9ral - R\u00e9seau Mondial de Pri\u00e8re du Pape\" \/>\n<meta property=\"og:description\" content=\"\u00c0 l&rsquo;occasion de la f\u00eate de saint Joseph, patron de la Compagnie de J\u00e9sus, le R\u00e9seau mondial de pri\u00e8re du pape partage la publication de son nouveau R\u00e8glement g\u00e9n\u00e9ral, un document qui guide l&rsquo;identit\u00e9, la mission et l&rsquo;organisation de cette \u0153uvre pontificale \u00e0 l&rsquo;\u00e9chelle mondiale. Le R\u00e8glement est le r\u00e9sultat d&rsquo;un processus qui a commenc\u00e9 [&hellip;]\" \/>\n<meta property=\"og:url\" content=\"https:\/\/www.popesprayer.va\/fr\/le-reseau-mondial-de-priere-du-pape-publie-son-nouveau-reglement-general\/\" \/>\n<meta property=\"og:site_name\" content=\"R\u00e9seau Mondial de Pri\u00e8re du Pape\" \/>\n<meta property=\"article:published_time\" content=\"2026-03-19T13:35:13+00:00\" \/>\n<meta property=\"article:modified_time\" content=\"2026-03-19T19:18:46+00:00\" \/>\n<meta property=\"og:image\" content=\"https:\/\/www.popesprayer.va\/wp-content\/uploads\/2026\/03\/FR_vatican.jpg\" \/>\n\t<meta property=\"og:image:width\" content=\"1920\" \/>\n\t<meta property=\"og:image:height\" content=\"1080\" \/>\n\t<meta property=\"og:image:type\" content=\"image\/jpeg\" \/>\n<meta name=\"author\" content=\"PWPN\" \/>\n<meta name=\"twitter:card\" content=\"summary_large_image\" \/>\n<meta name=\"twitter:label1\" content=\"\u00c9crit par\" \/>\n\t<meta name=\"twitter:data1\" content=\"PWPN\" \/>\n\t<meta name=\"twitter:label2\" content=\"Dur\u00e9e de lecture estim\u00e9e\" \/>\n\t<meta name=\"twitter:data2\" content=\"2 minutes\" \/>\n<script type=\"application\/ld+json\" class=\"yoast-schema-graph\">{\"@context\":\"https:\\\/\\\/schema.org\",\"@graph\":[{\"@type\":\"Article\",\"@id\":\"https:\\\/\\\/www.popesprayer.va\\\/fr\\\/le-reseau-mondial-de-priere-du-pape-publie-son-nouveau-reglement-general\\\/#article\",\"isPartOf\":{\"@id\":\"https:\\\/\\\/www.popesprayer.va\\\/fr\\\/le-reseau-mondial-de-priere-du-pape-publie-son-nouveau-reglement-general\\\/\"},\"author\":{\"name\":\"PWPN\",\"@id\":\"https:\\\/\\\/www.popesprayer.va\\\/fr\\\/#\\\/schema\\\/person\\\/86f5b4775e534271f0bb7cedaa6b889a\"},\"headline\":\"Le r\u00e9seau mondial de pri\u00e8re du pape publie son nouveau r\u00e8glement g\u00e9n\u00e9ral\",\"datePublished\":\"2026-03-19T13:35:13+00:00\",\"dateModified\":\"2026-03-19T19:18:46+00:00\",\"mainEntityOfPage\":{\"@id\":\"https:\\\/\\\/www.popesprayer.va\\\/fr\\\/le-reseau-mondial-de-priere-du-pape-publie-son-nouveau-reglement-general\\\/\"},\"wordCount\":300,\"publisher\":{\"@id\":\"https:\\\/\\\/www.popesprayer.va\\\/fr\\\/#organization\"},\"image\":{\"@id\":\"https:\\\/\\\/www.popesprayer.va\\\/fr\\\/le-reseau-mondial-de-priere-du-pape-publie-son-nouveau-reglement-general\\\/#primaryimage\"},\"thumbnailUrl\":\"https:\\\/\\\/www.popesprayer.va\\\/wp-content\\\/uploads\\\/2026\\\/03\\\/FR_web.png\",\"articleSection\":[\"Actualit\u00e9s\"],\"inLanguage\":\"fr-FR\"},{\"@type\":\"WebPage\",\"@id\":\"https:\\\/\\\/www.popesprayer.va\\\/fr\\\/le-reseau-mondial-de-priere-du-pape-publie-son-nouveau-reglement-general\\\/\",\"url\":\"https:\\\/\\\/www.popesprayer.va\\\/fr\\\/le-reseau-mondial-de-priere-du-pape-publie-son-nouveau-reglement-general\\\/\",\"name\":\"Le r\u00e9seau mondial de pri\u00e8re du pape publie son nouveau r\u00e8glement g\u00e9n\u00e9ral - R\u00e9seau Mondial de Pri\u00e8re du Pape\",\"isPartOf\":{\"@id\":\"https:\\\/\\\/www.popesprayer.va\\\/fr\\\/#website\"},\"primaryImageOfPage\":{\"@id\":\"https:\\\/\\\/www.popesprayer.va\\\/fr\\\/le-reseau-mondial-de-priere-du-pape-publie-son-nouveau-reglement-general\\\/#primaryimage\"},\"image\":{\"@id\":\"https:\\\/\\\/www.popesprayer.va\\\/fr\\\/le-reseau-mondial-de-priere-du-pape-publie-son-nouveau-reglement-general\\\/#primaryimage\"},\"thumbnailUrl\":\"https:\\\/\\\/www.popesprayer.va\\\/wp-content\\\/uploads\\\/2026\\\/03\\\/FR_web.png\",\"datePublished\":\"2026-03-19T13:35:13+00:00\",\"dateModified\":\"2026-03-19T19:18:46+00:00\",\"breadcrumb\":{\"@id\":\"https:\\\/\\\/www.popesprayer.va\\\/fr\\\/le-reseau-mondial-de-priere-du-pape-publie-son-nouveau-reglement-general\\\/#breadcrumb\"},\"inLanguage\":\"fr-FR\",\"potentialAction\":[{\"@type\":\"ReadAction\",\"target\":[\"https:\\\/\\\/www.popesprayer.va\\\/fr\\\/le-reseau-mondial-de-priere-du-pape-publie-son-nouveau-reglement-general\\\/\"]}]},{\"@type\":\"ImageObject\",\"inLanguage\":\"fr-FR\",\"@id\":\"https:\\\/\\\/www.popesprayer.va\\\/fr\\\/le-reseau-mondial-de-priere-du-pape-publie-son-nouveau-reglement-general\\\/#primaryimage\",\"url\":\"https:\\\/\\\/www.popesprayer.va\\\/wp-content\\\/uploads\\\/2026\\\/03\\\/FR_web.png\",\"contentUrl\":\"https:\\\/\\\/www.popesprayer.va\\\/wp-content\\\/uploads\\\/2026\\\/03\\\/FR_web.png\",\"width\":1920,\"height\":1080},{\"@type\":\"BreadcrumbList\",\"@id\":\"https:\\\/\\\/www.popesprayer.va\\\/fr\\\/le-reseau-mondial-de-priere-du-pape-publie-son-nouveau-reglement-general\\\/#breadcrumb\",\"itemListElement\":[{\"@type\":\"ListItem\",\"position\":1,\"name\":\"Accueil\",\"item\":\"https:\\\/\\\/www.popesprayer.va\\\/fr\\\/accueil\\\/\"},{\"@type\":\"ListItem\",\"position\":2,\"name\":\"Le r\u00e9seau mondial de pri\u00e8re du pape publie son nouveau r\u00e8glement g\u00e9n\u00e9ral\"}]},{\"@type\":\"WebSite\",\"@id\":\"https:\\\/\\\/www.popesprayer.va\\\/fr\\\/#website\",\"url\":\"https:\\\/\\\/www.popesprayer.va\\\/fr\\\/\",\"name\":\"Pope's Worldwide Prayer Network\",\"description\":\"Pray together, change the world\",\"publisher\":{\"@id\":\"https:\\\/\\\/www.popesprayer.va\\\/fr\\\/#organization\"},\"potentialAction\":[{\"@type\":\"SearchAction\",\"target\":{\"@type\":\"EntryPoint\",\"urlTemplate\":\"https:\\\/\\\/www.popesprayer.va\\\/fr\\\/?s={search_term_string}\"},\"query-input\":{\"@type\":\"PropertyValueSpecification\",\"valueRequired\":true,\"valueName\":\"search_term_string\"}}],\"inLanguage\":\"fr-FR\"},{\"@type\":\"Organization\",\"@id\":\"https:\\\/\\\/www.popesprayer.va\\\/fr\\\/#organization\",\"name\":\"R\u00e9seau mondial de pri\u00e8re du pape\",\"url\":\"https:\\\/\\\/www.popesprayer.va\\\/fr\\\/\",\"logo\":{\"@type\":\"ImageObject\",\"inLanguage\":\"fr-FR\",\"@id\":\"https:\\\/\\\/www.popesprayer.va\\\/fr\\\/#\\\/schema\\\/logo\\\/image\\\/\",\"url\":\"https:\\\/\\\/www.popesprayer.va\\\/wp-content\\\/uploads\\\/2025\\\/01\\\/Logo-Popes-Worldwide-Prayer-Network-Pontifical-Work-EN-Horizontal.png\",\"contentUrl\":\"https:\\\/\\\/www.popesprayer.va\\\/wp-content\\\/uploads\\\/2025\\\/01\\\/Logo-Popes-Worldwide-Prayer-Network-Pontifical-Work-EN-Horizontal.png\",\"width\":1328,\"height\":228,\"caption\":\"R\u00e9seau mondial de pri\u00e8re du pape\"},\"image\":{\"@id\":\"https:\\\/\\\/www.popesprayer.va\\\/fr\\\/#\\\/schema\\\/logo\\\/image\\\/\"}},{\"@type\":\"Person\",\"@id\":\"https:\\\/\\\/www.popesprayer.va\\\/fr\\\/#\\\/schema\\\/person\\\/86f5b4775e534271f0bb7cedaa6b889a\",\"name\":\"PWPN\",\"image\":{\"@type\":\"ImageObject\",\"inLanguage\":\"fr-FR\",\"@id\":\"https:\\\/\\\/secure.gravatar.com\\\/avatar\\\/e89ca697535a273eb8474a615eadea1a87c504a36d29a4b2d6dadbda43c10fce?s=96&d=mm&r=g\",\"url\":\"https:\\\/\\\/secure.gravatar.com\\\/avatar\\\/e89ca697535a273eb8474a615eadea1a87c504a36d29a4b2d6dadbda43c10fce?s=96&d=mm&r=g\",\"contentUrl\":\"https:\\\/\\\/secure.gravatar.com\\\/avatar\\\/e89ca697535a273eb8474a615eadea1a87c504a36d29a4b2d6dadbda43c10fce?s=96&d=mm&r=g\",\"caption\":\"PWPN\"},\"url\":\"https:\\\/\\\/www.popesprayer.va\\\/fr\\\/author\\\/marcelo\\\/\"}]}<\/script>\n<!-- \/ Yoast SEO plugin. -->","yoast_head_json":{"title":"Le r\u00e9seau mondial de pri\u00e8re du pape publie son nouveau r\u00e8glement g\u00e9n\u00e9ral - R\u00e9seau Mondial de Pri\u00e8re du Pape","robots":{"index":"index","follow":"follow","max-snippet":"max-snippet:-1","max-image-preview":"max-image-preview:large","max-video-preview":"max-video-preview:-1"},"canonical":"https:\/\/www.popesprayer.va\/fr\/le-reseau-mondial-de-priere-du-pape-publie-son-nouveau-reglement-general\/","og_locale":"fr_FR","og_type":"article","og_title":"Le r\u00e9seau mondial de pri\u00e8re du pape publie son nouveau r\u00e8glement g\u00e9n\u00e9ral - R\u00e9seau Mondial de Pri\u00e8re du Pape","og_description":"\u00c0 l&rsquo;occasion de la f\u00eate de saint Joseph, patron de la Compagnie de J\u00e9sus, le R\u00e9seau mondial de pri\u00e8re du pape partage la publication de son nouveau R\u00e8glement g\u00e9n\u00e9ral, un document qui guide l&rsquo;identit\u00e9, la mission et l&rsquo;organisation de cette \u0153uvre pontificale \u00e0 l&rsquo;\u00e9chelle mondiale. Le R\u00e8glement est le r\u00e9sultat d&rsquo;un processus qui a commenc\u00e9 [&hellip;]","og_url":"https:\/\/www.popesprayer.va\/fr\/le-reseau-mondial-de-priere-du-pape-publie-son-nouveau-reglement-general\/","og_site_name":"R\u00e9seau Mondial de Pri\u00e8re du Pape","article_published_time":"2026-03-19T13:35:13+00:00","article_modified_time":"2026-03-19T19:18:46+00:00","og_image":[{"width":1920,"height":1080,"url":"https:\/\/www.popesprayer.va\/wp-content\/uploads\/2026\/03\/FR_vatican.jpg","type":"image\/jpeg"}],"author":"PWPN","twitter_card":"summary_large_image","twitter_misc":{"\u00c9crit par":"PWPN","Dur\u00e9e de lecture estim\u00e9e":"2 minutes"},"schema":{"@context":"https:\/\/schema.org","@graph":[{"@type":"Article","@id":"https:\/\/www.popesprayer.va\/fr\/le-reseau-mondial-de-priere-du-pape-publie-son-nouveau-reglement-general\/#article","isPartOf":{"@id":"https:\/\/www.popesprayer.va\/fr\/le-reseau-mondial-de-priere-du-pape-publie-son-nouveau-reglement-general\/"},"author":{"name":"PWPN","@id":"https:\/\/www.popesprayer.va\/fr\/#\/schema\/person\/86f5b4775e534271f0bb7cedaa6b889a"},"headline":"Le r\u00e9seau mondial de pri\u00e8re du pape publie son nouveau r\u00e8glement g\u00e9n\u00e9ral","datePublished":"2026-03-19T13:35:13+00:00","dateModified":"2026-03-19T19:18:46+00:00","mainEntityOfPage":{"@id":"https:\/\/www.popesprayer.va\/fr\/le-reseau-mondial-de-priere-du-pape-publie-son-nouveau-reglement-general\/"},"wordCount":300,"publisher":{"@id":"https:\/\/www.popesprayer.va\/fr\/#organization"},"image":{"@id":"https:\/\/www.popesprayer.va\/fr\/le-reseau-mondial-de-priere-du-pape-publie-son-nouveau-reglement-general\/#primaryimage"},"thumbnailUrl":"https:\/\/www.popesprayer.va\/wp-content\/uploads\/2026\/03\/FR_web.png","articleSection":["Actualit\u00e9s"],"inLanguage":"fr-FR"},{"@type":"WebPage","@id":"https:\/\/www.popesprayer.va\/fr\/le-reseau-mondial-de-priere-du-pape-publie-son-nouveau-reglement-general\/","url":"https:\/\/www.popesprayer.va\/fr\/le-reseau-mondial-de-priere-du-pape-publie-son-nouveau-reglement-general\/","name":"Le r\u00e9seau mondial de pri\u00e8re du pape publie son nouveau r\u00e8glement g\u00e9n\u00e9ral - R\u00e9seau Mondial de Pri\u00e8re du Pape","isPartOf":{"@id":"https:\/\/www.popesprayer.va\/fr\/#website"},"primaryImageOfPage":{"@id":"https:\/\/www.popesprayer.va\/fr\/le-reseau-mondial-de-priere-du-pape-publie-son-nouveau-reglement-general\/#primaryimage"},"image":{"@id":"https:\/\/www.popesprayer.va\/fr\/le-reseau-mondial-de-priere-du-pape-publie-son-nouveau-reglement-general\/#primaryimage"},"thumbnailUrl":"https:\/\/www.popesprayer.va\/wp-content\/uploads\/2026\/03\/FR_web.png","datePublished":"2026-03-19T13:35:13+00:00","dateModified":"2026-03-19T19:18:46+00:00","breadcrumb":{"@id":"https:\/\/www.popesprayer.va\/fr\/le-reseau-mondial-de-priere-du-pape-publie-son-nouveau-reglement-general\/#breadcrumb"},"inLanguage":"fr-FR","potentialAction":[{"@type":"ReadAction","target":["https:\/\/www.popesprayer.va\/fr\/le-reseau-mondial-de-priere-du-pape-publie-son-nouveau-reglement-general\/"]}]},{"@type":"ImageObject","inLanguage":"fr-FR","@id":"https:\/\/www.popesprayer.va\/fr\/le-reseau-mondial-de-priere-du-pape-publie-son-nouveau-reglement-general\/#primaryimage","url":"https:\/\/www.popesprayer.va\/wp-content\/uploads\/2026\/03\/FR_web.png","contentUrl":"https:\/\/www.popesprayer.va\/wp-content\/uploads\/2026\/03\/FR_web.png","width":1920,"height":1080},{"@type":"BreadcrumbList","@id":"https:\/\/www.popesprayer.va\/fr\/le-reseau-mondial-de-priere-du-pape-publie-son-nouveau-reglement-general\/#breadcrumb","itemListElement":[{"@type":"ListItem","position":1,"name":"Accueil","item":"https:\/\/www.popesprayer.va\/fr\/accueil\/"},{"@type":"ListItem","position":2,"name":"Le r\u00e9seau mondial de pri\u00e8re du pape publie son nouveau r\u00e8glement g\u00e9n\u00e9ral"}]},{"@type":"WebSite","@id":"https:\/\/www.popesprayer.va\/fr\/#website","url":"https:\/\/www.popesprayer.va\/fr\/","name":"Pope's Worldwide Prayer Network","description":"Pray together, change the world","publisher":{"@id":"https:\/\/www.popesprayer.va\/fr\/#organization"},"potentialAction":[{"@type":"SearchAction","target":{"@type":"EntryPoint","urlTemplate":"https:\/\/www.popesprayer.va\/fr\/?s={search_term_string}"},"query-input":{"@type":"PropertyValueSpecification","valueRequired":true,"valueName":"search_term_string"}}],"inLanguage":"fr-FR"},{"@type":"Organization","@id":"https:\/\/www.popesprayer.va\/fr\/#organization","name":"R\u00e9seau mondial de pri\u00e8re du pape","url":"https:\/\/www.popesprayer.va\/fr\/","logo":{"@type":"ImageObject","inLanguage":"fr-FR","@id":"https:\/\/www.popesprayer.va\/fr\/#\/schema\/logo\/image\/","url":"https:\/\/www.popesprayer.va\/wp-content\/uploads\/2025\/01\/Logo-Popes-Worldwide-Prayer-Network-Pontifical-Work-EN-Horizontal.png","contentUrl":"https:\/\/www.popesprayer.va\/wp-content\/uploads\/2025\/01\/Logo-Popes-Worldwide-Prayer-Network-Pontifical-Work-EN-Horizontal.png","width":1328,"height":228,"caption":"R\u00e9seau mondial de pri\u00e8re du pape"},"image":{"@id":"https:\/\/www.popesprayer.va\/fr\/#\/schema\/logo\/image\/"}},{"@type":"Person","@id":"https:\/\/www.popesprayer.va\/fr\/#\/schema\/person\/86f5b4775e534271f0bb7cedaa6b889a","name":"PWPN","image":{"@type":"ImageObject","inLanguage":"fr-FR","@id":"https:\/\/secure.gravatar.com\/avatar\/e89ca697535a273eb8474a615eadea1a87c504a36d29a4b2d6dadbda43c10fce?s=96&d=mm&r=g","url":"https:\/\/secure.gravatar.com\/avatar\/e89ca697535a273eb8474a615eadea1a87c504a36d29a4b2d6dadbda43c10fce?s=96&d=mm&r=g","contentUrl":"https:\/\/secure.gravatar.com\/avatar\/e89ca697535a273eb8474a615eadea1a87c504a36d29a4b2d6dadbda43c10fce?s=96&d=mm&r=g","caption":"PWPN"},"url":"https:\/\/www.popesprayer.va\/fr\/author\/marcelo\/"}]}},"_links":{"self":[{"href":"https:\/\/www.popesprayer.va\/fr\/wp-json\/wp\/v2\/posts\/94188","targetHints":{"allow":["GET"]}}],"collection":[{"href":"https:\/\/www.popesprayer.va\/fr\/wp-json\/wp\/v2\/posts"}],"about":[{"href":"https:\/\/www.popesprayer.va\/fr\/wp-json\/wp\/v2\/types\/post"}],"author":[{"embeddable":true,"href":"https:\/\/www.popesprayer.va\/fr\/wp-json\/wp\/v2\/users\/8"}],"replies":[{"embeddable":true,"href":"https:\/\/www.popesprayer.va\/fr\/wp-json\/wp\/v2\/comments?post=94188"}],"version-history":[{"count":4,"href":"https:\/\/www.popesprayer.va\/fr\/wp-json\/wp\/v2\/posts\/94188\/revisions"}],"predecessor-version":[{"id":94225,"href":"https:\/\/www.popesprayer.va\/fr\/wp-json\/wp\/v2\/posts\/94188\/revisions\/94225"}],"wp:featuredmedia":[{"embeddable":true,"href":"https:\/\/www.popesprayer.va\/fr\/wp-json\/wp\/v2\/media\/94245"}],"wp:attachment":[{"href":"https:\/\/www.popesprayer.va\/fr\/wp-json\/wp\/v2\/media?parent=94188"}],"wp:term":[{"taxonomy":"category","embeddable":true,"href":"https:\/\/www.popesprayer.va\/fr\/wp-json\/wp\/v2\/categories?post=94188"},{"taxonomy":"post_tag","embeddable":true,"href":"https:\/\/www.popesprayer.va\/fr\/wp-json\/wp\/v2\/tags?post=94188"}],"curies":[{"name":"wp","href":"https:\/\/api.w.org\/{rel}","templated":true}]}}