{"id":101769,"date":"2026-09-04T15:00:15","date_gmt":"2026-09-04T13:00:15","guid":{"rendered":"https:\/\/www.popesprayer.va\/?p=101769"},"modified":"2026-09-03T21:09:50","modified_gmt":"2026-09-03T19:09:50","slug":"intenzioni-di-preghiera-del-papa-2027","status":"publish","type":"post","link":"https:\/\/www.popesprayer.va\/it\/intenzioni-di-preghiera-del-papa-2027\/","title":{"rendered":"Intenzioni di preghiera del Papa 2027"},"content":{"rendered":"<p><em>Preghiamo con il Papa, mese dopo mese\u2026 e cambiamo il mondo.<\/em><\/p>\n<p>Le intenzioni di preghiera del Papa nascono dalla compassione per il mondo ed esprimono le sfide dell\u2019umanit\u00e0 e della missione della Chiesa.<br \/>\nQuando il Papa ci affida le sue intenzioni di preghiera, ci aiuta ad avvicinarci al Cuore di Cristo, a contemplare il mondo con i suoi stessi occhi: \u201c\u00c8 importante notare che non si tratta solo di permettere al Cuore di Cristo di diffondere la bellezza del suo amore nel nostro cuore, attraverso una fiducia totale, ma anche che attraverso la propria vita raggiunga gli altri e trasformi il mondo\u201d. (Dilexit Nos 198).<\/p>\n<p>Per il 2027, le intenzioni di preghiera affidate dal Santo Padre alla sua Rete Mondiale di Preghiera si presentano come un itinerario spirituale e pastorale capace di toccare sia il cuore della vita cristiana sia le frontiere pi\u00f9 concrete del mondo contemporaneo. Rispecchiano una convinzione semplice: quando la Chiesa prega con fedelt\u00e0, impara a guardare con gli occhi di Cristo e a servire con un amore pi\u00f9 autentico, pi\u00f9 paziente e pi\u00f9 coraggioso.<\/p>\n<p>Per facilitarne la diffusione, la Rete Mondiale di Preghiera del Papa mette a disposizione una risorsa pastorale in formato digitale. Questo materiale \u00e8 pensato per aiutare le parrocchie, le comunit\u00e0 e tutti i fedeli a condividere e diffondere le intenzioni di preghiera del Santo Padre.<\/p>\n<p><iframe title=\"Intenzioni di preghiera del Papa 2027\" src=\"https:\/\/e.issuu.com\/embed.html?u=popesprayernet&#038;d=intenzioni_di_preghiera_del_papa_2027\" style=\"border:none; width: 1080px; height: 828px;\" allow=\"clipboard-write,allow-top-navigation,allow-top-navigation-by-user-activation,allow-downloads,allow-scripts,allow-same-origin,allow-popups,allow-modals,allow-popups-to-escape-sandbox,allow-forms\"  allowfullscreen=\"true\"><\/iframe><\/p>\n<p>&nbsp;<\/p>\n","protected":false},"excerpt":{"rendered":"<p>Preghiamo con il Papa, mese dopo mese\u2026 e cambiamo il mondo. Le intenzioni di preghiera del Papa nascono dalla compassione per il mondo ed esprimono le sfide dell\u2019umanit\u00e0 e della missione della Chiesa. Quando il Papa ci affida le sue intenzioni di preghiera, ci aiuta ad avvicinarci al Cuore di Cristo, a contemplare il mondo [&hellip;]<\/p>\n","protected":false},"author":2,"featured_media":101770,"comment_status":"closed","ping_status":"closed","sticky":false,"template":"","format":"standard","meta":{"_acf_changed":false,"footnotes":""},"categories":[50],"tags":[],"class_list":["post-101769","post","type-post","status-publish","format-standard","has-post-thumbnail","hentry","category-senza-categoria"],"acf":[],"yoast_head":"<!-- This site is optimized with the Yoast SEO plugin v28.4 - https:\/\/yoast.com\/product\/yoast-seo-wordpress\/ -->\n<title>Intenzioni di preghiera del Papa 2027 - Rete Mondiale di Preghiera del Papa<\/title>\n<meta name=\"robots\" content=\"index, follow, max-snippet:-1, max-image-preview:large, max-video-preview:-1\" \/>\n<link rel=\"canonical\" href=\"https:\/\/www.popesprayer.va\/it\/intenzioni-di-preghiera-del-papa-2027\/\" \/>\n<meta property=\"og:locale\" content=\"it_IT\" \/>\n<meta property=\"og:type\" content=\"article\" \/>\n<meta property=\"og:title\" content=\"Intenzioni di preghiera del Papa 2027 - Rete Mondiale di Preghiera del Papa\" \/>\n<meta property=\"og:description\" content=\"Preghiamo con il Papa, mese dopo mese\u2026 e cambiamo il mondo. Le intenzioni di preghiera del Papa nascono dalla compassione per il mondo ed esprimono le sfide dell\u2019umanit\u00e0 e della missione della Chiesa. Quando il Papa ci affida le sue intenzioni di preghiera, ci aiuta ad avvicinarci al Cuore di Cristo, a contemplare il mondo [&hellip;]\" \/>\n<meta property=\"og:url\" content=\"https:\/\/www.popesprayer.va\/it\/intenzioni-di-preghiera-del-papa-2027\/\" \/>\n<meta property=\"og:site_name\" content=\"Rete Mondiale di Preghiera del Papa\" \/>\n<meta property=\"article:published_time\" content=\"2026-09-04T13:00:15+00:00\" \/>\n<meta property=\"og:image\" content=\"https:\/\/www.popesprayer.va\/wp-content\/uploads\/2026\/09\/intentions-2027.png\" \/>\n\t<meta property=\"og:image:width\" content=\"1920\" \/>\n\t<meta property=\"og:image:height\" content=\"1080\" \/>\n\t<meta property=\"og:image:type\" content=\"image\/png\" \/>\n<meta name=\"author\" content=\"PWPN\" \/>\n<meta name=\"twitter:card\" content=\"summary_large_image\" \/>\n<meta name=\"twitter:label1\" content=\"Scritto da\" \/>\n\t<meta name=\"twitter:data1\" content=\"PWPN\" \/>\n\t<meta name=\"twitter:label2\" content=\"Tempo di lettura stimato\" \/>\n\t<meta name=\"twitter:data2\" content=\"2 minuti\" \/>\n<script type=\"application\/ld+json\" class=\"yoast-schema-graph\">{\"@context\":\"https:\\\/\\\/schema.org\",\"@graph\":[{\"@type\":\"Article\",\"@id\":\"https:\\\/\\\/www.popesprayer.va\\\/it\\\/intenzioni-di-preghiera-del-papa-2027\\\/#article\",\"isPartOf\":{\"@id\":\"https:\\\/\\\/www.popesprayer.va\\\/it\\\/intenzioni-di-preghiera-del-papa-2027\\\/\"},\"author\":{\"name\":\"PWPN\",\"@id\":\"https:\\\/\\\/www.popesprayer.va\\\/it\\\/#\\\/schema\\\/person\\\/47382b3f75a9576a16176c16cdf4bf8f\"},\"headline\":\"Intenzioni di preghiera del Papa 2027\",\"datePublished\":\"2026-09-04T13:00:15+00:00\",\"mainEntityOfPage\":{\"@id\":\"https:\\\/\\\/www.popesprayer.va\\\/it\\\/intenzioni-di-preghiera-del-papa-2027\\\/\"},\"wordCount\":236,\"publisher\":{\"@id\":\"https:\\\/\\\/www.popesprayer.va\\\/it\\\/#organization\"},\"image\":{\"@id\":\"https:\\\/\\\/www.popesprayer.va\\\/it\\\/intenzioni-di-preghiera-del-papa-2027\\\/#primaryimage\"},\"thumbnailUrl\":\"https:\\\/\\\/www.popesprayer.va\\\/wp-content\\\/uploads\\\/2026\\\/09\\\/intentions-2027.png\",\"articleSection\":[\"Notizie\"],\"inLanguage\":\"it-IT\"},{\"@type\":\"WebPage\",\"@id\":\"https:\\\/\\\/www.popesprayer.va\\\/it\\\/intenzioni-di-preghiera-del-papa-2027\\\/\",\"url\":\"https:\\\/\\\/www.popesprayer.va\\\/it\\\/intenzioni-di-preghiera-del-papa-2027\\\/\",\"name\":\"Intenzioni di preghiera del Papa 2027 - Rete Mondiale di Preghiera del Papa\",\"isPartOf\":{\"@id\":\"https:\\\/\\\/www.popesprayer.va\\\/it\\\/#website\"},\"primaryImageOfPage\":{\"@id\":\"https:\\\/\\\/www.popesprayer.va\\\/it\\\/intenzioni-di-preghiera-del-papa-2027\\\/#primaryimage\"},\"image\":{\"@id\":\"https:\\\/\\\/www.popesprayer.va\\\/it\\\/intenzioni-di-preghiera-del-papa-2027\\\/#primaryimage\"},\"thumbnailUrl\":\"https:\\\/\\\/www.popesprayer.va\\\/wp-content\\\/uploads\\\/2026\\\/09\\\/intentions-2027.png\",\"datePublished\":\"2026-09-04T13:00:15+00:00\",\"breadcrumb\":{\"@id\":\"https:\\\/\\\/www.popesprayer.va\\\/it\\\/intenzioni-di-preghiera-del-papa-2027\\\/#breadcrumb\"},\"inLanguage\":\"it-IT\",\"potentialAction\":[{\"@type\":\"ReadAction\",\"target\":[\"https:\\\/\\\/www.popesprayer.va\\\/it\\\/intenzioni-di-preghiera-del-papa-2027\\\/\"]}]},{\"@type\":\"ImageObject\",\"inLanguage\":\"it-IT\",\"@id\":\"https:\\\/\\\/www.popesprayer.va\\\/it\\\/intenzioni-di-preghiera-del-papa-2027\\\/#primaryimage\",\"url\":\"https:\\\/\\\/www.popesprayer.va\\\/wp-content\\\/uploads\\\/2026\\\/09\\\/intentions-2027.png\",\"contentUrl\":\"https:\\\/\\\/www.popesprayer.va\\\/wp-content\\\/uploads\\\/2026\\\/09\\\/intentions-2027.png\",\"width\":1920,\"height\":1080},{\"@type\":\"BreadcrumbList\",\"@id\":\"https:\\\/\\\/www.popesprayer.va\\\/it\\\/intenzioni-di-preghiera-del-papa-2027\\\/#breadcrumb\",\"itemListElement\":[{\"@type\":\"ListItem\",\"position\":1,\"name\":\"Home\",\"item\":\"https:\\\/\\\/www.popesprayer.va\\\/it\\\/\"},{\"@type\":\"ListItem\",\"position\":2,\"name\":\"Intenzioni di preghiera del Papa 2027\"}]},{\"@type\":\"WebSite\",\"@id\":\"https:\\\/\\\/www.popesprayer.va\\\/it\\\/#website\",\"url\":\"https:\\\/\\\/www.popesprayer.va\\\/it\\\/\",\"name\":\"Pope's Worldwide Prayer Network\",\"description\":\"Pray together, change the world\",\"publisher\":{\"@id\":\"https:\\\/\\\/www.popesprayer.va\\\/it\\\/#organization\"},\"potentialAction\":[{\"@type\":\"SearchAction\",\"target\":{\"@type\":\"EntryPoint\",\"urlTemplate\":\"https:\\\/\\\/www.popesprayer.va\\\/it\\\/?s={search_term_string}\"},\"query-input\":{\"@type\":\"PropertyValueSpecification\",\"valueRequired\":true,\"valueName\":\"search_term_string\"}}],\"inLanguage\":\"it-IT\"},{\"@type\":\"Organization\",\"@id\":\"https:\\\/\\\/www.popesprayer.va\\\/it\\\/#organization\",\"name\":\"Rete di preghiera mondiale del Papa\",\"url\":\"https:\\\/\\\/www.popesprayer.va\\\/it\\\/\",\"logo\":{\"@type\":\"ImageObject\",\"inLanguage\":\"it-IT\",\"@id\":\"https:\\\/\\\/www.popesprayer.va\\\/it\\\/#\\\/schema\\\/logo\\\/image\\\/\",\"url\":\"https:\\\/\\\/www.popesprayer.va\\\/wp-content\\\/uploads\\\/2025\\\/01\\\/Logo-Popes-Worldwide-Prayer-Network-Pontifical-Work-EN-Horizontal.png\",\"contentUrl\":\"https:\\\/\\\/www.popesprayer.va\\\/wp-content\\\/uploads\\\/2025\\\/01\\\/Logo-Popes-Worldwide-Prayer-Network-Pontifical-Work-EN-Horizontal.png\",\"width\":1328,\"height\":228,\"caption\":\"Rete di preghiera mondiale del Papa\"},\"image\":{\"@id\":\"https:\\\/\\\/www.popesprayer.va\\\/it\\\/#\\\/schema\\\/logo\\\/image\\\/\"}},{\"@type\":\"Person\",\"@id\":\"https:\\\/\\\/www.popesprayer.va\\\/it\\\/#\\\/schema\\\/person\\\/47382b3f75a9576a16176c16cdf4bf8f\",\"name\":\"PWPN\",\"image\":{\"@type\":\"ImageObject\",\"inLanguage\":\"it-IT\",\"@id\":\"https:\\\/\\\/secure.gravatar.com\\\/avatar\\\/50d3b85093cf9363f4d6f737092e1c5ca7f754ab317b568587d4982cd49efd99?s=96&d=mm&r=g\",\"url\":\"https:\\\/\\\/secure.gravatar.com\\\/avatar\\\/50d3b85093cf9363f4d6f737092e1c5ca7f754ab317b568587d4982cd49efd99?s=96&d=mm&r=g\",\"contentUrl\":\"https:\\\/\\\/secure.gravatar.com\\\/avatar\\\/50d3b85093cf9363f4d6f737092e1c5ca7f754ab317b568587d4982cd49efd99?s=96&d=mm&r=g\",\"caption\":\"PWPN\"},\"url\":\"https:\\\/\\\/www.popesprayer.va\\\/it\\\/author\\\/eloy\\\/\"}]}<\/script>\n<!-- \/ Yoast SEO plugin. -->","yoast_head_json":{"title":"Intenzioni di preghiera del Papa 2027 - Rete Mondiale di Preghiera del Papa","robots":{"index":"index","follow":"follow","max-snippet":"max-snippet:-1","max-image-preview":"max-image-preview:large","max-video-preview":"max-video-preview:-1"},"canonical":"https:\/\/www.popesprayer.va\/it\/intenzioni-di-preghiera-del-papa-2027\/","og_locale":"it_IT","og_type":"article","og_title":"Intenzioni di preghiera del Papa 2027 - Rete Mondiale di Preghiera del Papa","og_description":"Preghiamo con il Papa, mese dopo mese\u2026 e cambiamo il mondo. Le intenzioni di preghiera del Papa nascono dalla compassione per il mondo ed esprimono le sfide dell\u2019umanit\u00e0 e della missione della Chiesa. Quando il Papa ci affida le sue intenzioni di preghiera, ci aiuta ad avvicinarci al Cuore di Cristo, a contemplare il mondo [&hellip;]","og_url":"https:\/\/www.popesprayer.va\/it\/intenzioni-di-preghiera-del-papa-2027\/","og_site_name":"Rete Mondiale di Preghiera del Papa","article_published_time":"2026-09-04T13:00:15+00:00","og_image":[{"width":1920,"height":1080,"url":"https:\/\/www.popesprayer.va\/wp-content\/uploads\/2026\/09\/intentions-2027.png","type":"image\/png"}],"author":"PWPN","twitter_card":"summary_large_image","twitter_misc":{"Scritto da":"PWPN","Tempo di lettura stimato":"2 minuti"},"schema":{"@context":"https:\/\/schema.org","@graph":[{"@type":"Article","@id":"https:\/\/www.popesprayer.va\/it\/intenzioni-di-preghiera-del-papa-2027\/#article","isPartOf":{"@id":"https:\/\/www.popesprayer.va\/it\/intenzioni-di-preghiera-del-papa-2027\/"},"author":{"name":"PWPN","@id":"https:\/\/www.popesprayer.va\/it\/#\/schema\/person\/47382b3f75a9576a16176c16cdf4bf8f"},"headline":"Intenzioni di preghiera del Papa 2027","datePublished":"2026-09-04T13:00:15+00:00","mainEntityOfPage":{"@id":"https:\/\/www.popesprayer.va\/it\/intenzioni-di-preghiera-del-papa-2027\/"},"wordCount":236,"publisher":{"@id":"https:\/\/www.popesprayer.va\/it\/#organization"},"image":{"@id":"https:\/\/www.popesprayer.va\/it\/intenzioni-di-preghiera-del-papa-2027\/#primaryimage"},"thumbnailUrl":"https:\/\/www.popesprayer.va\/wp-content\/uploads\/2026\/09\/intentions-2027.png","articleSection":["Notizie"],"inLanguage":"it-IT"},{"@type":"WebPage","@id":"https:\/\/www.popesprayer.va\/it\/intenzioni-di-preghiera-del-papa-2027\/","url":"https:\/\/www.popesprayer.va\/it\/intenzioni-di-preghiera-del-papa-2027\/","name":"Intenzioni di preghiera del Papa 2027 - Rete Mondiale di Preghiera del Papa","isPartOf":{"@id":"https:\/\/www.popesprayer.va\/it\/#website"},"primaryImageOfPage":{"@id":"https:\/\/www.popesprayer.va\/it\/intenzioni-di-preghiera-del-papa-2027\/#primaryimage"},"image":{"@id":"https:\/\/www.popesprayer.va\/it\/intenzioni-di-preghiera-del-papa-2027\/#primaryimage"},"thumbnailUrl":"https:\/\/www.popesprayer.va\/wp-content\/uploads\/2026\/09\/intentions-2027.png","datePublished":"2026-09-04T13:00:15+00:00","breadcrumb":{"@id":"https:\/\/www.popesprayer.va\/it\/intenzioni-di-preghiera-del-papa-2027\/#breadcrumb"},"inLanguage":"it-IT","potentialAction":[{"@type":"ReadAction","target":["https:\/\/www.popesprayer.va\/it\/intenzioni-di-preghiera-del-papa-2027\/"]}]},{"@type":"ImageObject","inLanguage":"it-IT","@id":"https:\/\/www.popesprayer.va\/it\/intenzioni-di-preghiera-del-papa-2027\/#primaryimage","url":"https:\/\/www.popesprayer.va\/wp-content\/uploads\/2026\/09\/intentions-2027.png","contentUrl":"https:\/\/www.popesprayer.va\/wp-content\/uploads\/2026\/09\/intentions-2027.png","width":1920,"height":1080},{"@type":"BreadcrumbList","@id":"https:\/\/www.popesprayer.va\/it\/intenzioni-di-preghiera-del-papa-2027\/#breadcrumb","itemListElement":[{"@type":"ListItem","position":1,"name":"Home","item":"https:\/\/www.popesprayer.va\/it\/"},{"@type":"ListItem","position":2,"name":"Intenzioni di preghiera del Papa 2027"}]},{"@type":"WebSite","@id":"https:\/\/www.popesprayer.va\/it\/#website","url":"https:\/\/www.popesprayer.va\/it\/","name":"Pope's Worldwide Prayer Network","description":"Pray together, change the world","publisher":{"@id":"https:\/\/www.popesprayer.va\/it\/#organization"},"potentialAction":[{"@type":"SearchAction","target":{"@type":"EntryPoint","urlTemplate":"https:\/\/www.popesprayer.va\/it\/?s={search_term_string}"},"query-input":{"@type":"PropertyValueSpecification","valueRequired":true,"valueName":"search_term_string"}}],"inLanguage":"it-IT"},{"@type":"Organization","@id":"https:\/\/www.popesprayer.va\/it\/#organization","name":"Rete di preghiera mondiale del Papa","url":"https:\/\/www.popesprayer.va\/it\/","logo":{"@type":"ImageObject","inLanguage":"it-IT","@id":"https:\/\/www.popesprayer.va\/it\/#\/schema\/logo\/image\/","url":"https:\/\/www.popesprayer.va\/wp-content\/uploads\/2025\/01\/Logo-Popes-Worldwide-Prayer-Network-Pontifical-Work-EN-Horizontal.png","contentUrl":"https:\/\/www.popesprayer.va\/wp-content\/uploads\/2025\/01\/Logo-Popes-Worldwide-Prayer-Network-Pontifical-Work-EN-Horizontal.png","width":1328,"height":228,"caption":"Rete di preghiera mondiale del Papa"},"image":{"@id":"https:\/\/www.popesprayer.va\/it\/#\/schema\/logo\/image\/"}},{"@type":"Person","@id":"https:\/\/www.popesprayer.va\/it\/#\/schema\/person\/47382b3f75a9576a16176c16cdf4bf8f","name":"PWPN","image":{"@type":"ImageObject","inLanguage":"it-IT","@id":"https:\/\/secure.gravatar.com\/avatar\/50d3b85093cf9363f4d6f737092e1c5ca7f754ab317b568587d4982cd49efd99?s=96&d=mm&r=g","url":"https:\/\/secure.gravatar.com\/avatar\/50d3b85093cf9363f4d6f737092e1c5ca7f754ab317b568587d4982cd49efd99?s=96&d=mm&r=g","contentUrl":"https:\/\/secure.gravatar.com\/avatar\/50d3b85093cf9363f4d6f737092e1c5ca7f754ab317b568587d4982cd49efd99?s=96&d=mm&r=g","caption":"PWPN"},"url":"https:\/\/www.popesprayer.va\/it\/author\/eloy\/"}]}},"_links":{"self":[{"href":"https:\/\/www.popesprayer.va\/it\/wp-json\/wp\/v2\/posts\/101769","targetHints":{"allow":["GET"]}}],"collection":[{"href":"https:\/\/www.popesprayer.va\/it\/wp-json\/wp\/v2\/posts"}],"about":[{"href":"https:\/\/www.popesprayer.va\/it\/wp-json\/wp\/v2\/types\/post"}],"author":[{"embeddable":true,"href":"https:\/\/www.popesprayer.va\/it\/wp-json\/wp\/v2\/users\/2"}],"replies":[{"embeddable":true,"href":"https:\/\/www.popesprayer.va\/it\/wp-json\/wp\/v2\/comments?post=101769"}],"version-history":[{"count":2,"href":"https:\/\/www.popesprayer.va\/it\/wp-json\/wp\/v2\/posts\/101769\/revisions"}],"predecessor-version":[{"id":101777,"href":"https:\/\/www.popesprayer.va\/it\/wp-json\/wp\/v2\/posts\/101769\/revisions\/101777"}],"wp:featuredmedia":[{"embeddable":true,"href":"https:\/\/www.popesprayer.va\/it\/wp-json\/wp\/v2\/media\/101770"}],"wp:attachment":[{"href":"https:\/\/www.popesprayer.va\/it\/wp-json\/wp\/v2\/media?parent=101769"}],"wp:term":[{"taxonomy":"category","embeddable":true,"href":"https:\/\/www.popesprayer.va\/it\/wp-json\/wp\/v2\/categories?post=101769"},{"taxonomy":"post_tag","embeddable":true,"href":"https:\/\/www.popesprayer.va\/it\/wp-json\/wp\/v2\/tags?post=101769"}],"curies":[{"name":"wp","href":"https:\/\/api.w.org\/{rel}","templated":true}]}}