{"id":92853,"date":"2026-01-30T11:30:28","date_gmt":"2026-01-30T10:30:28","guid":{"rendered":"https:\/\/www.popesprayer.va\/saluto-di-papa-leone-xiv-alla-sua-rete-mondiale-di-preghiera\/"},"modified":"2026-01-31T11:30:13","modified_gmt":"2026-01-31T10:30:13","slug":"saluto-di-papa-leone-xiv-alla-sua-rete-mondiale-di-preghiera","status":"publish","type":"post","link":"https:\/\/www.popesprayer.va\/it\/saluto-di-papa-leone-xiv-alla-sua-rete-mondiale-di-preghiera\/","title":{"rendered":"Udienza con il Santo Padre Leone XIV"},"content":{"rendered":"<div class=\"testo\">\n<div class=\"text parbase vaticanrichtext\">\n<p><span style=\"font-weight: 400;\">Venerd\u00ec 30 gennaio 2026, Papa Leone XIV ha ricevuto in udienza in Vaticano i membri della Rete Mondiale di Preghiera del Papa.<\/span><\/p>\n<p><span style=\"font-weight: 400;\">Questo incontro ha rappresentato un momento di profondo incontro tra il Santo Padre e tutta la sua Rete Mondiale di Preghiera. Nel suo saluto di benvenuto, Leone XIV ha salutato cordialmente il team di direzione internazionale, i coordinatori continentali e i membri dell&#8217;ufficio internazionale. Il Papa ha rivolto una menzione speciale di gratitudine agli Ambasciatori della Fondazione, sottolineando la loro generosit\u00e0 nel sostenere la missione.<br \/>  <\/span><\/p>\n<p><span style=\"font-weight: 400;\">Nelle sue parole, il Papa ha sottolineato l&#8217;itinerario formativo della Rete di Preghiera come guida essenziale per vivere questa spiritualit\u00e0 nella vita quotidiana:<\/span><\/p>\n<blockquote><p><span style=\"font-weight: 400;\">\u201cIl Cammino del Cuore \u00e8 una guida utile su come vivere questa spiritualit\u00e0 nella vita quotidiana. Spero che, attraverso il vostro apostolato, continuiate ad aiutare i battezzati a capire che sono amici e apostoli di Cristo.\u201d<br \/><\/span><\/p><\/blockquote>\n<p><span style=\"font-weight: 400;\">Allo stesso modo, il Santo Padre ha posto l&#8217;accento sull&#8217;importanza di integrare i giovani, che cercano un rapporto pi\u00f9 personale con Ges\u00f9 attraverso il Movimento Eucaristico Giovanile:<\/span><\/p>\n<blockquote><p><span style=\"font-weight: 400;\">\"\u00c8 particolarmente importante invitare i giovani a partecipare affinch\u00e9 formino la prossima generazione di intercessori per i bisogni di tutto il mondo\".<br \/><\/span><\/p><\/blockquote>\n<p><span style=\"font-weight: 400;\">Benedizione per tutta la Rete Mondiale di Preghiera del Papa<br \/><\/span><\/p>\n<blockquote><p><span style=\"font-weight: 400;\">\u201cVi ringrazio di cuore per i vostri sforzi nel promuovere la preghiera in tutto il mondo per le intenzioni del Papa, e vi incoraggio a continuare su questa strada con spirito gioioso. Imparto volentieri la mia Benedizione Apostolica a voi, ai vostri cari e a tutti i membri della Rete.\u201d<br \/><\/span><\/p><\/blockquote>\n<\/div>\n<p><iframe loading=\"lazy\" title=\"Audience with the Holy Father Leo XIV - January 2026\" width=\"1080\" height=\"608\" src=\"https:\/\/www.youtube.com\/embed\/BrkWd4rOSNI?feature=oembed\"  allow=\"accelerometer; autoplay; clipboard-write; encrypted-media; gyroscope; picture-in-picture; web-share\" referrerpolicy=\"strict-origin-when-cross-origin\" allowfullscreen><\/iframe><\/p>\n<div class=\"text parbase vaticanrichtext\">\n<p>&nbsp;<\/p>\n<p>-<\/p>\n<p><b><i>SALUTO DI SUA SANTIT\u00c0 PAPA LEO XIV ALLA LEADERSHIP E AI MEMBRI DELLA <a href=\"https:\/\/www.popesprayer.va\/\">RETE MONDIALE DI PREGHIERA DEL PAPA<\/a><\/i><\/b><\/p>\n<p>Nel nome del Padre, del Figlio e dello Spirito Santo.<\/p>\n<p>La pace sia con voi! Buongiorno e benvenuti a tutti voi.<\/p>\n<p>Sono lieto di incontrarvi e vi ringrazio per il vostro servizio al popolo di Dio. <\/p>\n<p>Saluto cordialmente il Direttore Internazionale della <a href=\"https:\/\/www.popesprayer.va\/\">Fondazione Rete Mondiale di Preghiera del Papa<\/a>, Padre Crist\u00f3bal Fones, cos\u00ec come la Sig.ra Bettina Raed e Padre Miguel Melo, i Vice-Direttori. Saluto anche tutti voi, membri dell&#8217;Ufficio Internazionale, i Coordinatori Continentali, il Consiglio di Amministrazione, i partner permanenti e, in modo speciale, gli Ambasciatori della Fondazione che sostengono con la loro generosit\u00e0 la stabilit\u00e0 e la vitalit\u00e0 di questa missione. <\/p>\n<p>Come sapete, ogni mese, dopo un attento discernimento, i miei predecessori ed io abbiamo condiviso con voi diverse intenzioni che toccano le sfide dell&#8217;umanit\u00e0, cos\u00ec come la vita e la missione della Chiesa. Vi sono grato per i vostri sforzi nel diffonderle ai decine di milioni di persone in questa rete mondiale che ogni giorno presentano queste necessit\u00e0 davanti a Dio. Tale preghiera non \u00e8 estranea all&#8217;opera evangelica del Corpo di Cristo, ma ne \u00e8 parte integrante.  <\/p>\n<p>La spiritualit\u00e0 del vostro apostolato della preghiera \u00e8 radicata nel Cuore di Ges\u00f9, il che vi permette di conoscere il nostro Signore pi\u00f9 intimamente e di essere pi\u00f9 compassionevoli ed empatici nel sostenere con la preghiera quanti sono nel bisogno. A questo proposito, il vostro itinerario di formazione, <a href=\"https:\/\/www.popesprayer.va\/?page_id=412\">Il Cammino del Cuore<\/a>, \u00e8 una guida utile su come vivere questa spiritualit\u00e0 nella vita quotidiana. Spero che attraverso il vostro apostolato possiate continuare ad aiutare i battezzati a comprendere che sono amici e apostoli di Cristo.  <\/p>\n<p>Vi incoraggio parimenti a promuovere una partecipazione ancora maggiore a questa <a href=\"https:\/\/www.popesprayer.va\/\">Rete<\/a>, che unisce diverse culture, lingue e carismi nella missione comune. \u00c8 particolarmente importante invitare i giovani a parteciparvi, affinch\u00e9 possano formare la prossima generazione di intercessori per le necessit\u00e0 del mondo intero. Poich\u00e9 molti di loro cercano una relazione pi\u00f9 profonda e personale con Ges\u00f9 Risorto, il vostro Movimento Eucaristico Giovanile pu\u00f2 essere un cammino particolarmente fecondo per aiutarli a crescere in una pi\u00f9 profonda intimit\u00e0 con il Signore.  <\/p>\n<p>Cari fratelli e sorelle, vi ringrazio vivamente per il vostro impegno nel promuovere la preghiera in tutto il mondo per le intenzioni del Papa, e vi incoraggio a continuare su questa strada con spirito gioioso. Imparto volentieri la mia Benedizione Apostolica, che estendo ai vostri cari e a tutti i membri della <a href=\"https:\/\/www.popesprayer.va\/\">Rete<\/a>. . <\/p>\n<p>Grazie<\/p>\n<p>Preghiamo insieme come il Signore ci ha insegnato:<\/p>\n<p>Padre nostro&#8230;<\/p>\n<p>Buona giornata. Grazie ancora per il vostro servizio e il vostro impegno in questo importante ministero. Grazie.  <\/p>\n<p>&nbsp;<\/p>\n<p><img loading=\"lazy\" decoding=\"async\" class=\"aligncenter wp-image-92843 size-full\" src=\"https:\/\/www.popesprayer.va\/wp-content\/uploads\/2026\/01\/audienciapapa5.jpeg\" alt=\"audienciapapa5\" width=\"1280\" height=\"844\"><\/p>\n<p><img loading=\"lazy\" decoding=\"async\" class=\"aligncenter wp-image-92842 size-full\" src=\"https:\/\/www.popesprayer.va\/wp-content\/uploads\/2026\/01\/audienciapapa3.jpeg\" alt=\"audienciapapa3\" width=\"1280\" height=\"844\"><\/p>\n<p>-<\/p>\n<div class=\"clearfix\"><a href=\"https:\/\/photo.vaticanmedia.va\/en\/\" target=\"_blank\" rel=\"noopener\">Foto: Vatican Media<\/a><\/div>\n<\/div>\n<\/div>\n<div class=\"content parsys\"><a href=\"https:\/\/www.vatican.va\/content\/leo-xiv\/en\/speeches\/2026\/january\/documents\/20260130-rete-preghiera.html\" target=\"_blank\" rel=\"noopener\">Copyright \u00a9 Dicastero per la Comunicazione - Libreria Editrice Vaticana<\/a><\/div>\n","protected":false},"excerpt":{"rendered":"<p>Venerd\u00ec 30 gennaio 2026, Papa Leone XIV ha ricevuto in udienza in Vaticano i membri della Rete Mondiale di Preghiera del Papa. Questo incontro ha rappresentato un momento di profondo incontro tra il Santo Padre e tutta la sua Rete Mondiale di Preghiera. Nel suo saluto di benvenuto, Leone XIV ha salutato cordialmente il team [&hellip;]<\/p>\n","protected":false},"author":3,"featured_media":92854,"comment_status":"closed","ping_status":"closed","sticky":false,"template":"","format":"standard","meta":{"_acf_changed":false,"_et_pb_use_builder":"","_et_pb_old_content":"","_et_gb_content_width":"","footnotes":""},"categories":[50],"tags":[],"class_list":["post-92853","post","type-post","status-publish","format-standard","has-post-thumbnail","hentry","category-senza-categoria"],"acf":[],"yoast_head":"<!-- This site is optimized with the Yoast SEO plugin v27.4 - https:\/\/yoast.com\/product\/yoast-seo-wordpress\/ -->\n<title>Udienza con il Santo Padre Leone XIV - Rete Mondiale di Preghiera del Papa<\/title>\n<meta name=\"robots\" content=\"index, follow, max-snippet:-1, max-image-preview:large, max-video-preview:-1\" \/>\n<link rel=\"canonical\" href=\"https:\/\/www.popesprayer.va\/it\/saluto-di-papa-leone-xiv-alla-sua-rete-mondiale-di-preghiera\/\" \/>\n<meta property=\"og:locale\" content=\"it_IT\" \/>\n<meta property=\"og:type\" content=\"article\" \/>\n<meta property=\"og:title\" content=\"Udienza con il Santo Padre Leone XIV - Rete Mondiale di Preghiera del Papa\" \/>\n<meta property=\"og:description\" content=\"Venerd\u00ec 30 gennaio 2026, Papa Leone XIV ha ricevuto in udienza in Vaticano i membri della Rete Mondiale di Preghiera del Papa. Questo incontro ha rappresentato un momento di profondo incontro tra il Santo Padre e tutta la sua Rete Mondiale di Preghiera. Nel suo saluto di benvenuto, Leone XIV ha salutato cordialmente il team [&hellip;]\" \/>\n<meta property=\"og:url\" content=\"https:\/\/www.popesprayer.va\/it\/saluto-di-papa-leone-xiv-alla-sua-rete-mondiale-di-preghiera\/\" \/>\n<meta property=\"og:site_name\" content=\"Rete Mondiale di Preghiera del Papa\" \/>\n<meta property=\"article:published_time\" content=\"2026-01-30T10:30:28+00:00\" \/>\n<meta property=\"article:modified_time\" content=\"2026-01-31T10:30:13+00:00\" \/>\n<meta property=\"og:image\" content=\"https:\/\/www.popesprayer.va\/wp-content\/uploads\/2026\/01\/audienciapapa4.jpeg\" \/>\n\t<meta property=\"og:image:width\" content=\"1280\" \/>\n\t<meta property=\"og:image:height\" content=\"844\" \/>\n\t<meta property=\"og:image:type\" content=\"image\/jpeg\" \/>\n<meta name=\"author\" content=\"PWPN\" \/>\n<meta name=\"twitter:card\" content=\"summary_large_image\" \/>\n<meta name=\"twitter:label1\" content=\"Scritto da\" \/>\n\t<meta name=\"twitter:data1\" content=\"PWPN\" \/>\n\t<meta name=\"twitter:label2\" content=\"Tempo di lettura stimato\" \/>\n\t<meta name=\"twitter:data2\" content=\"3 minuti\" \/>\n<script type=\"application\/ld+json\" class=\"yoast-schema-graph\">{\"@context\":\"https:\\\/\\\/schema.org\",\"@graph\":[{\"@type\":\"Article\",\"@id\":\"https:\\\/\\\/www.popesprayer.va\\\/it\\\/saluto-di-papa-leone-xiv-alla-sua-rete-mondiale-di-preghiera\\\/#article\",\"isPartOf\":{\"@id\":\"https:\\\/\\\/www.popesprayer.va\\\/it\\\/saluto-di-papa-leone-xiv-alla-sua-rete-mondiale-di-preghiera\\\/\"},\"author\":{\"name\":\"PWPN\",\"@id\":\"https:\\\/\\\/www.popesprayer.va\\\/it\\\/#\\\/schema\\\/person\\\/a2ed8ee1aba901ccc12646bc52342ca3\"},\"headline\":\"Udienza con il Santo Padre Leone XIV\",\"datePublished\":\"2026-01-30T10:30:28+00:00\",\"dateModified\":\"2026-01-31T10:30:13+00:00\",\"mainEntityOfPage\":{\"@id\":\"https:\\\/\\\/www.popesprayer.va\\\/it\\\/saluto-di-papa-leone-xiv-alla-sua-rete-mondiale-di-preghiera\\\/\"},\"wordCount\":734,\"publisher\":{\"@id\":\"https:\\\/\\\/www.popesprayer.va\\\/it\\\/#organization\"},\"image\":{\"@id\":\"https:\\\/\\\/www.popesprayer.va\\\/it\\\/saluto-di-papa-leone-xiv-alla-sua-rete-mondiale-di-preghiera\\\/#primaryimage\"},\"thumbnailUrl\":\"https:\\\/\\\/www.popesprayer.va\\\/wp-content\\\/uploads\\\/2026\\\/01\\\/audienciapapa4.jpeg\",\"articleSection\":[\"Notizie\"],\"inLanguage\":\"it-IT\"},{\"@type\":\"WebPage\",\"@id\":\"https:\\\/\\\/www.popesprayer.va\\\/it\\\/saluto-di-papa-leone-xiv-alla-sua-rete-mondiale-di-preghiera\\\/\",\"url\":\"https:\\\/\\\/www.popesprayer.va\\\/it\\\/saluto-di-papa-leone-xiv-alla-sua-rete-mondiale-di-preghiera\\\/\",\"name\":\"Udienza con il Santo Padre Leone XIV - Rete Mondiale di Preghiera del Papa\",\"isPartOf\":{\"@id\":\"https:\\\/\\\/www.popesprayer.va\\\/it\\\/#website\"},\"primaryImageOfPage\":{\"@id\":\"https:\\\/\\\/www.popesprayer.va\\\/it\\\/saluto-di-papa-leone-xiv-alla-sua-rete-mondiale-di-preghiera\\\/#primaryimage\"},\"image\":{\"@id\":\"https:\\\/\\\/www.popesprayer.va\\\/it\\\/saluto-di-papa-leone-xiv-alla-sua-rete-mondiale-di-preghiera\\\/#primaryimage\"},\"thumbnailUrl\":\"https:\\\/\\\/www.popesprayer.va\\\/wp-content\\\/uploads\\\/2026\\\/01\\\/audienciapapa4.jpeg\",\"datePublished\":\"2026-01-30T10:30:28+00:00\",\"dateModified\":\"2026-01-31T10:30:13+00:00\",\"breadcrumb\":{\"@id\":\"https:\\\/\\\/www.popesprayer.va\\\/it\\\/saluto-di-papa-leone-xiv-alla-sua-rete-mondiale-di-preghiera\\\/#breadcrumb\"},\"inLanguage\":\"it-IT\",\"potentialAction\":[{\"@type\":\"ReadAction\",\"target\":[\"https:\\\/\\\/www.popesprayer.va\\\/it\\\/saluto-di-papa-leone-xiv-alla-sua-rete-mondiale-di-preghiera\\\/\"]}]},{\"@type\":\"ImageObject\",\"inLanguage\":\"it-IT\",\"@id\":\"https:\\\/\\\/www.popesprayer.va\\\/it\\\/saluto-di-papa-leone-xiv-alla-sua-rete-mondiale-di-preghiera\\\/#primaryimage\",\"url\":\"https:\\\/\\\/www.popesprayer.va\\\/wp-content\\\/uploads\\\/2026\\\/01\\\/audienciapapa4.jpeg\",\"contentUrl\":\"https:\\\/\\\/www.popesprayer.va\\\/wp-content\\\/uploads\\\/2026\\\/01\\\/audienciapapa4.jpeg\",\"width\":1280,\"height\":844,\"caption\":\"audienciapapa4\"},{\"@type\":\"BreadcrumbList\",\"@id\":\"https:\\\/\\\/www.popesprayer.va\\\/it\\\/saluto-di-papa-leone-xiv-alla-sua-rete-mondiale-di-preghiera\\\/#breadcrumb\",\"itemListElement\":[{\"@type\":\"ListItem\",\"position\":1,\"name\":\"Home\",\"item\":\"https:\\\/\\\/www.popesprayer.va\\\/it\\\/\"},{\"@type\":\"ListItem\",\"position\":2,\"name\":\"Udienza con il Santo Padre Leone XIV\"}]},{\"@type\":\"WebSite\",\"@id\":\"https:\\\/\\\/www.popesprayer.va\\\/it\\\/#website\",\"url\":\"https:\\\/\\\/www.popesprayer.va\\\/it\\\/\",\"name\":\"Pope's Worldwide Prayer Network\",\"description\":\"Pray together, change the world\",\"publisher\":{\"@id\":\"https:\\\/\\\/www.popesprayer.va\\\/it\\\/#organization\"},\"potentialAction\":[{\"@type\":\"SearchAction\",\"target\":{\"@type\":\"EntryPoint\",\"urlTemplate\":\"https:\\\/\\\/www.popesprayer.va\\\/it\\\/?s={search_term_string}\"},\"query-input\":{\"@type\":\"PropertyValueSpecification\",\"valueRequired\":true,\"valueName\":\"search_term_string\"}}],\"inLanguage\":\"it-IT\"},{\"@type\":\"Organization\",\"@id\":\"https:\\\/\\\/www.popesprayer.va\\\/it\\\/#organization\",\"name\":\"Rete di preghiera mondiale del Papa\",\"url\":\"https:\\\/\\\/www.popesprayer.va\\\/it\\\/\",\"logo\":{\"@type\":\"ImageObject\",\"inLanguage\":\"it-IT\",\"@id\":\"https:\\\/\\\/www.popesprayer.va\\\/it\\\/#\\\/schema\\\/logo\\\/image\\\/\",\"url\":\"https:\\\/\\\/www.popesprayer.va\\\/wp-content\\\/uploads\\\/2025\\\/01\\\/Logo-Popes-Worldwide-Prayer-Network-Pontifical-Work-EN-Horizontal.png\",\"contentUrl\":\"https:\\\/\\\/www.popesprayer.va\\\/wp-content\\\/uploads\\\/2025\\\/01\\\/Logo-Popes-Worldwide-Prayer-Network-Pontifical-Work-EN-Horizontal.png\",\"width\":1328,\"height\":228,\"caption\":\"Rete di preghiera mondiale del Papa\"},\"image\":{\"@id\":\"https:\\\/\\\/www.popesprayer.va\\\/it\\\/#\\\/schema\\\/logo\\\/image\\\/\"}},{\"@type\":\"Person\",\"@id\":\"https:\\\/\\\/www.popesprayer.va\\\/it\\\/#\\\/schema\\\/person\\\/a2ed8ee1aba901ccc12646bc52342ca3\",\"name\":\"PWPN\",\"image\":{\"@type\":\"ImageObject\",\"inLanguage\":\"it-IT\",\"@id\":\"https:\\\/\\\/secure.gravatar.com\\\/avatar\\\/3e051956528dbc073554fef8e508c205726bf31f33ed5595a661c767110dadf3?s=96&d=mm&r=g\",\"url\":\"https:\\\/\\\/secure.gravatar.com\\\/avatar\\\/3e051956528dbc073554fef8e508c205726bf31f33ed5595a661c767110dadf3?s=96&d=mm&r=g\",\"contentUrl\":\"https:\\\/\\\/secure.gravatar.com\\\/avatar\\\/3e051956528dbc073554fef8e508c205726bf31f33ed5595a661c767110dadf3?s=96&d=mm&r=g\",\"caption\":\"PWPN\"},\"url\":\"https:\\\/\\\/www.popesprayer.va\\\/it\\\/author\\\/juanignacio\\\/\"}]}<\/script>\n<!-- \/ Yoast SEO plugin. -->","yoast_head_json":{"title":"Udienza con il Santo Padre Leone XIV - Rete Mondiale di Preghiera del Papa","robots":{"index":"index","follow":"follow","max-snippet":"max-snippet:-1","max-image-preview":"max-image-preview:large","max-video-preview":"max-video-preview:-1"},"canonical":"https:\/\/www.popesprayer.va\/it\/saluto-di-papa-leone-xiv-alla-sua-rete-mondiale-di-preghiera\/","og_locale":"it_IT","og_type":"article","og_title":"Udienza con il Santo Padre Leone XIV - Rete Mondiale di Preghiera del Papa","og_description":"Venerd\u00ec 30 gennaio 2026, Papa Leone XIV ha ricevuto in udienza in Vaticano i membri della Rete Mondiale di Preghiera del Papa. Questo incontro ha rappresentato un momento di profondo incontro tra il Santo Padre e tutta la sua Rete Mondiale di Preghiera. Nel suo saluto di benvenuto, Leone XIV ha salutato cordialmente il team [&hellip;]","og_url":"https:\/\/www.popesprayer.va\/it\/saluto-di-papa-leone-xiv-alla-sua-rete-mondiale-di-preghiera\/","og_site_name":"Rete Mondiale di Preghiera del Papa","article_published_time":"2026-01-30T10:30:28+00:00","article_modified_time":"2026-01-31T10:30:13+00:00","og_image":[{"width":1280,"height":844,"url":"https:\/\/www.popesprayer.va\/wp-content\/uploads\/2026\/01\/audienciapapa4.jpeg","type":"image\/jpeg"}],"author":"PWPN","twitter_card":"summary_large_image","twitter_misc":{"Scritto da":"PWPN","Tempo di lettura stimato":"3 minuti"},"schema":{"@context":"https:\/\/schema.org","@graph":[{"@type":"Article","@id":"https:\/\/www.popesprayer.va\/it\/saluto-di-papa-leone-xiv-alla-sua-rete-mondiale-di-preghiera\/#article","isPartOf":{"@id":"https:\/\/www.popesprayer.va\/it\/saluto-di-papa-leone-xiv-alla-sua-rete-mondiale-di-preghiera\/"},"author":{"name":"PWPN","@id":"https:\/\/www.popesprayer.va\/it\/#\/schema\/person\/a2ed8ee1aba901ccc12646bc52342ca3"},"headline":"Udienza con il Santo Padre Leone XIV","datePublished":"2026-01-30T10:30:28+00:00","dateModified":"2026-01-31T10:30:13+00:00","mainEntityOfPage":{"@id":"https:\/\/www.popesprayer.va\/it\/saluto-di-papa-leone-xiv-alla-sua-rete-mondiale-di-preghiera\/"},"wordCount":734,"publisher":{"@id":"https:\/\/www.popesprayer.va\/it\/#organization"},"image":{"@id":"https:\/\/www.popesprayer.va\/it\/saluto-di-papa-leone-xiv-alla-sua-rete-mondiale-di-preghiera\/#primaryimage"},"thumbnailUrl":"https:\/\/www.popesprayer.va\/wp-content\/uploads\/2026\/01\/audienciapapa4.jpeg","articleSection":["Notizie"],"inLanguage":"it-IT"},{"@type":"WebPage","@id":"https:\/\/www.popesprayer.va\/it\/saluto-di-papa-leone-xiv-alla-sua-rete-mondiale-di-preghiera\/","url":"https:\/\/www.popesprayer.va\/it\/saluto-di-papa-leone-xiv-alla-sua-rete-mondiale-di-preghiera\/","name":"Udienza con il Santo Padre Leone XIV - Rete Mondiale di Preghiera del Papa","isPartOf":{"@id":"https:\/\/www.popesprayer.va\/it\/#website"},"primaryImageOfPage":{"@id":"https:\/\/www.popesprayer.va\/it\/saluto-di-papa-leone-xiv-alla-sua-rete-mondiale-di-preghiera\/#primaryimage"},"image":{"@id":"https:\/\/www.popesprayer.va\/it\/saluto-di-papa-leone-xiv-alla-sua-rete-mondiale-di-preghiera\/#primaryimage"},"thumbnailUrl":"https:\/\/www.popesprayer.va\/wp-content\/uploads\/2026\/01\/audienciapapa4.jpeg","datePublished":"2026-01-30T10:30:28+00:00","dateModified":"2026-01-31T10:30:13+00:00","breadcrumb":{"@id":"https:\/\/www.popesprayer.va\/it\/saluto-di-papa-leone-xiv-alla-sua-rete-mondiale-di-preghiera\/#breadcrumb"},"inLanguage":"it-IT","potentialAction":[{"@type":"ReadAction","target":["https:\/\/www.popesprayer.va\/it\/saluto-di-papa-leone-xiv-alla-sua-rete-mondiale-di-preghiera\/"]}]},{"@type":"ImageObject","inLanguage":"it-IT","@id":"https:\/\/www.popesprayer.va\/it\/saluto-di-papa-leone-xiv-alla-sua-rete-mondiale-di-preghiera\/#primaryimage","url":"https:\/\/www.popesprayer.va\/wp-content\/uploads\/2026\/01\/audienciapapa4.jpeg","contentUrl":"https:\/\/www.popesprayer.va\/wp-content\/uploads\/2026\/01\/audienciapapa4.jpeg","width":1280,"height":844,"caption":"audienciapapa4"},{"@type":"BreadcrumbList","@id":"https:\/\/www.popesprayer.va\/it\/saluto-di-papa-leone-xiv-alla-sua-rete-mondiale-di-preghiera\/#breadcrumb","itemListElement":[{"@type":"ListItem","position":1,"name":"Home","item":"https:\/\/www.popesprayer.va\/it\/"},{"@type":"ListItem","position":2,"name":"Udienza con il Santo Padre Leone XIV"}]},{"@type":"WebSite","@id":"https:\/\/www.popesprayer.va\/it\/#website","url":"https:\/\/www.popesprayer.va\/it\/","name":"Pope's Worldwide Prayer Network","description":"Pray together, change the world","publisher":{"@id":"https:\/\/www.popesprayer.va\/it\/#organization"},"potentialAction":[{"@type":"SearchAction","target":{"@type":"EntryPoint","urlTemplate":"https:\/\/www.popesprayer.va\/it\/?s={search_term_string}"},"query-input":{"@type":"PropertyValueSpecification","valueRequired":true,"valueName":"search_term_string"}}],"inLanguage":"it-IT"},{"@type":"Organization","@id":"https:\/\/www.popesprayer.va\/it\/#organization","name":"Rete di preghiera mondiale del Papa","url":"https:\/\/www.popesprayer.va\/it\/","logo":{"@type":"ImageObject","inLanguage":"it-IT","@id":"https:\/\/www.popesprayer.va\/it\/#\/schema\/logo\/image\/","url":"https:\/\/www.popesprayer.va\/wp-content\/uploads\/2025\/01\/Logo-Popes-Worldwide-Prayer-Network-Pontifical-Work-EN-Horizontal.png","contentUrl":"https:\/\/www.popesprayer.va\/wp-content\/uploads\/2025\/01\/Logo-Popes-Worldwide-Prayer-Network-Pontifical-Work-EN-Horizontal.png","width":1328,"height":228,"caption":"Rete di preghiera mondiale del Papa"},"image":{"@id":"https:\/\/www.popesprayer.va\/it\/#\/schema\/logo\/image\/"}},{"@type":"Person","@id":"https:\/\/www.popesprayer.va\/it\/#\/schema\/person\/a2ed8ee1aba901ccc12646bc52342ca3","name":"PWPN","image":{"@type":"ImageObject","inLanguage":"it-IT","@id":"https:\/\/secure.gravatar.com\/avatar\/3e051956528dbc073554fef8e508c205726bf31f33ed5595a661c767110dadf3?s=96&d=mm&r=g","url":"https:\/\/secure.gravatar.com\/avatar\/3e051956528dbc073554fef8e508c205726bf31f33ed5595a661c767110dadf3?s=96&d=mm&r=g","contentUrl":"https:\/\/secure.gravatar.com\/avatar\/3e051956528dbc073554fef8e508c205726bf31f33ed5595a661c767110dadf3?s=96&d=mm&r=g","caption":"PWPN"},"url":"https:\/\/www.popesprayer.va\/it\/author\/juanignacio\/"}]}},"_links":{"self":[{"href":"https:\/\/www.popesprayer.va\/it\/wp-json\/wp\/v2\/posts\/92853","targetHints":{"allow":["GET"]}}],"collection":[{"href":"https:\/\/www.popesprayer.va\/it\/wp-json\/wp\/v2\/posts"}],"about":[{"href":"https:\/\/www.popesprayer.va\/it\/wp-json\/wp\/v2\/types\/post"}],"author":[{"embeddable":true,"href":"https:\/\/www.popesprayer.va\/it\/wp-json\/wp\/v2\/users\/3"}],"replies":[{"embeddable":true,"href":"https:\/\/www.popesprayer.va\/it\/wp-json\/wp\/v2\/comments?post=92853"}],"version-history":[{"count":4,"href":"https:\/\/www.popesprayer.va\/it\/wp-json\/wp\/v2\/posts\/92853\/revisions"}],"predecessor-version":[{"id":92885,"href":"https:\/\/www.popesprayer.va\/it\/wp-json\/wp\/v2\/posts\/92853\/revisions\/92885"}],"wp:featuredmedia":[{"embeddable":true,"href":"https:\/\/www.popesprayer.va\/it\/wp-json\/wp\/v2\/media\/92854"}],"wp:attachment":[{"href":"https:\/\/www.popesprayer.va\/it\/wp-json\/wp\/v2\/media?parent=92853"}],"wp:term":[{"taxonomy":"category","embeddable":true,"href":"https:\/\/www.popesprayer.va\/it\/wp-json\/wp\/v2\/categories?post=92853"},{"taxonomy":"post_tag","embeddable":true,"href":"https:\/\/www.popesprayer.va\/it\/wp-json\/wp\/v2\/tags?post=92853"}],"curies":[{"name":"wp","href":"https:\/\/api.w.org\/{rel}","templated":true}]}}