{"id":101767,"date":"2026-09-04T15:00:15","date_gmt":"2026-09-04T13:00:15","guid":{"rendered":"https:\/\/www.popesprayer.va\/?p=101767"},"modified":"2026-09-03T21:08:08","modified_gmt":"2026-09-03T19:08:08","slug":"intencoes-de-oracao-do-papa-para-2027","status":"publish","type":"post","link":"https:\/\/www.popesprayer.va\/pt-pt\/intencoes-de-oracao-do-papa-para-2027\/","title":{"rendered":"Inten\u00e7\u00f5es de Ora\u00e7\u00e3o do Papa para 2027"},"content":{"rendered":"<p><em>Rezemos com o Papa, m\u00eas ap\u00f3s m\u00eas\u2026 e mudemos o mundo.<\/em><\/p>\n<p>As inten\u00e7\u00f5es de ora\u00e7\u00e3o do Papa nascem da compaix\u00e3o pelo mundo e expressam os desafios para a humanidade e para a miss\u00e3o da Igreja. Quando o Papa nos confia as suas inten\u00e7\u00f5es de ora\u00e7\u00e3o, ajuda-nos a aproximarmo-nos do Cora\u00e7\u00e3o de Cristo e a contemplar o mundo com os seus olhos: \u00ab\u00c9 importante notar que n\u00e3o se trata apenas de deixar que o Cora\u00e7\u00e3o de Cristo difunda a beleza do seu amor no nosso cora\u00e7\u00e3o, atrav\u00e9s de uma confian\u00e7a total, mas tamb\u00e9m que, atrav\u00e9s da pr\u00f3pria vida, chegue aos outros e transforme o mundo\u00bb. (Dilexit Nos 198).<\/p>\n<p>Para 2027, as inten\u00e7\u00f5es de ora\u00e7\u00e3o confiadas pelo Santo Padre \u00e0 sua Rede Mundial de Ora\u00e7\u00e3o apresentam-se como um itiner\u00e1rio espiritual e pastoral capaz de tocar tanto o cora\u00e7\u00e3o da vida crist\u00e3 como as fronteiras mais concretas do mundo contempor\u00e2neo. Fazem eco de uma convic\u00e7\u00e3o simples: quando a Igreja reza com fidelidade, aprende a olhar com os olhos de Cristo e a servir com um amor mais l\u00facido, paciente e corajoso.<\/p>\n<p>Para facilitar a sua difus\u00e3o, a Rede Mundial de Ora\u00e7\u00e3o do Papa disponibiliza um recurso pastoral em formato digital. Este material foi concebido para ajudar as par\u00f3quias, as comunidades e todos os fi\u00e9is a partilhar e a dovulgar as inten\u00e7\u00f5es de ora\u00e7\u00e3o do Santo Padre.<\/p>\n<p><iframe title=\"Inten\u00e7\u00f5es de Ora\u00e7\u00e3o do Papa para 2027\" src=\"https:\/\/e.issuu.com\/embed.html?u=popesprayernet&#038;d=inten_es_de_ora_o_do_papa_para_2027\" style=\"border:none; width: 1080px; height: 828px;\" allow=\"clipboard-write,allow-top-navigation,allow-top-navigation-by-user-activation,allow-downloads,allow-scripts,allow-same-origin,allow-popups,allow-modals,allow-popups-to-escape-sandbox,allow-forms\"  allowfullscreen=\"true\"><\/iframe><\/p>\n<p>&nbsp;<\/p>\n","protected":false},"excerpt":{"rendered":"<p>Rezemos com o Papa, m\u00eas ap\u00f3s m\u00eas\u2026 e mudemos o mundo. As inten\u00e7\u00f5es de ora\u00e7\u00e3o do Papa nascem da compaix\u00e3o pelo mundo e expressam os desafios para a humanidade e para a miss\u00e3o da Igreja. Quando o Papa nos confia as suas inten\u00e7\u00f5es de ora\u00e7\u00e3o, ajuda-nos a aproximarmo-nos do Cora\u00e7\u00e3o de Cristo e a contemplar [&hellip;]<\/p>\n","protected":false},"author":2,"featured_media":101768,"comment_status":"closed","ping_status":"closed","sticky":false,"template":"","format":"standard","meta":{"_acf_changed":false,"footnotes":""},"categories":[51],"tags":[],"class_list":["post-101767","post","type-post","status-publish","format-standard","has-post-thumbnail","hentry","category-sem-categoria"],"acf":[],"yoast_head":"<!-- This site is optimized with the Yoast SEO plugin v28.4 - https:\/\/yoast.com\/product\/yoast-seo-wordpress\/ -->\n<title>Inten\u00e7\u00f5es de Ora\u00e7\u00e3o do Papa para 2027 - Rede Mundial de Ora\u00e7\u00e3o do Papa<\/title>\n<meta name=\"robots\" content=\"index, follow, max-snippet:-1, max-image-preview:large, max-video-preview:-1\" \/>\n<link rel=\"canonical\" href=\"https:\/\/www.popesprayer.va\/pt-pt\/intencoes-de-oracao-do-papa-para-2027\/\" \/>\n<meta property=\"og:locale\" content=\"pt_PT\" \/>\n<meta property=\"og:type\" content=\"article\" \/>\n<meta property=\"og:title\" content=\"Inten\u00e7\u00f5es de Ora\u00e7\u00e3o do Papa para 2027 - Rede Mundial de Ora\u00e7\u00e3o do Papa\" \/>\n<meta property=\"og:description\" content=\"Rezemos com o Papa, m\u00eas ap\u00f3s m\u00eas\u2026 e mudemos o mundo. As inten\u00e7\u00f5es de ora\u00e7\u00e3o do Papa nascem da compaix\u00e3o pelo mundo e expressam os desafios para a humanidade e para a miss\u00e3o da Igreja. Quando o Papa nos confia as suas inten\u00e7\u00f5es de ora\u00e7\u00e3o, ajuda-nos a aproximarmo-nos do Cora\u00e7\u00e3o de Cristo e a contemplar [&hellip;]\" \/>\n<meta property=\"og:url\" content=\"https:\/\/www.popesprayer.va\/pt-pt\/intencoes-de-oracao-do-papa-para-2027\/\" \/>\n<meta property=\"og:site_name\" content=\"Rede Mundial de Ora\u00e7\u00e3o do Papa\" \/>\n<meta property=\"article:published_time\" content=\"2026-09-04T13:00:15+00:00\" \/>\n<meta property=\"og:image\" content=\"https:\/\/www.popesprayer.va\/wp-content\/uploads\/2026\/09\/intentions-2027.png\" \/>\n\t<meta property=\"og:image:width\" content=\"1920\" \/>\n\t<meta property=\"og:image:height\" content=\"1080\" \/>\n\t<meta property=\"og:image:type\" content=\"image\/png\" \/>\n<meta name=\"author\" content=\"PWPN\" \/>\n<meta name=\"twitter:card\" content=\"summary_large_image\" \/>\n<meta name=\"twitter:label1\" content=\"Escrito por\" \/>\n\t<meta name=\"twitter:data1\" content=\"PWPN\" \/>\n\t<meta name=\"twitter:label2\" content=\"Tempo estimado de leitura\" \/>\n\t<meta name=\"twitter:data2\" content=\"2 minutos\" \/>\n<script type=\"application\/ld+json\" class=\"yoast-schema-graph\">{\"@context\":\"https:\\\/\\\/schema.org\",\"@graph\":[{\"@type\":\"Article\",\"@id\":\"https:\\\/\\\/www.popesprayer.va\\\/pt-pt\\\/intencoes-de-oracao-do-papa-para-2027\\\/#article\",\"isPartOf\":{\"@id\":\"https:\\\/\\\/www.popesprayer.va\\\/pt-pt\\\/intencoes-de-oracao-do-papa-para-2027\\\/\"},\"author\":{\"name\":\"PWPN\",\"@id\":\"https:\\\/\\\/www.popesprayer.va\\\/pt-pt\\\/#\\\/schema\\\/person\\\/47382b3f75a9576a16176c16cdf4bf8f\"},\"headline\":\"Inten\u00e7\u00f5es de Ora\u00e7\u00e3o do Papa para 2027\",\"datePublished\":\"2026-09-04T13:00:15+00:00\",\"mainEntityOfPage\":{\"@id\":\"https:\\\/\\\/www.popesprayer.va\\\/pt-pt\\\/intencoes-de-oracao-do-papa-para-2027\\\/\"},\"wordCount\":273,\"publisher\":{\"@id\":\"https:\\\/\\\/www.popesprayer.va\\\/pt-pt\\\/#organization\"},\"image\":{\"@id\":\"https:\\\/\\\/www.popesprayer.va\\\/pt-pt\\\/intencoes-de-oracao-do-papa-para-2027\\\/#primaryimage\"},\"thumbnailUrl\":\"https:\\\/\\\/www.popesprayer.va\\\/wp-content\\\/uploads\\\/2026\\\/09\\\/intentions-2027.png\",\"articleSection\":[\"Not\u00edcias\"],\"inLanguage\":\"pt-PT\"},{\"@type\":\"WebPage\",\"@id\":\"https:\\\/\\\/www.popesprayer.va\\\/pt-pt\\\/intencoes-de-oracao-do-papa-para-2027\\\/\",\"url\":\"https:\\\/\\\/www.popesprayer.va\\\/pt-pt\\\/intencoes-de-oracao-do-papa-para-2027\\\/\",\"name\":\"Inten\u00e7\u00f5es de Ora\u00e7\u00e3o do Papa para 2027 - Rede Mundial de Ora\u00e7\u00e3o do Papa\",\"isPartOf\":{\"@id\":\"https:\\\/\\\/www.popesprayer.va\\\/pt-pt\\\/#website\"},\"primaryImageOfPage\":{\"@id\":\"https:\\\/\\\/www.popesprayer.va\\\/pt-pt\\\/intencoes-de-oracao-do-papa-para-2027\\\/#primaryimage\"},\"image\":{\"@id\":\"https:\\\/\\\/www.popesprayer.va\\\/pt-pt\\\/intencoes-de-oracao-do-papa-para-2027\\\/#primaryimage\"},\"thumbnailUrl\":\"https:\\\/\\\/www.popesprayer.va\\\/wp-content\\\/uploads\\\/2026\\\/09\\\/intentions-2027.png\",\"datePublished\":\"2026-09-04T13:00:15+00:00\",\"breadcrumb\":{\"@id\":\"https:\\\/\\\/www.popesprayer.va\\\/pt-pt\\\/intencoes-de-oracao-do-papa-para-2027\\\/#breadcrumb\"},\"inLanguage\":\"pt-PT\",\"potentialAction\":[{\"@type\":\"ReadAction\",\"target\":[\"https:\\\/\\\/www.popesprayer.va\\\/pt-pt\\\/intencoes-de-oracao-do-papa-para-2027\\\/\"]}]},{\"@type\":\"ImageObject\",\"inLanguage\":\"pt-PT\",\"@id\":\"https:\\\/\\\/www.popesprayer.va\\\/pt-pt\\\/intencoes-de-oracao-do-papa-para-2027\\\/#primaryimage\",\"url\":\"https:\\\/\\\/www.popesprayer.va\\\/wp-content\\\/uploads\\\/2026\\\/09\\\/intentions-2027.png\",\"contentUrl\":\"https:\\\/\\\/www.popesprayer.va\\\/wp-content\\\/uploads\\\/2026\\\/09\\\/intentions-2027.png\",\"width\":1920,\"height\":1080},{\"@type\":\"BreadcrumbList\",\"@id\":\"https:\\\/\\\/www.popesprayer.va\\\/pt-pt\\\/intencoes-de-oracao-do-papa-para-2027\\\/#breadcrumb\",\"itemListElement\":[{\"@type\":\"ListItem\",\"position\":1,\"name\":\"Home\",\"item\":\"https:\\\/\\\/www.popesprayer.va\\\/pt-pt\\\/\"},{\"@type\":\"ListItem\",\"position\":2,\"name\":\"Inten\u00e7\u00f5es de Ora\u00e7\u00e3o do Papa para 2027\"}]},{\"@type\":\"WebSite\",\"@id\":\"https:\\\/\\\/www.popesprayer.va\\\/pt-pt\\\/#website\",\"url\":\"https:\\\/\\\/www.popesprayer.va\\\/pt-pt\\\/\",\"name\":\"Pope's Worldwide Prayer Network\",\"description\":\"Pray together, change the world\",\"publisher\":{\"@id\":\"https:\\\/\\\/www.popesprayer.va\\\/pt-pt\\\/#organization\"},\"potentialAction\":[{\"@type\":\"SearchAction\",\"target\":{\"@type\":\"EntryPoint\",\"urlTemplate\":\"https:\\\/\\\/www.popesprayer.va\\\/pt-pt\\\/?s={search_term_string}\"},\"query-input\":{\"@type\":\"PropertyValueSpecification\",\"valueRequired\":true,\"valueName\":\"search_term_string\"}}],\"inLanguage\":\"pt-PT\"},{\"@type\":\"Organization\",\"@id\":\"https:\\\/\\\/www.popesprayer.va\\\/pt-pt\\\/#organization\",\"name\":\"Rede Mundial de Ora\u00e7\u00e3o do Papa\",\"url\":\"https:\\\/\\\/www.popesprayer.va\\\/pt-pt\\\/\",\"logo\":{\"@type\":\"ImageObject\",\"inLanguage\":\"pt-PT\",\"@id\":\"https:\\\/\\\/www.popesprayer.va\\\/pt-pt\\\/#\\\/schema\\\/logo\\\/image\\\/\",\"url\":\"https:\\\/\\\/www.popesprayer.va\\\/wp-content\\\/uploads\\\/2025\\\/01\\\/Logo-Popes-Worldwide-Prayer-Network-Pontifical-Work-EN-Horizontal.png\",\"contentUrl\":\"https:\\\/\\\/www.popesprayer.va\\\/wp-content\\\/uploads\\\/2025\\\/01\\\/Logo-Popes-Worldwide-Prayer-Network-Pontifical-Work-EN-Horizontal.png\",\"width\":1328,\"height\":228,\"caption\":\"Rede Mundial de Ora\u00e7\u00e3o do Papa\"},\"image\":{\"@id\":\"https:\\\/\\\/www.popesprayer.va\\\/pt-pt\\\/#\\\/schema\\\/logo\\\/image\\\/\"}},{\"@type\":\"Person\",\"@id\":\"https:\\\/\\\/www.popesprayer.va\\\/pt-pt\\\/#\\\/schema\\\/person\\\/47382b3f75a9576a16176c16cdf4bf8f\",\"name\":\"PWPN\",\"image\":{\"@type\":\"ImageObject\",\"inLanguage\":\"pt-PT\",\"@id\":\"https:\\\/\\\/secure.gravatar.com\\\/avatar\\\/50d3b85093cf9363f4d6f737092e1c5ca7f754ab317b568587d4982cd49efd99?s=96&d=mm&r=g\",\"url\":\"https:\\\/\\\/secure.gravatar.com\\\/avatar\\\/50d3b85093cf9363f4d6f737092e1c5ca7f754ab317b568587d4982cd49efd99?s=96&d=mm&r=g\",\"contentUrl\":\"https:\\\/\\\/secure.gravatar.com\\\/avatar\\\/50d3b85093cf9363f4d6f737092e1c5ca7f754ab317b568587d4982cd49efd99?s=96&d=mm&r=g\",\"caption\":\"PWPN\"},\"url\":\"https:\\\/\\\/www.popesprayer.va\\\/pt-pt\\\/author\\\/eloy\\\/\"}]}<\/script>\n<!-- \/ Yoast SEO plugin. -->","yoast_head_json":{"title":"Inten\u00e7\u00f5es de Ora\u00e7\u00e3o do Papa para 2027 - Rede Mundial de Ora\u00e7\u00e3o do Papa","robots":{"index":"index","follow":"follow","max-snippet":"max-snippet:-1","max-image-preview":"max-image-preview:large","max-video-preview":"max-video-preview:-1"},"canonical":"https:\/\/www.popesprayer.va\/pt-pt\/intencoes-de-oracao-do-papa-para-2027\/","og_locale":"pt_PT","og_type":"article","og_title":"Inten\u00e7\u00f5es de Ora\u00e7\u00e3o do Papa para 2027 - Rede Mundial de Ora\u00e7\u00e3o do Papa","og_description":"Rezemos com o Papa, m\u00eas ap\u00f3s m\u00eas\u2026 e mudemos o mundo. As inten\u00e7\u00f5es de ora\u00e7\u00e3o do Papa nascem da compaix\u00e3o pelo mundo e expressam os desafios para a humanidade e para a miss\u00e3o da Igreja. Quando o Papa nos confia as suas inten\u00e7\u00f5es de ora\u00e7\u00e3o, ajuda-nos a aproximarmo-nos do Cora\u00e7\u00e3o de Cristo e a contemplar [&hellip;]","og_url":"https:\/\/www.popesprayer.va\/pt-pt\/intencoes-de-oracao-do-papa-para-2027\/","og_site_name":"Rede Mundial de Ora\u00e7\u00e3o do Papa","article_published_time":"2026-09-04T13:00:15+00:00","og_image":[{"width":1920,"height":1080,"url":"https:\/\/www.popesprayer.va\/wp-content\/uploads\/2026\/09\/intentions-2027.png","type":"image\/png"}],"author":"PWPN","twitter_card":"summary_large_image","twitter_misc":{"Escrito por":"PWPN","Tempo estimado de leitura":"2 minutos"},"schema":{"@context":"https:\/\/schema.org","@graph":[{"@type":"Article","@id":"https:\/\/www.popesprayer.va\/pt-pt\/intencoes-de-oracao-do-papa-para-2027\/#article","isPartOf":{"@id":"https:\/\/www.popesprayer.va\/pt-pt\/intencoes-de-oracao-do-papa-para-2027\/"},"author":{"name":"PWPN","@id":"https:\/\/www.popesprayer.va\/pt-pt\/#\/schema\/person\/47382b3f75a9576a16176c16cdf4bf8f"},"headline":"Inten\u00e7\u00f5es de Ora\u00e7\u00e3o do Papa para 2027","datePublished":"2026-09-04T13:00:15+00:00","mainEntityOfPage":{"@id":"https:\/\/www.popesprayer.va\/pt-pt\/intencoes-de-oracao-do-papa-para-2027\/"},"wordCount":273,"publisher":{"@id":"https:\/\/www.popesprayer.va\/pt-pt\/#organization"},"image":{"@id":"https:\/\/www.popesprayer.va\/pt-pt\/intencoes-de-oracao-do-papa-para-2027\/#primaryimage"},"thumbnailUrl":"https:\/\/www.popesprayer.va\/wp-content\/uploads\/2026\/09\/intentions-2027.png","articleSection":["Not\u00edcias"],"inLanguage":"pt-PT"},{"@type":"WebPage","@id":"https:\/\/www.popesprayer.va\/pt-pt\/intencoes-de-oracao-do-papa-para-2027\/","url":"https:\/\/www.popesprayer.va\/pt-pt\/intencoes-de-oracao-do-papa-para-2027\/","name":"Inten\u00e7\u00f5es de Ora\u00e7\u00e3o do Papa para 2027 - Rede Mundial de Ora\u00e7\u00e3o do Papa","isPartOf":{"@id":"https:\/\/www.popesprayer.va\/pt-pt\/#website"},"primaryImageOfPage":{"@id":"https:\/\/www.popesprayer.va\/pt-pt\/intencoes-de-oracao-do-papa-para-2027\/#primaryimage"},"image":{"@id":"https:\/\/www.popesprayer.va\/pt-pt\/intencoes-de-oracao-do-papa-para-2027\/#primaryimage"},"thumbnailUrl":"https:\/\/www.popesprayer.va\/wp-content\/uploads\/2026\/09\/intentions-2027.png","datePublished":"2026-09-04T13:00:15+00:00","breadcrumb":{"@id":"https:\/\/www.popesprayer.va\/pt-pt\/intencoes-de-oracao-do-papa-para-2027\/#breadcrumb"},"inLanguage":"pt-PT","potentialAction":[{"@type":"ReadAction","target":["https:\/\/www.popesprayer.va\/pt-pt\/intencoes-de-oracao-do-papa-para-2027\/"]}]},{"@type":"ImageObject","inLanguage":"pt-PT","@id":"https:\/\/www.popesprayer.va\/pt-pt\/intencoes-de-oracao-do-papa-para-2027\/#primaryimage","url":"https:\/\/www.popesprayer.va\/wp-content\/uploads\/2026\/09\/intentions-2027.png","contentUrl":"https:\/\/www.popesprayer.va\/wp-content\/uploads\/2026\/09\/intentions-2027.png","width":1920,"height":1080},{"@type":"BreadcrumbList","@id":"https:\/\/www.popesprayer.va\/pt-pt\/intencoes-de-oracao-do-papa-para-2027\/#breadcrumb","itemListElement":[{"@type":"ListItem","position":1,"name":"Home","item":"https:\/\/www.popesprayer.va\/pt-pt\/"},{"@type":"ListItem","position":2,"name":"Inten\u00e7\u00f5es de Ora\u00e7\u00e3o do Papa para 2027"}]},{"@type":"WebSite","@id":"https:\/\/www.popesprayer.va\/pt-pt\/#website","url":"https:\/\/www.popesprayer.va\/pt-pt\/","name":"Pope's Worldwide Prayer Network","description":"Pray together, change the world","publisher":{"@id":"https:\/\/www.popesprayer.va\/pt-pt\/#organization"},"potentialAction":[{"@type":"SearchAction","target":{"@type":"EntryPoint","urlTemplate":"https:\/\/www.popesprayer.va\/pt-pt\/?s={search_term_string}"},"query-input":{"@type":"PropertyValueSpecification","valueRequired":true,"valueName":"search_term_string"}}],"inLanguage":"pt-PT"},{"@type":"Organization","@id":"https:\/\/www.popesprayer.va\/pt-pt\/#organization","name":"Rede Mundial de Ora\u00e7\u00e3o do Papa","url":"https:\/\/www.popesprayer.va\/pt-pt\/","logo":{"@type":"ImageObject","inLanguage":"pt-PT","@id":"https:\/\/www.popesprayer.va\/pt-pt\/#\/schema\/logo\/image\/","url":"https:\/\/www.popesprayer.va\/wp-content\/uploads\/2025\/01\/Logo-Popes-Worldwide-Prayer-Network-Pontifical-Work-EN-Horizontal.png","contentUrl":"https:\/\/www.popesprayer.va\/wp-content\/uploads\/2025\/01\/Logo-Popes-Worldwide-Prayer-Network-Pontifical-Work-EN-Horizontal.png","width":1328,"height":228,"caption":"Rede Mundial de Ora\u00e7\u00e3o do Papa"},"image":{"@id":"https:\/\/www.popesprayer.va\/pt-pt\/#\/schema\/logo\/image\/"}},{"@type":"Person","@id":"https:\/\/www.popesprayer.va\/pt-pt\/#\/schema\/person\/47382b3f75a9576a16176c16cdf4bf8f","name":"PWPN","image":{"@type":"ImageObject","inLanguage":"pt-PT","@id":"https:\/\/secure.gravatar.com\/avatar\/50d3b85093cf9363f4d6f737092e1c5ca7f754ab317b568587d4982cd49efd99?s=96&d=mm&r=g","url":"https:\/\/secure.gravatar.com\/avatar\/50d3b85093cf9363f4d6f737092e1c5ca7f754ab317b568587d4982cd49efd99?s=96&d=mm&r=g","contentUrl":"https:\/\/secure.gravatar.com\/avatar\/50d3b85093cf9363f4d6f737092e1c5ca7f754ab317b568587d4982cd49efd99?s=96&d=mm&r=g","caption":"PWPN"},"url":"https:\/\/www.popesprayer.va\/pt-pt\/author\/eloy\/"}]}},"_links":{"self":[{"href":"https:\/\/www.popesprayer.va\/pt-pt\/wp-json\/wp\/v2\/posts\/101767","targetHints":{"allow":["GET"]}}],"collection":[{"href":"https:\/\/www.popesprayer.va\/pt-pt\/wp-json\/wp\/v2\/posts"}],"about":[{"href":"https:\/\/www.popesprayer.va\/pt-pt\/wp-json\/wp\/v2\/types\/post"}],"author":[{"embeddable":true,"href":"https:\/\/www.popesprayer.va\/pt-pt\/wp-json\/wp\/v2\/users\/2"}],"replies":[{"embeddable":true,"href":"https:\/\/www.popesprayer.va\/pt-pt\/wp-json\/wp\/v2\/comments?post=101767"}],"version-history":[{"count":1,"href":"https:\/\/www.popesprayer.va\/pt-pt\/wp-json\/wp\/v2\/posts\/101767\/revisions"}],"predecessor-version":[{"id":101775,"href":"https:\/\/www.popesprayer.va\/pt-pt\/wp-json\/wp\/v2\/posts\/101767\/revisions\/101775"}],"wp:featuredmedia":[{"embeddable":true,"href":"https:\/\/www.popesprayer.va\/pt-pt\/wp-json\/wp\/v2\/media\/101768"}],"wp:attachment":[{"href":"https:\/\/www.popesprayer.va\/pt-pt\/wp-json\/wp\/v2\/media?parent=101767"}],"wp:term":[{"taxonomy":"category","embeddable":true,"href":"https:\/\/www.popesprayer.va\/pt-pt\/wp-json\/wp\/v2\/categories?post=101767"},{"taxonomy":"post_tag","embeddable":true,"href":"https:\/\/www.popesprayer.va\/pt-pt\/wp-json\/wp\/v2\/tags?post=101767"}],"curies":[{"name":"wp","href":"https:\/\/api.w.org\/{rel}","templated":true}]}}