{"id":84514,"date":"2024-10-11T10:00:17","date_gmt":"2024-10-11T08:00:17","guid":{"rendered":"https:\/\/www.popesprayer.va\/bettina-raed-nomeada-vice-diretora-internacional-da-rede-mundial-de-oracao-do-papa\/"},"modified":"2025-10-02T12:47:23","modified_gmt":"2025-10-02T10:47:23","slug":"bettina-raed-nomeada-vice-diretora-internacional-da-rede-mundial-de-oracao-do-papa","status":"publish","type":"post","link":"https:\/\/www.popesprayer.va\/pt-pt\/bettina-raed-nomeada-vice-diretora-internacional-da-rede-mundial-de-oracao-do-papa\/","title":{"rendered":"Bettina Raed nomeada vice-diretora internacional da Rede Mundial de Ora\u00e7\u00e3o do Papa"},"content":{"rendered":"<p><span style=\"font-weight: 400;\">Cidade do Vaticano, outubro <\/span><span style=\"font-weight: 400;\">11<\/span><span style=\"font-weight: 400;\">, 2024<\/span><\/p>\n<p><span style=\"font-weight: 400;\">A Rede Mundial de Ora\u00e7\u00e3o do Papa (que inclui os grupos do Apostolado da Ora\u00e7\u00e3o e o Movimento Eucar\u00edstico Juvenil) adoptou uma nova estrutura organizativa necess\u00e1ria para gerir uma Obra Pontif\u00edcia que conheceu um crescimento significativo nos \u00faltimos anos. O Diretor Internacional, nomeado pelo Santo Padre, ser\u00e1 apoiado por dois Diretores Adjuntos. A primeira nomea\u00e7\u00e3o foi feita recentemente. Os novos estatutos, aprovados pelo Papa Francisco em julho de 2024, especificam que, enquanto obra da Santa S\u00e9, os Diretores-Adjuntos s\u00e3o nomeados pela Secretaria de Estado.   <\/span><\/p>\n<p><span style=\"font-weight: 400;\">Em <\/span><span style=\"font-weight: 400;\"> 1 de setembro<\/span><span style=\"font-weight: 400;\">No dia 1 de setembro, Bettina Raed foi nomeada Diretora Internacional Adjunta da Rede Mundial de Ora\u00e7\u00e3o do Papa pelo Cardeal Pietro Parolin, Secret\u00e1rio de Estado do Vaticano, sob proposta do Superior Geral da Companhia de Jesus, Arturo Sosa SJ, uma vez que se trata de um trabalho confiado \u00e0 Companhia de Jesus. O seu mandato ter\u00e1 a dura\u00e7\u00e3o de 5 anos.<\/span><\/p>\n<p><span style=\"font-weight: 400;\">Bettina Raed, 56 anos, \u00e9 uma leiga argentina com um s\u00f3lido percurso profissional e pessoal. Casada h\u00e1 35 anos, \u00e9 m\u00e3e de quatro filhos e av\u00f3. \u00c9 advogada e mediadora de profiss\u00e3o, especializada em resolu\u00e7\u00e3o de conflitos e psicologia organizacional. A sua rela\u00e7\u00e3o com a Rede de Ora\u00e7\u00e3o do Papa foi profunda e duradoura, tendo desempenhado pap\u00e9is fundamentais na coordena\u00e7\u00e3o e forma\u00e7\u00e3o internacional.   <\/span><\/p>\n<p><span style=\"font-weight: 400;\">Raed foi Diretora Regional da Rede na Argentina e no Uruguai, cargo que assumiu com a aprova\u00e7\u00e3o das Confer\u00eancias Episcopais de ambos os pa\u00edses. Foi tamb\u00e9m coordenadora do projeto Click To Pray. Desde 2022, \u00e9 Coordenadora Continental para a Am\u00e9rica Latina e Cara\u00edbas, al\u00e9m de Coordenadora de \"O Caminho do Cora\u00e7\u00e3o\", um programa de forma\u00e7\u00e3o da Rede Mundial de Ora\u00e7\u00e3o do Papa. Tem uma s\u00f3lida base espiritual, particularmente no acompanhamento espiritual e nos Exerc\u00edcios Espirituais.   <\/span><\/p>\n<p><span style=\"font-weight: 400;\">Esta nomea\u00e7\u00e3o \u00e9 uma \u00f3ptima not\u00edcia para a Rede Mundial de Ora\u00e7\u00e3o do Papa e sublinha a import\u00e2ncia das mulheres em cargos de lideran\u00e7a na Rede.<\/span><\/p>\n<p><span style=\"font-weight: 400;\">Damos gra\u00e7as ao Senhor por esta not\u00edcia e confiamos-lhe a sua miss\u00e3o.<\/span><\/p>\n","protected":false},"excerpt":{"rendered":"<p>A Rede Mundial de Ora\u00e7\u00e3o do Papa (que inclui os grupos do Apostolado da Ora\u00e7\u00e3o e o Movimento Eucar\u00edstico Juvenil) adoptou uma nova estrutura organizativa necess\u00e1ria para gerir uma Obra Pontif\u00edcia que conheceu um crescimento significativo nos \u00faltimos anos.<\/p>\n","protected":false},"author":1,"featured_media":84515,"comment_status":"closed","ping_status":"closed","sticky":false,"template":"","format":"standard","meta":{"_acf_changed":false,"_et_pb_use_builder":"","_et_pb_old_content":"","_et_gb_content_width":"","footnotes":""},"categories":[51],"tags":[],"class_list":["post-84514","post","type-post","status-publish","format-standard","has-post-thumbnail","hentry","category-sem-categoria"],"acf":[],"yoast_head":"<!-- This site is optimized with the Yoast SEO plugin v27.5 - https:\/\/yoast.com\/product\/yoast-seo-wordpress\/ -->\n<title>Bettina Raed nomeada vice-diretora internacional da Rede Mundial de Ora\u00e7\u00e3o do Papa - Rede Mundial de Ora\u00e7\u00e3o do Papa<\/title>\n<meta name=\"description\" content=\"A Rede Mundial de Ora\u00e7\u00e3o do Papa (que inclui os grupos do Apostolado da Ora\u00e7\u00e3o e o Movimento Eucar\u00edstico Juvenil) adoptou uma nova\" \/>\n<meta name=\"robots\" content=\"index, follow, max-snippet:-1, max-image-preview:large, max-video-preview:-1\" \/>\n<link rel=\"canonical\" href=\"https:\/\/www.popesprayer.va\/pt-pt\/bettina-raed-nomeada-vice-diretora-internacional-da-rede-mundial-de-oracao-do-papa\/\" \/>\n<meta property=\"og:locale\" content=\"pt_PT\" \/>\n<meta property=\"og:type\" content=\"article\" \/>\n<meta property=\"og:title\" content=\"Bettina Raed nomeada vice-diretora internacional da Rede Mundial de Ora\u00e7\u00e3o do Papa - Rede Mundial de Ora\u00e7\u00e3o do Papa\" \/>\n<meta property=\"og:description\" content=\"A Rede Mundial de Ora\u00e7\u00e3o do Papa (que inclui os grupos do Apostolado da Ora\u00e7\u00e3o e o Movimento Eucar\u00edstico Juvenil) adoptou uma nova\" \/>\n<meta property=\"og:url\" content=\"https:\/\/www.popesprayer.va\/pt-pt\/bettina-raed-nomeada-vice-diretora-internacional-da-rede-mundial-de-oracao-do-papa\/\" \/>\n<meta property=\"og:site_name\" content=\"Rede Mundial de Ora\u00e7\u00e3o do Papa\" \/>\n<meta property=\"article:published_time\" content=\"2024-10-11T08:00:17+00:00\" \/>\n<meta property=\"article:modified_time\" content=\"2025-10-02T10:47:23+00:00\" \/>\n<meta property=\"og:image\" content=\"https:\/\/www.popesprayer.va\/wp-content\/uploads\/2024\/10\/Bettina-nomina.jpg\" \/>\n\t<meta property=\"og:image:width\" content=\"1536\" \/>\n\t<meta property=\"og:image:height\" content=\"2048\" \/>\n\t<meta property=\"og:image:type\" content=\"image\/jpeg\" \/>\n<meta name=\"author\" content=\"rmop\" \/>\n<meta name=\"twitter:card\" content=\"summary_large_image\" \/>\n<meta name=\"twitter:label1\" content=\"Escrito por\" \/>\n\t<meta name=\"twitter:data1\" content=\"rmop\" \/>\n\t<meta name=\"twitter:label2\" content=\"Tempo estimado de leitura\" \/>\n\t<meta name=\"twitter:data2\" content=\"2 minutos\" \/>\n<script type=\"application\/ld+json\" class=\"yoast-schema-graph\">{\"@context\":\"https:\\\/\\\/schema.org\",\"@graph\":[{\"@type\":\"Article\",\"@id\":\"https:\\\/\\\/www.popesprayer.va\\\/pt-pt\\\/bettina-raed-nomeada-vice-diretora-internacional-da-rede-mundial-de-oracao-do-papa\\\/#article\",\"isPartOf\":{\"@id\":\"https:\\\/\\\/www.popesprayer.va\\\/pt-pt\\\/bettina-raed-nomeada-vice-diretora-internacional-da-rede-mundial-de-oracao-do-papa\\\/\"},\"author\":{\"name\":\"rmop\",\"@id\":\"https:\\\/\\\/www.popesprayer.va\\\/pt-pt\\\/#\\\/schema\\\/person\\\/5dda5b6d835f45e5ddeab983890030e5\"},\"headline\":\"Bettina Raed nomeada vice-diretora internacional da Rede Mundial de Ora\u00e7\u00e3o do Papa\",\"datePublished\":\"2024-10-11T08:00:17+00:00\",\"dateModified\":\"2025-10-02T10:47:23+00:00\",\"mainEntityOfPage\":{\"@id\":\"https:\\\/\\\/www.popesprayer.va\\\/pt-pt\\\/bettina-raed-nomeada-vice-diretora-internacional-da-rede-mundial-de-oracao-do-papa\\\/\"},\"wordCount\":369,\"publisher\":{\"@id\":\"https:\\\/\\\/www.popesprayer.va\\\/pt-pt\\\/#organization\"},\"image\":{\"@id\":\"https:\\\/\\\/www.popesprayer.va\\\/pt-pt\\\/bettina-raed-nomeada-vice-diretora-internacional-da-rede-mundial-de-oracao-do-papa\\\/#primaryimage\"},\"thumbnailUrl\":\"https:\\\/\\\/www.popesprayer.va\\\/wp-content\\\/uploads\\\/2024\\\/10\\\/Bettina-nomina.jpg\",\"articleSection\":[\"Not\u00edcias\"],\"inLanguage\":\"pt-PT\"},{\"@type\":\"WebPage\",\"@id\":\"https:\\\/\\\/www.popesprayer.va\\\/pt-pt\\\/bettina-raed-nomeada-vice-diretora-internacional-da-rede-mundial-de-oracao-do-papa\\\/\",\"url\":\"https:\\\/\\\/www.popesprayer.va\\\/pt-pt\\\/bettina-raed-nomeada-vice-diretora-internacional-da-rede-mundial-de-oracao-do-papa\\\/\",\"name\":\"Bettina Raed nomeada vice-diretora internacional da Rede Mundial de Ora\u00e7\u00e3o do Papa - Rede Mundial de Ora\u00e7\u00e3o do Papa\",\"isPartOf\":{\"@id\":\"https:\\\/\\\/www.popesprayer.va\\\/pt-pt\\\/#website\"},\"primaryImageOfPage\":{\"@id\":\"https:\\\/\\\/www.popesprayer.va\\\/pt-pt\\\/bettina-raed-nomeada-vice-diretora-internacional-da-rede-mundial-de-oracao-do-papa\\\/#primaryimage\"},\"image\":{\"@id\":\"https:\\\/\\\/www.popesprayer.va\\\/pt-pt\\\/bettina-raed-nomeada-vice-diretora-internacional-da-rede-mundial-de-oracao-do-papa\\\/#primaryimage\"},\"thumbnailUrl\":\"https:\\\/\\\/www.popesprayer.va\\\/wp-content\\\/uploads\\\/2024\\\/10\\\/Bettina-nomina.jpg\",\"datePublished\":\"2024-10-11T08:00:17+00:00\",\"dateModified\":\"2025-10-02T10:47:23+00:00\",\"description\":\"A Rede Mundial de Ora\u00e7\u00e3o do Papa (que inclui os grupos do Apostolado da Ora\u00e7\u00e3o e o Movimento Eucar\u00edstico Juvenil) adoptou uma nova\",\"breadcrumb\":{\"@id\":\"https:\\\/\\\/www.popesprayer.va\\\/pt-pt\\\/bettina-raed-nomeada-vice-diretora-internacional-da-rede-mundial-de-oracao-do-papa\\\/#breadcrumb\"},\"inLanguage\":\"pt-PT\",\"potentialAction\":[{\"@type\":\"ReadAction\",\"target\":[\"https:\\\/\\\/www.popesprayer.va\\\/pt-pt\\\/bettina-raed-nomeada-vice-diretora-internacional-da-rede-mundial-de-oracao-do-papa\\\/\"]}]},{\"@type\":\"ImageObject\",\"inLanguage\":\"pt-PT\",\"@id\":\"https:\\\/\\\/www.popesprayer.va\\\/pt-pt\\\/bettina-raed-nomeada-vice-diretora-internacional-da-rede-mundial-de-oracao-do-papa\\\/#primaryimage\",\"url\":\"https:\\\/\\\/www.popesprayer.va\\\/wp-content\\\/uploads\\\/2024\\\/10\\\/Bettina-nomina.jpg\",\"contentUrl\":\"https:\\\/\\\/www.popesprayer.va\\\/wp-content\\\/uploads\\\/2024\\\/10\\\/Bettina-nomina.jpg\",\"width\":1536,\"height\":2048},{\"@type\":\"BreadcrumbList\",\"@id\":\"https:\\\/\\\/www.popesprayer.va\\\/pt-pt\\\/bettina-raed-nomeada-vice-diretora-internacional-da-rede-mundial-de-oracao-do-papa\\\/#breadcrumb\",\"itemListElement\":[{\"@type\":\"ListItem\",\"position\":1,\"name\":\"Home\",\"item\":\"https:\\\/\\\/www.popesprayer.va\\\/pt-pt\\\/\"},{\"@type\":\"ListItem\",\"position\":2,\"name\":\"Bettina Raed nomeada vice-diretora internacional da Rede Mundial de Ora\u00e7\u00e3o do Papa\"}]},{\"@type\":\"WebSite\",\"@id\":\"https:\\\/\\\/www.popesprayer.va\\\/pt-pt\\\/#website\",\"url\":\"https:\\\/\\\/www.popesprayer.va\\\/pt-pt\\\/\",\"name\":\"Pope's Worldwide Prayer Network\",\"description\":\"Pray together, change the world\",\"publisher\":{\"@id\":\"https:\\\/\\\/www.popesprayer.va\\\/pt-pt\\\/#organization\"},\"potentialAction\":[{\"@type\":\"SearchAction\",\"target\":{\"@type\":\"EntryPoint\",\"urlTemplate\":\"https:\\\/\\\/www.popesprayer.va\\\/pt-pt\\\/?s={search_term_string}\"},\"query-input\":{\"@type\":\"PropertyValueSpecification\",\"valueRequired\":true,\"valueName\":\"search_term_string\"}}],\"inLanguage\":\"pt-PT\"},{\"@type\":\"Organization\",\"@id\":\"https:\\\/\\\/www.popesprayer.va\\\/pt-pt\\\/#organization\",\"name\":\"Rede Mundial de Ora\u00e7\u00e3o do Papa\",\"url\":\"https:\\\/\\\/www.popesprayer.va\\\/pt-pt\\\/\",\"logo\":{\"@type\":\"ImageObject\",\"inLanguage\":\"pt-PT\",\"@id\":\"https:\\\/\\\/www.popesprayer.va\\\/pt-pt\\\/#\\\/schema\\\/logo\\\/image\\\/\",\"url\":\"https:\\\/\\\/www.popesprayer.va\\\/wp-content\\\/uploads\\\/2025\\\/01\\\/Logo-Popes-Worldwide-Prayer-Network-Pontifical-Work-EN-Horizontal.png\",\"contentUrl\":\"https:\\\/\\\/www.popesprayer.va\\\/wp-content\\\/uploads\\\/2025\\\/01\\\/Logo-Popes-Worldwide-Prayer-Network-Pontifical-Work-EN-Horizontal.png\",\"width\":1328,\"height\":228,\"caption\":\"Rede Mundial de Ora\u00e7\u00e3o do Papa\"},\"image\":{\"@id\":\"https:\\\/\\\/www.popesprayer.va\\\/pt-pt\\\/#\\\/schema\\\/logo\\\/image\\\/\"}},{\"@type\":\"Person\",\"@id\":\"https:\\\/\\\/www.popesprayer.va\\\/pt-pt\\\/#\\\/schema\\\/person\\\/5dda5b6d835f45e5ddeab983890030e5\",\"name\":\"rmop\",\"image\":{\"@type\":\"ImageObject\",\"inLanguage\":\"pt-PT\",\"@id\":\"https:\\\/\\\/secure.gravatar.com\\\/avatar\\\/948b492cce32b586ac2db0eaa926ee87024f7afe218d73b397ea5ddfc5f43ea1?s=96&d=mm&r=g\",\"url\":\"https:\\\/\\\/secure.gravatar.com\\\/avatar\\\/948b492cce32b586ac2db0eaa926ee87024f7afe218d73b397ea5ddfc5f43ea1?s=96&d=mm&r=g\",\"contentUrl\":\"https:\\\/\\\/secure.gravatar.com\\\/avatar\\\/948b492cce32b586ac2db0eaa926ee87024f7afe218d73b397ea5ddfc5f43ea1?s=96&d=mm&r=g\",\"caption\":\"rmop\"},\"sameAs\":[\"https:\\\/\\\/www.popesprayer.va\"],\"url\":\"https:\\\/\\\/www.popesprayer.va\\\/pt-pt\\\/author\\\/rmop\\\/\"}]}<\/script>\n<!-- \/ Yoast SEO plugin. -->","yoast_head_json":{"title":"Bettina Raed nomeada vice-diretora internacional da Rede Mundial de Ora\u00e7\u00e3o do Papa - Rede Mundial de Ora\u00e7\u00e3o do Papa","description":"A Rede Mundial de Ora\u00e7\u00e3o do Papa (que inclui os grupos do Apostolado da Ora\u00e7\u00e3o e o Movimento Eucar\u00edstico Juvenil) adoptou uma nova","robots":{"index":"index","follow":"follow","max-snippet":"max-snippet:-1","max-image-preview":"max-image-preview:large","max-video-preview":"max-video-preview:-1"},"canonical":"https:\/\/www.popesprayer.va\/pt-pt\/bettina-raed-nomeada-vice-diretora-internacional-da-rede-mundial-de-oracao-do-papa\/","og_locale":"pt_PT","og_type":"article","og_title":"Bettina Raed nomeada vice-diretora internacional da Rede Mundial de Ora\u00e7\u00e3o do Papa - Rede Mundial de Ora\u00e7\u00e3o do Papa","og_description":"A Rede Mundial de Ora\u00e7\u00e3o do Papa (que inclui os grupos do Apostolado da Ora\u00e7\u00e3o e o Movimento Eucar\u00edstico Juvenil) adoptou uma nova","og_url":"https:\/\/www.popesprayer.va\/pt-pt\/bettina-raed-nomeada-vice-diretora-internacional-da-rede-mundial-de-oracao-do-papa\/","og_site_name":"Rede Mundial de Ora\u00e7\u00e3o do Papa","article_published_time":"2024-10-11T08:00:17+00:00","article_modified_time":"2025-10-02T10:47:23+00:00","og_image":[{"width":1536,"height":2048,"url":"https:\/\/www.popesprayer.va\/wp-content\/uploads\/2024\/10\/Bettina-nomina.jpg","type":"image\/jpeg"}],"author":"rmop","twitter_card":"summary_large_image","twitter_misc":{"Escrito por":"rmop","Tempo estimado de leitura":"2 minutos"},"schema":{"@context":"https:\/\/schema.org","@graph":[{"@type":"Article","@id":"https:\/\/www.popesprayer.va\/pt-pt\/bettina-raed-nomeada-vice-diretora-internacional-da-rede-mundial-de-oracao-do-papa\/#article","isPartOf":{"@id":"https:\/\/www.popesprayer.va\/pt-pt\/bettina-raed-nomeada-vice-diretora-internacional-da-rede-mundial-de-oracao-do-papa\/"},"author":{"name":"rmop","@id":"https:\/\/www.popesprayer.va\/pt-pt\/#\/schema\/person\/5dda5b6d835f45e5ddeab983890030e5"},"headline":"Bettina Raed nomeada vice-diretora internacional da Rede Mundial de Ora\u00e7\u00e3o do Papa","datePublished":"2024-10-11T08:00:17+00:00","dateModified":"2025-10-02T10:47:23+00:00","mainEntityOfPage":{"@id":"https:\/\/www.popesprayer.va\/pt-pt\/bettina-raed-nomeada-vice-diretora-internacional-da-rede-mundial-de-oracao-do-papa\/"},"wordCount":369,"publisher":{"@id":"https:\/\/www.popesprayer.va\/pt-pt\/#organization"},"image":{"@id":"https:\/\/www.popesprayer.va\/pt-pt\/bettina-raed-nomeada-vice-diretora-internacional-da-rede-mundial-de-oracao-do-papa\/#primaryimage"},"thumbnailUrl":"https:\/\/www.popesprayer.va\/wp-content\/uploads\/2024\/10\/Bettina-nomina.jpg","articleSection":["Not\u00edcias"],"inLanguage":"pt-PT"},{"@type":"WebPage","@id":"https:\/\/www.popesprayer.va\/pt-pt\/bettina-raed-nomeada-vice-diretora-internacional-da-rede-mundial-de-oracao-do-papa\/","url":"https:\/\/www.popesprayer.va\/pt-pt\/bettina-raed-nomeada-vice-diretora-internacional-da-rede-mundial-de-oracao-do-papa\/","name":"Bettina Raed nomeada vice-diretora internacional da Rede Mundial de Ora\u00e7\u00e3o do Papa - Rede Mundial de Ora\u00e7\u00e3o do Papa","isPartOf":{"@id":"https:\/\/www.popesprayer.va\/pt-pt\/#website"},"primaryImageOfPage":{"@id":"https:\/\/www.popesprayer.va\/pt-pt\/bettina-raed-nomeada-vice-diretora-internacional-da-rede-mundial-de-oracao-do-papa\/#primaryimage"},"image":{"@id":"https:\/\/www.popesprayer.va\/pt-pt\/bettina-raed-nomeada-vice-diretora-internacional-da-rede-mundial-de-oracao-do-papa\/#primaryimage"},"thumbnailUrl":"https:\/\/www.popesprayer.va\/wp-content\/uploads\/2024\/10\/Bettina-nomina.jpg","datePublished":"2024-10-11T08:00:17+00:00","dateModified":"2025-10-02T10:47:23+00:00","description":"A Rede Mundial de Ora\u00e7\u00e3o do Papa (que inclui os grupos do Apostolado da Ora\u00e7\u00e3o e o Movimento Eucar\u00edstico Juvenil) adoptou uma nova","breadcrumb":{"@id":"https:\/\/www.popesprayer.va\/pt-pt\/bettina-raed-nomeada-vice-diretora-internacional-da-rede-mundial-de-oracao-do-papa\/#breadcrumb"},"inLanguage":"pt-PT","potentialAction":[{"@type":"ReadAction","target":["https:\/\/www.popesprayer.va\/pt-pt\/bettina-raed-nomeada-vice-diretora-internacional-da-rede-mundial-de-oracao-do-papa\/"]}]},{"@type":"ImageObject","inLanguage":"pt-PT","@id":"https:\/\/www.popesprayer.va\/pt-pt\/bettina-raed-nomeada-vice-diretora-internacional-da-rede-mundial-de-oracao-do-papa\/#primaryimage","url":"https:\/\/www.popesprayer.va\/wp-content\/uploads\/2024\/10\/Bettina-nomina.jpg","contentUrl":"https:\/\/www.popesprayer.va\/wp-content\/uploads\/2024\/10\/Bettina-nomina.jpg","width":1536,"height":2048},{"@type":"BreadcrumbList","@id":"https:\/\/www.popesprayer.va\/pt-pt\/bettina-raed-nomeada-vice-diretora-internacional-da-rede-mundial-de-oracao-do-papa\/#breadcrumb","itemListElement":[{"@type":"ListItem","position":1,"name":"Home","item":"https:\/\/www.popesprayer.va\/pt-pt\/"},{"@type":"ListItem","position":2,"name":"Bettina Raed nomeada vice-diretora internacional da Rede Mundial de Ora\u00e7\u00e3o do Papa"}]},{"@type":"WebSite","@id":"https:\/\/www.popesprayer.va\/pt-pt\/#website","url":"https:\/\/www.popesprayer.va\/pt-pt\/","name":"Pope's Worldwide Prayer Network","description":"Pray together, change the world","publisher":{"@id":"https:\/\/www.popesprayer.va\/pt-pt\/#organization"},"potentialAction":[{"@type":"SearchAction","target":{"@type":"EntryPoint","urlTemplate":"https:\/\/www.popesprayer.va\/pt-pt\/?s={search_term_string}"},"query-input":{"@type":"PropertyValueSpecification","valueRequired":true,"valueName":"search_term_string"}}],"inLanguage":"pt-PT"},{"@type":"Organization","@id":"https:\/\/www.popesprayer.va\/pt-pt\/#organization","name":"Rede Mundial de Ora\u00e7\u00e3o do Papa","url":"https:\/\/www.popesprayer.va\/pt-pt\/","logo":{"@type":"ImageObject","inLanguage":"pt-PT","@id":"https:\/\/www.popesprayer.va\/pt-pt\/#\/schema\/logo\/image\/","url":"https:\/\/www.popesprayer.va\/wp-content\/uploads\/2025\/01\/Logo-Popes-Worldwide-Prayer-Network-Pontifical-Work-EN-Horizontal.png","contentUrl":"https:\/\/www.popesprayer.va\/wp-content\/uploads\/2025\/01\/Logo-Popes-Worldwide-Prayer-Network-Pontifical-Work-EN-Horizontal.png","width":1328,"height":228,"caption":"Rede Mundial de Ora\u00e7\u00e3o do Papa"},"image":{"@id":"https:\/\/www.popesprayer.va\/pt-pt\/#\/schema\/logo\/image\/"}},{"@type":"Person","@id":"https:\/\/www.popesprayer.va\/pt-pt\/#\/schema\/person\/5dda5b6d835f45e5ddeab983890030e5","name":"rmop","image":{"@type":"ImageObject","inLanguage":"pt-PT","@id":"https:\/\/secure.gravatar.com\/avatar\/948b492cce32b586ac2db0eaa926ee87024f7afe218d73b397ea5ddfc5f43ea1?s=96&d=mm&r=g","url":"https:\/\/secure.gravatar.com\/avatar\/948b492cce32b586ac2db0eaa926ee87024f7afe218d73b397ea5ddfc5f43ea1?s=96&d=mm&r=g","contentUrl":"https:\/\/secure.gravatar.com\/avatar\/948b492cce32b586ac2db0eaa926ee87024f7afe218d73b397ea5ddfc5f43ea1?s=96&d=mm&r=g","caption":"rmop"},"sameAs":["https:\/\/www.popesprayer.va"],"url":"https:\/\/www.popesprayer.va\/pt-pt\/author\/rmop\/"}]}},"_links":{"self":[{"href":"https:\/\/www.popesprayer.va\/pt-pt\/wp-json\/wp\/v2\/posts\/84514","targetHints":{"allow":["GET"]}}],"collection":[{"href":"https:\/\/www.popesprayer.va\/pt-pt\/wp-json\/wp\/v2\/posts"}],"about":[{"href":"https:\/\/www.popesprayer.va\/pt-pt\/wp-json\/wp\/v2\/types\/post"}],"author":[{"embeddable":true,"href":"https:\/\/www.popesprayer.va\/pt-pt\/wp-json\/wp\/v2\/users\/1"}],"replies":[{"embeddable":true,"href":"https:\/\/www.popesprayer.va\/pt-pt\/wp-json\/wp\/v2\/comments?post=84514"}],"version-history":[{"count":0,"href":"https:\/\/www.popesprayer.va\/pt-pt\/wp-json\/wp\/v2\/posts\/84514\/revisions"}],"wp:featuredmedia":[{"embeddable":true,"href":"https:\/\/www.popesprayer.va\/pt-pt\/wp-json\/wp\/v2\/media\/84515"}],"wp:attachment":[{"href":"https:\/\/www.popesprayer.va\/pt-pt\/wp-json\/wp\/v2\/media?parent=84514"}],"wp:term":[{"taxonomy":"category","embeddable":true,"href":"https:\/\/www.popesprayer.va\/pt-pt\/wp-json\/wp\/v2\/categories?post=84514"},{"taxonomy":"post_tag","embeddable":true,"href":"https:\/\/www.popesprayer.va\/pt-pt\/wp-json\/wp\/v2\/tags?post=84514"}],"curies":[{"name":"wp","href":"https:\/\/api.w.org\/{rel}","templated":true}]}}