{"id":84583,"date":"2024-10-24T19:47:38","date_gmt":"2024-10-24T17:47:38","guid":{"rendered":"https:\/\/www.popesprayer.va\/dilexit-nos-carta-enciclica-do-papa-francisco-sobre-o-amor-humano-e-divino-do-coracao-de-jesus-cristo\/"},"modified":"2024-10-24T19:47:38","modified_gmt":"2024-10-24T17:47:38","slug":"dilexit-nos-carta-enciclica-do-papa-francisco-sobre-o-amor-humano-e-divino-do-coracao-de-jesus-cristo","status":"publish","type":"post","link":"https:\/\/www.popesprayer.va\/pt-pt\/dilexit-nos-carta-enciclica-do-papa-francisco-sobre-o-amor-humano-e-divino-do-coracao-de-jesus-cristo\/","title":{"rendered":"Dilexit Nos - Carta Enc\u00edclica do Papa Francisco &#8216;sobre o amor humano e divino do Cora\u00e7\u00e3o de Jesus Cristo&#8217;"},"content":{"rendered":"<p>Na quinta-feira, 24 de outubro, o Papa Francisco publicou a sua quarta enc\u00edclica, que renova a tradi\u00e7\u00e3o e a atualidade da devo\u00e7\u00e3o ao Sagrado Cora\u00e7\u00e3o de Jesus.<\/p>\n<p>\"Pe\u00e7o a Nosso Senhor Jesus Cristo que do seu santo Cora\u00e7\u00e3o brotem rios de \u00e1gua viva para todos n\u00f3s, curando as feridas que infligimos uns aos outros e fortalecendo a nossa capacidade de amar e servir, enquanto caminhamos juntos para um mundo justo, solid\u00e1rio e fraterno.\" (Papa Francisco - Dilexit Nos)<\/p>\n<p><strong>Acede ao texto completo de <a href=\"https:\/\/www.vatican.va\/content\/francesco\/en\/encyclicals\/documents\/20241024-enciclica-dilexit-nos.html\" target=\"_blank\" rel=\"noopener\">Dilexit Nos - Sobre o amor humano e divino do Cora\u00e7\u00e3o de Jesus<\/a><\/strong><\/p>\n<h3>O Caminho do Cora\u00e7\u00e3o<\/h3>\n<p>O Caminho do Cora\u00e7\u00e3o \u00e9 o percurso de forma\u00e7\u00e3o da Rede Mundial de Ora\u00e7\u00e3o do Papa, que encarna e actualiza o ensinamento do Papa Francisco sobre a espiritualidade do Cora\u00e7\u00e3o de Jesus.<\/p>\n<p><strong><a href=\"https:\/\/www.popesprayer.va\/way-of-the-heart\/\" target=\"_blank\" rel=\"noopener\">Sabe mais sobre O Caminho do Cora\u00e7\u00e3o<\/a><\/strong><\/p>\n","protected":false},"excerpt":{"rendered":"<p>Na quinta-feira, 24 de outubro, o Papa Francisco publicou a sua quarta enc\u00edclica, que renova a tradi\u00e7\u00e3o e a atualidade da devo\u00e7\u00e3o ao Sagrado Cora\u00e7\u00e3o de Jesus. \"Pe\u00e7o a Nosso Senhor Jesus Cristo que do seu santo Cora\u00e7\u00e3o brotem rios de \u00e1gua viva para todos n\u00f3s, curando as feridas que infligimos uns aos outros e [&hellip;]<\/p>\n","protected":false},"author":2,"featured_media":84584,"comment_status":"closed","ping_status":"closed","sticky":false,"template":"","format":"standard","meta":{"_acf_changed":false,"_et_pb_use_builder":"","_et_pb_old_content":"","_et_gb_content_width":"","footnotes":""},"categories":[51],"tags":[],"class_list":["post-84583","post","type-post","status-publish","format-standard","has-post-thumbnail","hentry","category-sem-categoria"],"acf":[],"yoast_head":"<!-- This site is optimized with the Yoast SEO plugin v27.5 - https:\/\/yoast.com\/product\/yoast-seo-wordpress\/ -->\n<title>Dilexit Nos - Carta Enc\u00edclica do Papa Francisco &#039;sobre o amor humano e divino do Cora\u00e7\u00e3o de Jesus Cristo&#039; - Rede Mundial de Ora\u00e7\u00e3o do Papa<\/title>\n<meta name=\"robots\" content=\"index, follow, max-snippet:-1, max-image-preview:large, max-video-preview:-1\" \/>\n<link rel=\"canonical\" href=\"https:\/\/www.popesprayer.va\/pt-pt\/dilexit-nos-carta-enciclica-do-papa-francisco-sobre-o-amor-humano-e-divino-do-coracao-de-jesus-cristo\/\" \/>\n<meta property=\"og:locale\" content=\"pt_PT\" \/>\n<meta property=\"og:type\" content=\"article\" \/>\n<meta property=\"og:title\" content=\"Dilexit Nos - Carta Enc\u00edclica do Papa Francisco &#039;sobre o amor humano e divino do Cora\u00e7\u00e3o de Jesus Cristo&#039; - Rede Mundial de Ora\u00e7\u00e3o do Papa\" \/>\n<meta property=\"og:description\" content=\"Na quinta-feira, 24 de outubro, o Papa Francisco publicou a sua quarta enc\u00edclica, que renova a tradi\u00e7\u00e3o e a atualidade da devo\u00e7\u00e3o ao Sagrado Cora\u00e7\u00e3o de Jesus. &quot;Pe\u00e7o a Nosso Senhor Jesus Cristo que do seu santo Cora\u00e7\u00e3o brotem rios de \u00e1gua viva para todos n\u00f3s, curando as feridas que infligimos uns aos outros e [&hellip;]\" \/>\n<meta property=\"og:url\" content=\"https:\/\/www.popesprayer.va\/pt-pt\/dilexit-nos-carta-enciclica-do-papa-francisco-sobre-o-amor-humano-e-divino-do-coracao-de-jesus-cristo\/\" \/>\n<meta property=\"og:site_name\" content=\"Rede Mundial de Ora\u00e7\u00e3o do Papa\" \/>\n<meta property=\"article:published_time\" content=\"2024-10-24T17:47:38+00:00\" \/>\n<meta property=\"og:image\" content=\"https:\/\/www.popesprayer.va\/wp-content\/uploads\/2024\/10\/EN-Enciclica-Dilexit-Nos-1.png\" \/>\n\t<meta property=\"og:image:width\" content=\"1080\" \/>\n\t<meta property=\"og:image:height\" content=\"1080\" \/>\n\t<meta property=\"og:image:type\" content=\"image\/png\" \/>\n<meta name=\"author\" content=\"PWPN\" \/>\n<meta name=\"twitter:card\" content=\"summary_large_image\" \/>\n<meta name=\"twitter:label1\" content=\"Escrito por\" \/>\n\t<meta name=\"twitter:data1\" content=\"PWPN\" \/>\n\t<meta name=\"twitter:label2\" content=\"Tempo estimado de leitura\" \/>\n\t<meta name=\"twitter:data2\" content=\"1 minute\" \/>\n<script type=\"application\/ld+json\" class=\"yoast-schema-graph\">{\"@context\":\"https:\\\/\\\/schema.org\",\"@graph\":[{\"@type\":\"Article\",\"@id\":\"https:\\\/\\\/www.popesprayer.va\\\/pt-pt\\\/dilexit-nos-carta-enciclica-do-papa-francisco-sobre-o-amor-humano-e-divino-do-coracao-de-jesus-cristo\\\/#article\",\"isPartOf\":{\"@id\":\"https:\\\/\\\/www.popesprayer.va\\\/pt-pt\\\/dilexit-nos-carta-enciclica-do-papa-francisco-sobre-o-amor-humano-e-divino-do-coracao-de-jesus-cristo\\\/\"},\"author\":{\"name\":\"PWPN\",\"@id\":\"https:\\\/\\\/www.popesprayer.va\\\/pt-pt\\\/#\\\/schema\\\/person\\\/47382b3f75a9576a16176c16cdf4bf8f\"},\"headline\":\"Dilexit Nos - Carta Enc\u00edclica do Papa Francisco &#8216;sobre o amor humano e divino do Cora\u00e7\u00e3o de Jesus Cristo&#8217;\",\"datePublished\":\"2024-10-24T17:47:38+00:00\",\"mainEntityOfPage\":{\"@id\":\"https:\\\/\\\/www.popesprayer.va\\\/pt-pt\\\/dilexit-nos-carta-enciclica-do-papa-francisco-sobre-o-amor-humano-e-divino-do-coracao-de-jesus-cristo\\\/\"},\"wordCount\":173,\"publisher\":{\"@id\":\"https:\\\/\\\/www.popesprayer.va\\\/pt-pt\\\/#organization\"},\"image\":{\"@id\":\"https:\\\/\\\/www.popesprayer.va\\\/pt-pt\\\/dilexit-nos-carta-enciclica-do-papa-francisco-sobre-o-amor-humano-e-divino-do-coracao-de-jesus-cristo\\\/#primaryimage\"},\"thumbnailUrl\":\"https:\\\/\\\/www.popesprayer.va\\\/wp-content\\\/uploads\\\/2024\\\/10\\\/EN-Enciclica-Dilexit-Nos-1.png\",\"articleSection\":[\"Not\u00edcias\"],\"inLanguage\":\"pt-PT\"},{\"@type\":\"WebPage\",\"@id\":\"https:\\\/\\\/www.popesprayer.va\\\/pt-pt\\\/dilexit-nos-carta-enciclica-do-papa-francisco-sobre-o-amor-humano-e-divino-do-coracao-de-jesus-cristo\\\/\",\"url\":\"https:\\\/\\\/www.popesprayer.va\\\/pt-pt\\\/dilexit-nos-carta-enciclica-do-papa-francisco-sobre-o-amor-humano-e-divino-do-coracao-de-jesus-cristo\\\/\",\"name\":\"Dilexit Nos - Carta Enc\u00edclica do Papa Francisco 'sobre o amor humano e divino do Cora\u00e7\u00e3o de Jesus Cristo' - Rede Mundial de Ora\u00e7\u00e3o do Papa\",\"isPartOf\":{\"@id\":\"https:\\\/\\\/www.popesprayer.va\\\/pt-pt\\\/#website\"},\"primaryImageOfPage\":{\"@id\":\"https:\\\/\\\/www.popesprayer.va\\\/pt-pt\\\/dilexit-nos-carta-enciclica-do-papa-francisco-sobre-o-amor-humano-e-divino-do-coracao-de-jesus-cristo\\\/#primaryimage\"},\"image\":{\"@id\":\"https:\\\/\\\/www.popesprayer.va\\\/pt-pt\\\/dilexit-nos-carta-enciclica-do-papa-francisco-sobre-o-amor-humano-e-divino-do-coracao-de-jesus-cristo\\\/#primaryimage\"},\"thumbnailUrl\":\"https:\\\/\\\/www.popesprayer.va\\\/wp-content\\\/uploads\\\/2024\\\/10\\\/EN-Enciclica-Dilexit-Nos-1.png\",\"datePublished\":\"2024-10-24T17:47:38+00:00\",\"breadcrumb\":{\"@id\":\"https:\\\/\\\/www.popesprayer.va\\\/pt-pt\\\/dilexit-nos-carta-enciclica-do-papa-francisco-sobre-o-amor-humano-e-divino-do-coracao-de-jesus-cristo\\\/#breadcrumb\"},\"inLanguage\":\"pt-PT\",\"potentialAction\":[{\"@type\":\"ReadAction\",\"target\":[\"https:\\\/\\\/www.popesprayer.va\\\/pt-pt\\\/dilexit-nos-carta-enciclica-do-papa-francisco-sobre-o-amor-humano-e-divino-do-coracao-de-jesus-cristo\\\/\"]}]},{\"@type\":\"ImageObject\",\"inLanguage\":\"pt-PT\",\"@id\":\"https:\\\/\\\/www.popesprayer.va\\\/pt-pt\\\/dilexit-nos-carta-enciclica-do-papa-francisco-sobre-o-amor-humano-e-divino-do-coracao-de-jesus-cristo\\\/#primaryimage\",\"url\":\"https:\\\/\\\/www.popesprayer.va\\\/wp-content\\\/uploads\\\/2024\\\/10\\\/EN-Enciclica-Dilexit-Nos-1.png\",\"contentUrl\":\"https:\\\/\\\/www.popesprayer.va\\\/wp-content\\\/uploads\\\/2024\\\/10\\\/EN-Enciclica-Dilexit-Nos-1.png\",\"width\":1080,\"height\":1080},{\"@type\":\"BreadcrumbList\",\"@id\":\"https:\\\/\\\/www.popesprayer.va\\\/pt-pt\\\/dilexit-nos-carta-enciclica-do-papa-francisco-sobre-o-amor-humano-e-divino-do-coracao-de-jesus-cristo\\\/#breadcrumb\",\"itemListElement\":[{\"@type\":\"ListItem\",\"position\":1,\"name\":\"Home\",\"item\":\"https:\\\/\\\/www.popesprayer.va\\\/pt-pt\\\/\"},{\"@type\":\"ListItem\",\"position\":2,\"name\":\"Dilexit Nos - Carta Enc\u00edclica do Papa Francisco &#8216;sobre o amor humano e divino do Cora\u00e7\u00e3o de Jesus Cristo&#8217;\"}]},{\"@type\":\"WebSite\",\"@id\":\"https:\\\/\\\/www.popesprayer.va\\\/pt-pt\\\/#website\",\"url\":\"https:\\\/\\\/www.popesprayer.va\\\/pt-pt\\\/\",\"name\":\"Pope's Worldwide Prayer Network\",\"description\":\"Pray together, change the world\",\"publisher\":{\"@id\":\"https:\\\/\\\/www.popesprayer.va\\\/pt-pt\\\/#organization\"},\"potentialAction\":[{\"@type\":\"SearchAction\",\"target\":{\"@type\":\"EntryPoint\",\"urlTemplate\":\"https:\\\/\\\/www.popesprayer.va\\\/pt-pt\\\/?s={search_term_string}\"},\"query-input\":{\"@type\":\"PropertyValueSpecification\",\"valueRequired\":true,\"valueName\":\"search_term_string\"}}],\"inLanguage\":\"pt-PT\"},{\"@type\":\"Organization\",\"@id\":\"https:\\\/\\\/www.popesprayer.va\\\/pt-pt\\\/#organization\",\"name\":\"Rede Mundial de Ora\u00e7\u00e3o do Papa\",\"url\":\"https:\\\/\\\/www.popesprayer.va\\\/pt-pt\\\/\",\"logo\":{\"@type\":\"ImageObject\",\"inLanguage\":\"pt-PT\",\"@id\":\"https:\\\/\\\/www.popesprayer.va\\\/pt-pt\\\/#\\\/schema\\\/logo\\\/image\\\/\",\"url\":\"https:\\\/\\\/www.popesprayer.va\\\/wp-content\\\/uploads\\\/2025\\\/01\\\/Logo-Popes-Worldwide-Prayer-Network-Pontifical-Work-EN-Horizontal.png\",\"contentUrl\":\"https:\\\/\\\/www.popesprayer.va\\\/wp-content\\\/uploads\\\/2025\\\/01\\\/Logo-Popes-Worldwide-Prayer-Network-Pontifical-Work-EN-Horizontal.png\",\"width\":1328,\"height\":228,\"caption\":\"Rede Mundial de Ora\u00e7\u00e3o do Papa\"},\"image\":{\"@id\":\"https:\\\/\\\/www.popesprayer.va\\\/pt-pt\\\/#\\\/schema\\\/logo\\\/image\\\/\"}},{\"@type\":\"Person\",\"@id\":\"https:\\\/\\\/www.popesprayer.va\\\/pt-pt\\\/#\\\/schema\\\/person\\\/47382b3f75a9576a16176c16cdf4bf8f\",\"name\":\"PWPN\",\"image\":{\"@type\":\"ImageObject\",\"inLanguage\":\"pt-PT\",\"@id\":\"https:\\\/\\\/secure.gravatar.com\\\/avatar\\\/50d3b85093cf9363f4d6f737092e1c5ca7f754ab317b568587d4982cd49efd99?s=96&d=mm&r=g\",\"url\":\"https:\\\/\\\/secure.gravatar.com\\\/avatar\\\/50d3b85093cf9363f4d6f737092e1c5ca7f754ab317b568587d4982cd49efd99?s=96&d=mm&r=g\",\"contentUrl\":\"https:\\\/\\\/secure.gravatar.com\\\/avatar\\\/50d3b85093cf9363f4d6f737092e1c5ca7f754ab317b568587d4982cd49efd99?s=96&d=mm&r=g\",\"caption\":\"PWPN\"},\"url\":\"https:\\\/\\\/www.popesprayer.va\\\/pt-pt\\\/author\\\/eloy\\\/\"}]}<\/script>\n<!-- \/ Yoast SEO plugin. -->","yoast_head_json":{"title":"Dilexit Nos - Carta Enc\u00edclica do Papa Francisco 'sobre o amor humano e divino do Cora\u00e7\u00e3o de Jesus Cristo' - Rede Mundial de Ora\u00e7\u00e3o do Papa","robots":{"index":"index","follow":"follow","max-snippet":"max-snippet:-1","max-image-preview":"max-image-preview:large","max-video-preview":"max-video-preview:-1"},"canonical":"https:\/\/www.popesprayer.va\/pt-pt\/dilexit-nos-carta-enciclica-do-papa-francisco-sobre-o-amor-humano-e-divino-do-coracao-de-jesus-cristo\/","og_locale":"pt_PT","og_type":"article","og_title":"Dilexit Nos - Carta Enc\u00edclica do Papa Francisco 'sobre o amor humano e divino do Cora\u00e7\u00e3o de Jesus Cristo' - Rede Mundial de Ora\u00e7\u00e3o do Papa","og_description":"Na quinta-feira, 24 de outubro, o Papa Francisco publicou a sua quarta enc\u00edclica, que renova a tradi\u00e7\u00e3o e a atualidade da devo\u00e7\u00e3o ao Sagrado Cora\u00e7\u00e3o de Jesus. \"Pe\u00e7o a Nosso Senhor Jesus Cristo que do seu santo Cora\u00e7\u00e3o brotem rios de \u00e1gua viva para todos n\u00f3s, curando as feridas que infligimos uns aos outros e [&hellip;]","og_url":"https:\/\/www.popesprayer.va\/pt-pt\/dilexit-nos-carta-enciclica-do-papa-francisco-sobre-o-amor-humano-e-divino-do-coracao-de-jesus-cristo\/","og_site_name":"Rede Mundial de Ora\u00e7\u00e3o do Papa","article_published_time":"2024-10-24T17:47:38+00:00","og_image":[{"width":1080,"height":1080,"url":"https:\/\/www.popesprayer.va\/wp-content\/uploads\/2024\/10\/EN-Enciclica-Dilexit-Nos-1.png","type":"image\/png"}],"author":"PWPN","twitter_card":"summary_large_image","twitter_misc":{"Escrito por":"PWPN","Tempo estimado de leitura":"1 minute"},"schema":{"@context":"https:\/\/schema.org","@graph":[{"@type":"Article","@id":"https:\/\/www.popesprayer.va\/pt-pt\/dilexit-nos-carta-enciclica-do-papa-francisco-sobre-o-amor-humano-e-divino-do-coracao-de-jesus-cristo\/#article","isPartOf":{"@id":"https:\/\/www.popesprayer.va\/pt-pt\/dilexit-nos-carta-enciclica-do-papa-francisco-sobre-o-amor-humano-e-divino-do-coracao-de-jesus-cristo\/"},"author":{"name":"PWPN","@id":"https:\/\/www.popesprayer.va\/pt-pt\/#\/schema\/person\/47382b3f75a9576a16176c16cdf4bf8f"},"headline":"Dilexit Nos - Carta Enc\u00edclica do Papa Francisco &#8216;sobre o amor humano e divino do Cora\u00e7\u00e3o de Jesus Cristo&#8217;","datePublished":"2024-10-24T17:47:38+00:00","mainEntityOfPage":{"@id":"https:\/\/www.popesprayer.va\/pt-pt\/dilexit-nos-carta-enciclica-do-papa-francisco-sobre-o-amor-humano-e-divino-do-coracao-de-jesus-cristo\/"},"wordCount":173,"publisher":{"@id":"https:\/\/www.popesprayer.va\/pt-pt\/#organization"},"image":{"@id":"https:\/\/www.popesprayer.va\/pt-pt\/dilexit-nos-carta-enciclica-do-papa-francisco-sobre-o-amor-humano-e-divino-do-coracao-de-jesus-cristo\/#primaryimage"},"thumbnailUrl":"https:\/\/www.popesprayer.va\/wp-content\/uploads\/2024\/10\/EN-Enciclica-Dilexit-Nos-1.png","articleSection":["Not\u00edcias"],"inLanguage":"pt-PT"},{"@type":"WebPage","@id":"https:\/\/www.popesprayer.va\/pt-pt\/dilexit-nos-carta-enciclica-do-papa-francisco-sobre-o-amor-humano-e-divino-do-coracao-de-jesus-cristo\/","url":"https:\/\/www.popesprayer.va\/pt-pt\/dilexit-nos-carta-enciclica-do-papa-francisco-sobre-o-amor-humano-e-divino-do-coracao-de-jesus-cristo\/","name":"Dilexit Nos - Carta Enc\u00edclica do Papa Francisco 'sobre o amor humano e divino do Cora\u00e7\u00e3o de Jesus Cristo' - Rede Mundial de Ora\u00e7\u00e3o do Papa","isPartOf":{"@id":"https:\/\/www.popesprayer.va\/pt-pt\/#website"},"primaryImageOfPage":{"@id":"https:\/\/www.popesprayer.va\/pt-pt\/dilexit-nos-carta-enciclica-do-papa-francisco-sobre-o-amor-humano-e-divino-do-coracao-de-jesus-cristo\/#primaryimage"},"image":{"@id":"https:\/\/www.popesprayer.va\/pt-pt\/dilexit-nos-carta-enciclica-do-papa-francisco-sobre-o-amor-humano-e-divino-do-coracao-de-jesus-cristo\/#primaryimage"},"thumbnailUrl":"https:\/\/www.popesprayer.va\/wp-content\/uploads\/2024\/10\/EN-Enciclica-Dilexit-Nos-1.png","datePublished":"2024-10-24T17:47:38+00:00","breadcrumb":{"@id":"https:\/\/www.popesprayer.va\/pt-pt\/dilexit-nos-carta-enciclica-do-papa-francisco-sobre-o-amor-humano-e-divino-do-coracao-de-jesus-cristo\/#breadcrumb"},"inLanguage":"pt-PT","potentialAction":[{"@type":"ReadAction","target":["https:\/\/www.popesprayer.va\/pt-pt\/dilexit-nos-carta-enciclica-do-papa-francisco-sobre-o-amor-humano-e-divino-do-coracao-de-jesus-cristo\/"]}]},{"@type":"ImageObject","inLanguage":"pt-PT","@id":"https:\/\/www.popesprayer.va\/pt-pt\/dilexit-nos-carta-enciclica-do-papa-francisco-sobre-o-amor-humano-e-divino-do-coracao-de-jesus-cristo\/#primaryimage","url":"https:\/\/www.popesprayer.va\/wp-content\/uploads\/2024\/10\/EN-Enciclica-Dilexit-Nos-1.png","contentUrl":"https:\/\/www.popesprayer.va\/wp-content\/uploads\/2024\/10\/EN-Enciclica-Dilexit-Nos-1.png","width":1080,"height":1080},{"@type":"BreadcrumbList","@id":"https:\/\/www.popesprayer.va\/pt-pt\/dilexit-nos-carta-enciclica-do-papa-francisco-sobre-o-amor-humano-e-divino-do-coracao-de-jesus-cristo\/#breadcrumb","itemListElement":[{"@type":"ListItem","position":1,"name":"Home","item":"https:\/\/www.popesprayer.va\/pt-pt\/"},{"@type":"ListItem","position":2,"name":"Dilexit Nos - Carta Enc\u00edclica do Papa Francisco &#8216;sobre o amor humano e divino do Cora\u00e7\u00e3o de Jesus Cristo&#8217;"}]},{"@type":"WebSite","@id":"https:\/\/www.popesprayer.va\/pt-pt\/#website","url":"https:\/\/www.popesprayer.va\/pt-pt\/","name":"Pope's Worldwide Prayer Network","description":"Pray together, change the world","publisher":{"@id":"https:\/\/www.popesprayer.va\/pt-pt\/#organization"},"potentialAction":[{"@type":"SearchAction","target":{"@type":"EntryPoint","urlTemplate":"https:\/\/www.popesprayer.va\/pt-pt\/?s={search_term_string}"},"query-input":{"@type":"PropertyValueSpecification","valueRequired":true,"valueName":"search_term_string"}}],"inLanguage":"pt-PT"},{"@type":"Organization","@id":"https:\/\/www.popesprayer.va\/pt-pt\/#organization","name":"Rede Mundial de Ora\u00e7\u00e3o do Papa","url":"https:\/\/www.popesprayer.va\/pt-pt\/","logo":{"@type":"ImageObject","inLanguage":"pt-PT","@id":"https:\/\/www.popesprayer.va\/pt-pt\/#\/schema\/logo\/image\/","url":"https:\/\/www.popesprayer.va\/wp-content\/uploads\/2025\/01\/Logo-Popes-Worldwide-Prayer-Network-Pontifical-Work-EN-Horizontal.png","contentUrl":"https:\/\/www.popesprayer.va\/wp-content\/uploads\/2025\/01\/Logo-Popes-Worldwide-Prayer-Network-Pontifical-Work-EN-Horizontal.png","width":1328,"height":228,"caption":"Rede Mundial de Ora\u00e7\u00e3o do Papa"},"image":{"@id":"https:\/\/www.popesprayer.va\/pt-pt\/#\/schema\/logo\/image\/"}},{"@type":"Person","@id":"https:\/\/www.popesprayer.va\/pt-pt\/#\/schema\/person\/47382b3f75a9576a16176c16cdf4bf8f","name":"PWPN","image":{"@type":"ImageObject","inLanguage":"pt-PT","@id":"https:\/\/secure.gravatar.com\/avatar\/50d3b85093cf9363f4d6f737092e1c5ca7f754ab317b568587d4982cd49efd99?s=96&d=mm&r=g","url":"https:\/\/secure.gravatar.com\/avatar\/50d3b85093cf9363f4d6f737092e1c5ca7f754ab317b568587d4982cd49efd99?s=96&d=mm&r=g","contentUrl":"https:\/\/secure.gravatar.com\/avatar\/50d3b85093cf9363f4d6f737092e1c5ca7f754ab317b568587d4982cd49efd99?s=96&d=mm&r=g","caption":"PWPN"},"url":"https:\/\/www.popesprayer.va\/pt-pt\/author\/eloy\/"}]}},"_links":{"self":[{"href":"https:\/\/www.popesprayer.va\/pt-pt\/wp-json\/wp\/v2\/posts\/84583","targetHints":{"allow":["GET"]}}],"collection":[{"href":"https:\/\/www.popesprayer.va\/pt-pt\/wp-json\/wp\/v2\/posts"}],"about":[{"href":"https:\/\/www.popesprayer.va\/pt-pt\/wp-json\/wp\/v2\/types\/post"}],"author":[{"embeddable":true,"href":"https:\/\/www.popesprayer.va\/pt-pt\/wp-json\/wp\/v2\/users\/2"}],"replies":[{"embeddable":true,"href":"https:\/\/www.popesprayer.va\/pt-pt\/wp-json\/wp\/v2\/comments?post=84583"}],"version-history":[{"count":0,"href":"https:\/\/www.popesprayer.va\/pt-pt\/wp-json\/wp\/v2\/posts\/84583\/revisions"}],"wp:featuredmedia":[{"embeddable":true,"href":"https:\/\/www.popesprayer.va\/pt-pt\/wp-json\/wp\/v2\/media\/84584"}],"wp:attachment":[{"href":"https:\/\/www.popesprayer.va\/pt-pt\/wp-json\/wp\/v2\/media?parent=84583"}],"wp:term":[{"taxonomy":"category","embeddable":true,"href":"https:\/\/www.popesprayer.va\/pt-pt\/wp-json\/wp\/v2\/categories?post=84583"},{"taxonomy":"post_tag","embeddable":true,"href":"https:\/\/www.popesprayer.va\/pt-pt\/wp-json\/wp\/v2\/tags?post=84583"}],"curies":[{"name":"wp","href":"https:\/\/api.w.org\/{rel}","templated":true}]}}