{"id":92593,"date":"2026-01-25T00:00:45","date_gmt":"2026-01-24T23:00:45","guid":{"rendered":"https:\/\/www.popesprayer.va\/?p=92593"},"modified":"2026-01-16T13:25:59","modified_gmt":"2026-01-16T12:25:59","slug":"novo-lancamento-em-caminho","status":"publish","type":"post","link":"https:\/\/www.popesprayer.va\/pt-pt\/novo-lancamento-em-caminho\/","title":{"rendered":"Novo lan\u00e7amento: \u201cEm Caminho\u201d"},"content":{"rendered":"<p><span style=\"font-weight: 400;\">Est\u00e1 dispon\u00edvel um novo livro de apoio d\u2019<\/span><b><i>O Caminho do Cora\u00e7\u00e3o<\/i><\/b><span style=\"font-weight: 400;\">, intitulado<\/span><b> \u201cEm Caminho\u201d<\/b><span style=\"font-weight: 400;\">, uma nova publica\u00e7\u00e3o que recolhe e organiza a experi\u00eancia viva destes \u00faltimos anos na difus\u00e3o do itiner\u00e1rio espiritual da Rede Mundial de Ora\u00e7\u00e3o do Papa.<\/span><\/p>\n<p><span style=\"font-weight: 400;\">Este novo livro n\u00e3o \u00e9 um manual fechado, mas um <\/span><b>companheiro de viagem<\/b><span style=\"font-weight: 400;\"> para quem deseja <\/span><b>propor, facultar e acompanhar<\/b> <i><span style=\"font-weight: 400;\">O Caminho do Cora\u00e7\u00e3o<\/span><\/i><span style=\"font-weight: 400;\"> em diferentes contextos. Re\u00fane chaves espirituais, ajudas metodol\u00f3gicas e liga\u00e7\u00f5es com a tradi\u00e7\u00e3o dos Exerc\u00edcios Espirituais de Santo In\u00e1cio e a espiritualidade do Cora\u00e7\u00e3o de Jesus.<\/span><\/p>\n<p><span style=\"font-weight: 400;\">Surge como resposta ao crescimento cont\u00ednuo d\u2019<\/span><i><span style=\"font-weight: 400;\">O Caminho do Cora\u00e7\u00e3o<\/span><\/i><span style=\"font-weight: 400;\"> em todo o mundo e \u00e0 necessidade de contar com materiais que acompanhem esta expans\u00e3o. Foi pensado para inspirar, animar e apoiar a miss\u00e3o daqueles que partilham este caminho com outros.<\/span><\/p>\n<p><b>Encontra-se dispon\u00edvel na nossa <a href=\"http:\/\/caminhodocoracao.church\" target=\"_blank\" rel=\"noopener\">plataforma online<\/a><\/b><span style=\"font-weight: 400;\">, juntamente com os onze livros anteriores.<\/span><\/p>\n<p><span style=\"font-weight: 400;\">Mais um passo neste caminho vivo que continua a transformar vidas em todo o mundo.<\/span><\/p>\n","protected":false},"excerpt":{"rendered":"<p>Est\u00e1 dispon\u00edvel um novo livro de apoio d\u2019O Caminho do Cora\u00e7\u00e3o, intitulado \u201cEm Caminho\u201d, uma nova publica\u00e7\u00e3o que recolhe e organiza a experi\u00eancia viva destes \u00faltimos anos na difus\u00e3o do itiner\u00e1rio espiritual da Rede Mundial de Ora\u00e7\u00e3o do Papa. Este novo livro n\u00e3o \u00e9 um manual fechado, mas um companheiro de viagem para quem deseja [&hellip;]<\/p>\n","protected":false},"author":2,"featured_media":92573,"comment_status":"closed","ping_status":"closed","sticky":false,"template":"","format":"standard","meta":{"_acf_changed":false,"_et_pb_use_builder":"","_et_pb_old_content":"","_et_gb_content_width":"","footnotes":""},"categories":[51],"tags":[],"class_list":["post-92593","post","type-post","status-publish","format-standard","has-post-thumbnail","hentry","category-sem-categoria"],"acf":[],"yoast_head":"<!-- This site is optimized with the Yoast SEO plugin v27.4 - https:\/\/yoast.com\/product\/yoast-seo-wordpress\/ -->\n<title>Novo lan\u00e7amento: \u201cEm Caminho\u201d - Rede Mundial de Ora\u00e7\u00e3o do Papa<\/title>\n<meta name=\"robots\" content=\"index, follow, max-snippet:-1, max-image-preview:large, max-video-preview:-1\" \/>\n<link rel=\"canonical\" href=\"https:\/\/www.popesprayer.va\/pt-pt\/novo-lancamento-em-caminho\/\" \/>\n<meta property=\"og:locale\" content=\"pt_PT\" \/>\n<meta property=\"og:type\" content=\"article\" \/>\n<meta property=\"og:title\" content=\"Novo lan\u00e7amento: \u201cEm Caminho\u201d - Rede Mundial de Ora\u00e7\u00e3o do Papa\" \/>\n<meta property=\"og:description\" content=\"Est\u00e1 dispon\u00edvel um novo livro de apoio d\u2019O Caminho do Cora\u00e7\u00e3o, intitulado \u201cEm Caminho\u201d, uma nova publica\u00e7\u00e3o que recolhe e organiza a experi\u00eancia viva destes \u00faltimos anos na difus\u00e3o do itiner\u00e1rio espiritual da Rede Mundial de Ora\u00e7\u00e3o do Papa. Este novo livro n\u00e3o \u00e9 um manual fechado, mas um companheiro de viagem para quem deseja [&hellip;]\" \/>\n<meta property=\"og:url\" content=\"https:\/\/www.popesprayer.va\/pt-pt\/novo-lancamento-em-caminho\/\" \/>\n<meta property=\"og:site_name\" content=\"Rede Mundial de Ora\u00e7\u00e3o do Papa\" \/>\n<meta property=\"article:published_time\" content=\"2026-01-24T23:00:45+00:00\" \/>\n<meta property=\"og:image\" content=\"https:\/\/www.popesprayer.va\/wp-content\/uploads\/2026\/01\/12-ecc-pt-scaled.jpg\" \/>\n\t<meta property=\"og:image:width\" content=\"1812\" \/>\n\t<meta property=\"og:image:height\" content=\"2560\" \/>\n\t<meta property=\"og:image:type\" content=\"image\/jpeg\" \/>\n<meta name=\"author\" content=\"PWPN\" \/>\n<meta name=\"twitter:card\" content=\"summary_large_image\" \/>\n<meta name=\"twitter:label1\" content=\"Escrito por\" \/>\n\t<meta name=\"twitter:data1\" content=\"PWPN\" \/>\n\t<meta name=\"twitter:label2\" content=\"Tempo estimado de leitura\" \/>\n\t<meta name=\"twitter:data2\" content=\"1 minute\" \/>\n<script type=\"application\/ld+json\" class=\"yoast-schema-graph\">{\"@context\":\"https:\\\/\\\/schema.org\",\"@graph\":[{\"@type\":\"Article\",\"@id\":\"https:\\\/\\\/www.popesprayer.va\\\/pt-pt\\\/novo-lancamento-em-caminho\\\/#article\",\"isPartOf\":{\"@id\":\"https:\\\/\\\/www.popesprayer.va\\\/pt-pt\\\/novo-lancamento-em-caminho\\\/\"},\"author\":{\"name\":\"PWPN\",\"@id\":\"https:\\\/\\\/www.popesprayer.va\\\/pt-pt\\\/#\\\/schema\\\/person\\\/47382b3f75a9576a16176c16cdf4bf8f\"},\"headline\":\"Novo lan\u00e7amento: \u201cEm Caminho\u201d\",\"datePublished\":\"2026-01-24T23:00:45+00:00\",\"mainEntityOfPage\":{\"@id\":\"https:\\\/\\\/www.popesprayer.va\\\/pt-pt\\\/novo-lancamento-em-caminho\\\/\"},\"wordCount\":183,\"publisher\":{\"@id\":\"https:\\\/\\\/www.popesprayer.va\\\/pt-pt\\\/#organization\"},\"image\":{\"@id\":\"https:\\\/\\\/www.popesprayer.va\\\/pt-pt\\\/novo-lancamento-em-caminho\\\/#primaryimage\"},\"thumbnailUrl\":\"https:\\\/\\\/www.popesprayer.va\\\/wp-content\\\/uploads\\\/2026\\\/01\\\/12-ecc-pt-scaled.jpg\",\"articleSection\":[\"Not\u00edcias\"],\"inLanguage\":\"pt-PT\"},{\"@type\":\"WebPage\",\"@id\":\"https:\\\/\\\/www.popesprayer.va\\\/pt-pt\\\/novo-lancamento-em-caminho\\\/\",\"url\":\"https:\\\/\\\/www.popesprayer.va\\\/pt-pt\\\/novo-lancamento-em-caminho\\\/\",\"name\":\"Novo lan\u00e7amento: \u201cEm Caminho\u201d - Rede Mundial de Ora\u00e7\u00e3o do Papa\",\"isPartOf\":{\"@id\":\"https:\\\/\\\/www.popesprayer.va\\\/pt-pt\\\/#website\"},\"primaryImageOfPage\":{\"@id\":\"https:\\\/\\\/www.popesprayer.va\\\/pt-pt\\\/novo-lancamento-em-caminho\\\/#primaryimage\"},\"image\":{\"@id\":\"https:\\\/\\\/www.popesprayer.va\\\/pt-pt\\\/novo-lancamento-em-caminho\\\/#primaryimage\"},\"thumbnailUrl\":\"https:\\\/\\\/www.popesprayer.va\\\/wp-content\\\/uploads\\\/2026\\\/01\\\/12-ecc-pt-scaled.jpg\",\"datePublished\":\"2026-01-24T23:00:45+00:00\",\"breadcrumb\":{\"@id\":\"https:\\\/\\\/www.popesprayer.va\\\/pt-pt\\\/novo-lancamento-em-caminho\\\/#breadcrumb\"},\"inLanguage\":\"pt-PT\",\"potentialAction\":[{\"@type\":\"ReadAction\",\"target\":[\"https:\\\/\\\/www.popesprayer.va\\\/pt-pt\\\/novo-lancamento-em-caminho\\\/\"]}]},{\"@type\":\"ImageObject\",\"inLanguage\":\"pt-PT\",\"@id\":\"https:\\\/\\\/www.popesprayer.va\\\/pt-pt\\\/novo-lancamento-em-caminho\\\/#primaryimage\",\"url\":\"https:\\\/\\\/www.popesprayer.va\\\/wp-content\\\/uploads\\\/2026\\\/01\\\/12-ecc-pt-scaled.jpg\",\"contentUrl\":\"https:\\\/\\\/www.popesprayer.va\\\/wp-content\\\/uploads\\\/2026\\\/01\\\/12-ecc-pt-scaled.jpg\",\"width\":1812,\"height\":2560,\"caption\":\"12-ecc-pt\"},{\"@type\":\"BreadcrumbList\",\"@id\":\"https:\\\/\\\/www.popesprayer.va\\\/pt-pt\\\/novo-lancamento-em-caminho\\\/#breadcrumb\",\"itemListElement\":[{\"@type\":\"ListItem\",\"position\":1,\"name\":\"Home\",\"item\":\"https:\\\/\\\/www.popesprayer.va\\\/pt-pt\\\/\"},{\"@type\":\"ListItem\",\"position\":2,\"name\":\"Novo lan\u00e7amento: \u201cEm Caminho\u201d\"}]},{\"@type\":\"WebSite\",\"@id\":\"https:\\\/\\\/www.popesprayer.va\\\/pt-pt\\\/#website\",\"url\":\"https:\\\/\\\/www.popesprayer.va\\\/pt-pt\\\/\",\"name\":\"Pope's Worldwide Prayer Network\",\"description\":\"Pray together, change the world\",\"publisher\":{\"@id\":\"https:\\\/\\\/www.popesprayer.va\\\/pt-pt\\\/#organization\"},\"potentialAction\":[{\"@type\":\"SearchAction\",\"target\":{\"@type\":\"EntryPoint\",\"urlTemplate\":\"https:\\\/\\\/www.popesprayer.va\\\/pt-pt\\\/?s={search_term_string}\"},\"query-input\":{\"@type\":\"PropertyValueSpecification\",\"valueRequired\":true,\"valueName\":\"search_term_string\"}}],\"inLanguage\":\"pt-PT\"},{\"@type\":\"Organization\",\"@id\":\"https:\\\/\\\/www.popesprayer.va\\\/pt-pt\\\/#organization\",\"name\":\"Rede Mundial de Ora\u00e7\u00e3o do Papa\",\"url\":\"https:\\\/\\\/www.popesprayer.va\\\/pt-pt\\\/\",\"logo\":{\"@type\":\"ImageObject\",\"inLanguage\":\"pt-PT\",\"@id\":\"https:\\\/\\\/www.popesprayer.va\\\/pt-pt\\\/#\\\/schema\\\/logo\\\/image\\\/\",\"url\":\"https:\\\/\\\/www.popesprayer.va\\\/wp-content\\\/uploads\\\/2025\\\/01\\\/Logo-Popes-Worldwide-Prayer-Network-Pontifical-Work-EN-Horizontal.png\",\"contentUrl\":\"https:\\\/\\\/www.popesprayer.va\\\/wp-content\\\/uploads\\\/2025\\\/01\\\/Logo-Popes-Worldwide-Prayer-Network-Pontifical-Work-EN-Horizontal.png\",\"width\":1328,\"height\":228,\"caption\":\"Rede Mundial de Ora\u00e7\u00e3o do Papa\"},\"image\":{\"@id\":\"https:\\\/\\\/www.popesprayer.va\\\/pt-pt\\\/#\\\/schema\\\/logo\\\/image\\\/\"}},{\"@type\":\"Person\",\"@id\":\"https:\\\/\\\/www.popesprayer.va\\\/pt-pt\\\/#\\\/schema\\\/person\\\/47382b3f75a9576a16176c16cdf4bf8f\",\"name\":\"PWPN\",\"image\":{\"@type\":\"ImageObject\",\"inLanguage\":\"pt-PT\",\"@id\":\"https:\\\/\\\/secure.gravatar.com\\\/avatar\\\/50d3b85093cf9363f4d6f737092e1c5ca7f754ab317b568587d4982cd49efd99?s=96&d=mm&r=g\",\"url\":\"https:\\\/\\\/secure.gravatar.com\\\/avatar\\\/50d3b85093cf9363f4d6f737092e1c5ca7f754ab317b568587d4982cd49efd99?s=96&d=mm&r=g\",\"contentUrl\":\"https:\\\/\\\/secure.gravatar.com\\\/avatar\\\/50d3b85093cf9363f4d6f737092e1c5ca7f754ab317b568587d4982cd49efd99?s=96&d=mm&r=g\",\"caption\":\"PWPN\"},\"url\":\"https:\\\/\\\/www.popesprayer.va\\\/pt-pt\\\/author\\\/eloy\\\/\"}]}<\/script>\n<!-- \/ Yoast SEO plugin. -->","yoast_head_json":{"title":"Novo lan\u00e7amento: \u201cEm Caminho\u201d - Rede Mundial de Ora\u00e7\u00e3o do Papa","robots":{"index":"index","follow":"follow","max-snippet":"max-snippet:-1","max-image-preview":"max-image-preview:large","max-video-preview":"max-video-preview:-1"},"canonical":"https:\/\/www.popesprayer.va\/pt-pt\/novo-lancamento-em-caminho\/","og_locale":"pt_PT","og_type":"article","og_title":"Novo lan\u00e7amento: \u201cEm Caminho\u201d - Rede Mundial de Ora\u00e7\u00e3o do Papa","og_description":"Est\u00e1 dispon\u00edvel um novo livro de apoio d\u2019O Caminho do Cora\u00e7\u00e3o, intitulado \u201cEm Caminho\u201d, uma nova publica\u00e7\u00e3o que recolhe e organiza a experi\u00eancia viva destes \u00faltimos anos na difus\u00e3o do itiner\u00e1rio espiritual da Rede Mundial de Ora\u00e7\u00e3o do Papa. Este novo livro n\u00e3o \u00e9 um manual fechado, mas um companheiro de viagem para quem deseja [&hellip;]","og_url":"https:\/\/www.popesprayer.va\/pt-pt\/novo-lancamento-em-caminho\/","og_site_name":"Rede Mundial de Ora\u00e7\u00e3o do Papa","article_published_time":"2026-01-24T23:00:45+00:00","og_image":[{"width":1812,"height":2560,"url":"https:\/\/www.popesprayer.va\/wp-content\/uploads\/2026\/01\/12-ecc-pt-scaled.jpg","type":"image\/jpeg"}],"author":"PWPN","twitter_card":"summary_large_image","twitter_misc":{"Escrito por":"PWPN","Tempo estimado de leitura":"1 minute"},"schema":{"@context":"https:\/\/schema.org","@graph":[{"@type":"Article","@id":"https:\/\/www.popesprayer.va\/pt-pt\/novo-lancamento-em-caminho\/#article","isPartOf":{"@id":"https:\/\/www.popesprayer.va\/pt-pt\/novo-lancamento-em-caminho\/"},"author":{"name":"PWPN","@id":"https:\/\/www.popesprayer.va\/pt-pt\/#\/schema\/person\/47382b3f75a9576a16176c16cdf4bf8f"},"headline":"Novo lan\u00e7amento: \u201cEm Caminho\u201d","datePublished":"2026-01-24T23:00:45+00:00","mainEntityOfPage":{"@id":"https:\/\/www.popesprayer.va\/pt-pt\/novo-lancamento-em-caminho\/"},"wordCount":183,"publisher":{"@id":"https:\/\/www.popesprayer.va\/pt-pt\/#organization"},"image":{"@id":"https:\/\/www.popesprayer.va\/pt-pt\/novo-lancamento-em-caminho\/#primaryimage"},"thumbnailUrl":"https:\/\/www.popesprayer.va\/wp-content\/uploads\/2026\/01\/12-ecc-pt-scaled.jpg","articleSection":["Not\u00edcias"],"inLanguage":"pt-PT"},{"@type":"WebPage","@id":"https:\/\/www.popesprayer.va\/pt-pt\/novo-lancamento-em-caminho\/","url":"https:\/\/www.popesprayer.va\/pt-pt\/novo-lancamento-em-caminho\/","name":"Novo lan\u00e7amento: \u201cEm Caminho\u201d - Rede Mundial de Ora\u00e7\u00e3o do Papa","isPartOf":{"@id":"https:\/\/www.popesprayer.va\/pt-pt\/#website"},"primaryImageOfPage":{"@id":"https:\/\/www.popesprayer.va\/pt-pt\/novo-lancamento-em-caminho\/#primaryimage"},"image":{"@id":"https:\/\/www.popesprayer.va\/pt-pt\/novo-lancamento-em-caminho\/#primaryimage"},"thumbnailUrl":"https:\/\/www.popesprayer.va\/wp-content\/uploads\/2026\/01\/12-ecc-pt-scaled.jpg","datePublished":"2026-01-24T23:00:45+00:00","breadcrumb":{"@id":"https:\/\/www.popesprayer.va\/pt-pt\/novo-lancamento-em-caminho\/#breadcrumb"},"inLanguage":"pt-PT","potentialAction":[{"@type":"ReadAction","target":["https:\/\/www.popesprayer.va\/pt-pt\/novo-lancamento-em-caminho\/"]}]},{"@type":"ImageObject","inLanguage":"pt-PT","@id":"https:\/\/www.popesprayer.va\/pt-pt\/novo-lancamento-em-caminho\/#primaryimage","url":"https:\/\/www.popesprayer.va\/wp-content\/uploads\/2026\/01\/12-ecc-pt-scaled.jpg","contentUrl":"https:\/\/www.popesprayer.va\/wp-content\/uploads\/2026\/01\/12-ecc-pt-scaled.jpg","width":1812,"height":2560,"caption":"12-ecc-pt"},{"@type":"BreadcrumbList","@id":"https:\/\/www.popesprayer.va\/pt-pt\/novo-lancamento-em-caminho\/#breadcrumb","itemListElement":[{"@type":"ListItem","position":1,"name":"Home","item":"https:\/\/www.popesprayer.va\/pt-pt\/"},{"@type":"ListItem","position":2,"name":"Novo lan\u00e7amento: \u201cEm Caminho\u201d"}]},{"@type":"WebSite","@id":"https:\/\/www.popesprayer.va\/pt-pt\/#website","url":"https:\/\/www.popesprayer.va\/pt-pt\/","name":"Pope's Worldwide Prayer Network","description":"Pray together, change the world","publisher":{"@id":"https:\/\/www.popesprayer.va\/pt-pt\/#organization"},"potentialAction":[{"@type":"SearchAction","target":{"@type":"EntryPoint","urlTemplate":"https:\/\/www.popesprayer.va\/pt-pt\/?s={search_term_string}"},"query-input":{"@type":"PropertyValueSpecification","valueRequired":true,"valueName":"search_term_string"}}],"inLanguage":"pt-PT"},{"@type":"Organization","@id":"https:\/\/www.popesprayer.va\/pt-pt\/#organization","name":"Rede Mundial de Ora\u00e7\u00e3o do Papa","url":"https:\/\/www.popesprayer.va\/pt-pt\/","logo":{"@type":"ImageObject","inLanguage":"pt-PT","@id":"https:\/\/www.popesprayer.va\/pt-pt\/#\/schema\/logo\/image\/","url":"https:\/\/www.popesprayer.va\/wp-content\/uploads\/2025\/01\/Logo-Popes-Worldwide-Prayer-Network-Pontifical-Work-EN-Horizontal.png","contentUrl":"https:\/\/www.popesprayer.va\/wp-content\/uploads\/2025\/01\/Logo-Popes-Worldwide-Prayer-Network-Pontifical-Work-EN-Horizontal.png","width":1328,"height":228,"caption":"Rede Mundial de Ora\u00e7\u00e3o do Papa"},"image":{"@id":"https:\/\/www.popesprayer.va\/pt-pt\/#\/schema\/logo\/image\/"}},{"@type":"Person","@id":"https:\/\/www.popesprayer.va\/pt-pt\/#\/schema\/person\/47382b3f75a9576a16176c16cdf4bf8f","name":"PWPN","image":{"@type":"ImageObject","inLanguage":"pt-PT","@id":"https:\/\/secure.gravatar.com\/avatar\/50d3b85093cf9363f4d6f737092e1c5ca7f754ab317b568587d4982cd49efd99?s=96&d=mm&r=g","url":"https:\/\/secure.gravatar.com\/avatar\/50d3b85093cf9363f4d6f737092e1c5ca7f754ab317b568587d4982cd49efd99?s=96&d=mm&r=g","contentUrl":"https:\/\/secure.gravatar.com\/avatar\/50d3b85093cf9363f4d6f737092e1c5ca7f754ab317b568587d4982cd49efd99?s=96&d=mm&r=g","caption":"PWPN"},"url":"https:\/\/www.popesprayer.va\/pt-pt\/author\/eloy\/"}]}},"_links":{"self":[{"href":"https:\/\/www.popesprayer.va\/pt-pt\/wp-json\/wp\/v2\/posts\/92593","targetHints":{"allow":["GET"]}}],"collection":[{"href":"https:\/\/www.popesprayer.va\/pt-pt\/wp-json\/wp\/v2\/posts"}],"about":[{"href":"https:\/\/www.popesprayer.va\/pt-pt\/wp-json\/wp\/v2\/types\/post"}],"author":[{"embeddable":true,"href":"https:\/\/www.popesprayer.va\/pt-pt\/wp-json\/wp\/v2\/users\/2"}],"replies":[{"embeddable":true,"href":"https:\/\/www.popesprayer.va\/pt-pt\/wp-json\/wp\/v2\/comments?post=92593"}],"version-history":[{"count":1,"href":"https:\/\/www.popesprayer.va\/pt-pt\/wp-json\/wp\/v2\/posts\/92593\/revisions"}],"predecessor-version":[{"id":92594,"href":"https:\/\/www.popesprayer.va\/pt-pt\/wp-json\/wp\/v2\/posts\/92593\/revisions\/92594"}],"wp:featuredmedia":[{"embeddable":true,"href":"https:\/\/www.popesprayer.va\/pt-pt\/wp-json\/wp\/v2\/media\/92573"}],"wp:attachment":[{"href":"https:\/\/www.popesprayer.va\/pt-pt\/wp-json\/wp\/v2\/media?parent=92593"}],"wp:term":[{"taxonomy":"category","embeddable":true,"href":"https:\/\/www.popesprayer.va\/pt-pt\/wp-json\/wp\/v2\/categories?post=92593"},{"taxonomy":"post_tag","embeddable":true,"href":"https:\/\/www.popesprayer.va\/pt-pt\/wp-json\/wp\/v2\/tags?post=92593"}],"curies":[{"name":"wp","href":"https:\/\/api.w.org\/{rel}","templated":true}]}}