{"id":92829,"date":"2026-01-29T16:52:09","date_gmt":"2026-01-29T15:52:09","guid":{"rendered":"https:\/\/www.popesprayer.va\/reuniao-do-conselho-internacional\/"},"modified":"2026-01-29T20:02:31","modified_gmt":"2026-01-29T19:02:31","slug":"reuniao-do-conselho-internacional","status":"publish","type":"post","link":"https:\/\/www.popesprayer.va\/pt-pt\/reuniao-do-conselho-internacional\/","title":{"rendered":"Reuni\u00e3o do Conselho Internacional"},"content":{"rendered":"<p><span style=\"font-weight: 400;\">De 27 a 31 de janeiro, re\u00fane-se em Roma o <a href=\"https:\/\/www.popesprayer.va\/the-team\/\">Conselho Internacional<\/a> da Rede Mundial de Ora\u00e7\u00e3o do Papa. Este \u00f3rg\u00e3o \u00e9 composto pelos seis Coordenadores Continentais e tem como principal miss\u00e3o acompanhar a Equipa de Dire\u00e7\u00e3o Internacional. <\/span><\/p>\n<p><span style=\"font-weight: 400;\">O principal trabalho dos Coordenadores Continentais \u00e9 dar apoio pastoral aos Diretores Nacionais da rede e promover espa\u00e7os de comunica\u00e7\u00e3o e colabora\u00e7\u00e3o entre os representantes das v\u00e1rias equipas nacionais nas suas regi\u00f5es.<\/span><\/p>\n<p><span style=\"font-weight: 400;\">Nesta ocasi\u00e3o, o Conselho reuniu-se para analisar a situa\u00e7\u00e3o atual nos v\u00e1rios pa\u00edses e planear as linhas de a\u00e7\u00e3o priorit\u00e1rias para o ano de 2026. Al\u00e9m disso, esta reuni\u00e3o representa um espa\u00e7o privilegiado para partilhar experi\u00eancias e colaborar nos diversos temas que a miss\u00e3o internacional abrange. <\/span><\/p>\n<p><b>Participantes na reuni\u00e3o:<\/b><\/p>\n<p><b>Coordenadores continentais:<\/b><\/p>\n<ul>\n<li style=\"font-weight: 400;\" aria-level=\"1\"><b>\u00c1sia do Sul:<\/b><span style=\"font-weight: 400;\">  Padre Xavier Tharamel SJ <\/span><\/li>\n<li style=\"font-weight: 400;\" aria-level=\"1\"><b>Europa:<\/b><span style=\"font-weight: 400;\">  Pe. Antonio Sant&#8217;Ana SJ <\/span><\/li>\n<li style=\"font-weight: 400;\" aria-level=\"1\"><b>\u00c1frica:<\/b><span style=\"font-weight: 400;\">  P. Valter Cassamano SJ <\/span><\/li>\n<li style=\"font-weight: 400;\" aria-level=\"1\"><b>\u00c1sia-Pac\u00edfico:<\/b><span style=\"font-weight: 400;\"> Anne Gray e John Gray (delegados)<\/span><\/li>\n<li style=\"font-weight: 400;\" aria-level=\"1\"><b>Am\u00e9rica Latina e Cara\u00edbas:<\/b><span style=\"font-weight: 400;\"> Bettina Raed<\/span><\/li>\n<li style=\"font-weight: 400;\" aria-level=\"1\"><b>Am\u00e9rica do Norte:<\/b><span style=\"font-weight: 400;\">  Pe. Philip Hurley SJ <\/span><\/li>\n<\/ul>\n<p><b>Equipa de Dire\u00e7\u00e3o Internacional:<\/b><\/p>\n<ul>\n<li style=\"font-weight: 400;\" aria-level=\"1\"><b>Diretor:<\/b><span style=\"font-weight: 400;\">  Pe. Crist\u00f3bal Fones SJ <\/span><\/li>\n<li style=\"font-weight: 400;\" aria-level=\"1\"><b>Vice-diretor:<\/b><span style=\"font-weight: 400;\"> Bettina Raed<\/span><\/li>\n<li style=\"font-weight: 400;\" aria-level=\"1\"><b>Vice-diretor:<\/b><span style=\"font-weight: 400;\">  Pe. Miguel Melo SJ <\/span><\/li>\n<\/ul>\n<p><span style=\"font-weight: 400;\">Al\u00e9m disso, membros da Equipa Executiva Internacional participam em alguns m\u00f3dulos:<\/span><\/p>\n<ul>\n<li style=\"font-weight: 400;\" aria-level=\"1\"><b>Administra\u00e7\u00e3o:<\/b><span style=\"font-weight: 400;\"> Ana Ben\u00edtez Carracedo<\/span><\/li>\n<li style=\"font-weight: 400;\" aria-level=\"1\"><b>Comunica\u00e7\u00e3o:<\/b><span style=\"font-weight: 400;\"> Juan Ignacio Castellaro<\/span><\/li>\n<li style=\"font-weight: 400;\" aria-level=\"1\"><b>Finan\u00e7as:<\/b><span style=\"font-weight: 400;\"> Pilar Jenssen<\/span><\/li>\n<\/ul>\n<p><img loading=\"lazy\" decoding=\"async\" class=\"aligncenter wp-image-92822 size-full\" src=\"https:\/\/www.popesprayer.va\/wp-content\/uploads\/2026\/01\/WhatsApp-Image-2026-01-29-at-16.41.27.jpeg\" alt=\"Imagem do WhatsApp 2026-01-29 at 16.41.27\" width=\"956\" height=\"847\"><\/p>\n<p><img loading=\"lazy\" decoding=\"async\" class=\"aligncenter wp-image-92823 size-full\" src=\"https:\/\/www.popesprayer.va\/wp-content\/uploads\/2026\/01\/WhatsApp-Image-2026-01-29-at-16.42.16-1.jpeg\" alt=\"Imagem do WhatsApp 2026-01-29 at 16.42.16 (1)\" width=\"1196\" height=\"1246\"><\/p>\n<p><img loading=\"lazy\" decoding=\"async\" class=\"aligncenter wp-image-92824 size-full\" src=\"https:\/\/www.popesprayer.va\/wp-content\/uploads\/2026\/01\/WhatsApp-Image-2026-01-29-at-16.42.16.jpeg\" alt=\"Imagem do WhatsApp 2026-01-29 at 16.42.16\" width=\"1200\" height=\"1313\"><\/p>\n<p>&nbsp;<\/p>\n<p><span style=\"font-weight: 400;\">Este encontro refor\u00e7a a miss\u00e3o comum e optimiza a colabora\u00e7\u00e3o na gest\u00e3o da Funda\u00e7\u00e3o Vaticano e da Pontif\u00edcia Obra Apost\u00f3lica, contribuindo para refor\u00e7ar os la\u00e7os e consolidar uma vis\u00e3o global desta rede de pessoas.<\/span><\/p>\n","protected":false},"excerpt":{"rendered":"<p>De 27 a 31 de janeiro, re\u00fane-se em Roma o Conselho Internacional da Rede Mundial de Ora\u00e7\u00e3o do Papa. Este \u00f3rg\u00e3o \u00e9 composto pelos seis Coordenadores Continentais e tem como principal miss\u00e3o acompanhar a Equipa de Dire\u00e7\u00e3o Internacional. O principal trabalho dos Coordenadores Continentais \u00e9 dar apoio pastoral aos Diretores Nacionais da rede e promover [&hellip;]<\/p>\n","protected":false},"author":3,"featured_media":92830,"comment_status":"closed","ping_status":"closed","sticky":false,"template":"","format":"standard","meta":{"_acf_changed":false,"_et_pb_use_builder":"","_et_pb_old_content":"","_et_gb_content_width":"","footnotes":""},"categories":[51],"tags":[],"class_list":["post-92829","post","type-post","status-publish","format-standard","has-post-thumbnail","hentry","category-sem-categoria"],"acf":[],"yoast_head":"<!-- This site is optimized with the Yoast SEO plugin v27.4 - https:\/\/yoast.com\/product\/yoast-seo-wordpress\/ -->\n<title>Reuni\u00e3o do Conselho Internacional - Rede Mundial de Ora\u00e7\u00e3o do Papa<\/title>\n<meta name=\"robots\" content=\"index, follow, max-snippet:-1, max-image-preview:large, max-video-preview:-1\" \/>\n<link rel=\"canonical\" href=\"https:\/\/www.popesprayer.va\/pt-pt\/reuniao-do-conselho-internacional\/\" \/>\n<meta property=\"og:locale\" content=\"pt_PT\" \/>\n<meta property=\"og:type\" content=\"article\" \/>\n<meta property=\"og:title\" content=\"Reuni\u00e3o do Conselho Internacional - Rede Mundial de Ora\u00e7\u00e3o do Papa\" \/>\n<meta property=\"og:description\" content=\"De 27 a 31 de janeiro, re\u00fane-se em Roma o Conselho Internacional da Rede Mundial de Ora\u00e7\u00e3o do Papa. Este \u00f3rg\u00e3o \u00e9 composto pelos seis Coordenadores Continentais e tem como principal miss\u00e3o acompanhar a Equipa de Dire\u00e7\u00e3o Internacional. O principal trabalho dos Coordenadores Continentais \u00e9 dar apoio pastoral aos Diretores Nacionais da rede e promover [&hellip;]\" \/>\n<meta property=\"og:url\" content=\"https:\/\/www.popesprayer.va\/pt-pt\/reuniao-do-conselho-internacional\/\" \/>\n<meta property=\"og:site_name\" content=\"Rede Mundial de Ora\u00e7\u00e3o do Papa\" \/>\n<meta property=\"article:published_time\" content=\"2026-01-29T15:52:09+00:00\" \/>\n<meta property=\"article:modified_time\" content=\"2026-01-29T19:02:31+00:00\" \/>\n<meta property=\"og:image\" content=\"https:\/\/www.popesprayer.va\/wp-content\/uploads\/2026\/01\/PWPN_20260129_006.jpg\" \/>\n\t<meta property=\"og:image:width\" content=\"1800\" \/>\n\t<meta property=\"og:image:height\" content=\"1350\" \/>\n\t<meta property=\"og:image:type\" content=\"image\/jpeg\" \/>\n<meta name=\"author\" content=\"PWPN\" \/>\n<meta name=\"twitter:card\" content=\"summary_large_image\" \/>\n<meta name=\"twitter:label1\" content=\"Escrito por\" \/>\n\t<meta name=\"twitter:data1\" content=\"PWPN\" \/>\n\t<meta name=\"twitter:label2\" content=\"Tempo estimado de leitura\" \/>\n\t<meta name=\"twitter:data2\" content=\"1 minute\" \/>\n<script type=\"application\/ld+json\" class=\"yoast-schema-graph\">{\"@context\":\"https:\\\/\\\/schema.org\",\"@graph\":[{\"@type\":\"Article\",\"@id\":\"https:\\\/\\\/www.popesprayer.va\\\/pt-pt\\\/reuniao-do-conselho-internacional\\\/#article\",\"isPartOf\":{\"@id\":\"https:\\\/\\\/www.popesprayer.va\\\/pt-pt\\\/reuniao-do-conselho-internacional\\\/\"},\"author\":{\"name\":\"PWPN\",\"@id\":\"https:\\\/\\\/www.popesprayer.va\\\/pt-pt\\\/#\\\/schema\\\/person\\\/a2ed8ee1aba901ccc12646bc52342ca3\"},\"headline\":\"Reuni\u00e3o do Conselho Internacional\",\"datePublished\":\"2026-01-29T15:52:09+00:00\",\"dateModified\":\"2026-01-29T19:02:31+00:00\",\"mainEntityOfPage\":{\"@id\":\"https:\\\/\\\/www.popesprayer.va\\\/pt-pt\\\/reuniao-do-conselho-internacional\\\/\"},\"wordCount\":277,\"publisher\":{\"@id\":\"https:\\\/\\\/www.popesprayer.va\\\/pt-pt\\\/#organization\"},\"image\":{\"@id\":\"https:\\\/\\\/www.popesprayer.va\\\/pt-pt\\\/reuniao-do-conselho-internacional\\\/#primaryimage\"},\"thumbnailUrl\":\"https:\\\/\\\/www.popesprayer.va\\\/wp-content\\\/uploads\\\/2026\\\/01\\\/PWPN_20260129_006.jpg\",\"articleSection\":[\"Not\u00edcias\"],\"inLanguage\":\"pt-PT\"},{\"@type\":\"WebPage\",\"@id\":\"https:\\\/\\\/www.popesprayer.va\\\/pt-pt\\\/reuniao-do-conselho-internacional\\\/\",\"url\":\"https:\\\/\\\/www.popesprayer.va\\\/pt-pt\\\/reuniao-do-conselho-internacional\\\/\",\"name\":\"Reuni\u00e3o do Conselho Internacional - Rede Mundial de Ora\u00e7\u00e3o do Papa\",\"isPartOf\":{\"@id\":\"https:\\\/\\\/www.popesprayer.va\\\/pt-pt\\\/#website\"},\"primaryImageOfPage\":{\"@id\":\"https:\\\/\\\/www.popesprayer.va\\\/pt-pt\\\/reuniao-do-conselho-internacional\\\/#primaryimage\"},\"image\":{\"@id\":\"https:\\\/\\\/www.popesprayer.va\\\/pt-pt\\\/reuniao-do-conselho-internacional\\\/#primaryimage\"},\"thumbnailUrl\":\"https:\\\/\\\/www.popesprayer.va\\\/wp-content\\\/uploads\\\/2026\\\/01\\\/PWPN_20260129_006.jpg\",\"datePublished\":\"2026-01-29T15:52:09+00:00\",\"dateModified\":\"2026-01-29T19:02:31+00:00\",\"breadcrumb\":{\"@id\":\"https:\\\/\\\/www.popesprayer.va\\\/pt-pt\\\/reuniao-do-conselho-internacional\\\/#breadcrumb\"},\"inLanguage\":\"pt-PT\",\"potentialAction\":[{\"@type\":\"ReadAction\",\"target\":[\"https:\\\/\\\/www.popesprayer.va\\\/pt-pt\\\/reuniao-do-conselho-internacional\\\/\"]}]},{\"@type\":\"ImageObject\",\"inLanguage\":\"pt-PT\",\"@id\":\"https:\\\/\\\/www.popesprayer.va\\\/pt-pt\\\/reuniao-do-conselho-internacional\\\/#primaryimage\",\"url\":\"https:\\\/\\\/www.popesprayer.va\\\/wp-content\\\/uploads\\\/2026\\\/01\\\/PWPN_20260129_006.jpg\",\"contentUrl\":\"https:\\\/\\\/www.popesprayer.va\\\/wp-content\\\/uploads\\\/2026\\\/01\\\/PWPN_20260129_006.jpg\",\"width\":1800,\"height\":1350,\"caption\":\"PWPN_20260129_006\"},{\"@type\":\"BreadcrumbList\",\"@id\":\"https:\\\/\\\/www.popesprayer.va\\\/pt-pt\\\/reuniao-do-conselho-internacional\\\/#breadcrumb\",\"itemListElement\":[{\"@type\":\"ListItem\",\"position\":1,\"name\":\"Home\",\"item\":\"https:\\\/\\\/www.popesprayer.va\\\/pt-pt\\\/\"},{\"@type\":\"ListItem\",\"position\":2,\"name\":\"Reuni\u00e3o do Conselho Internacional\"}]},{\"@type\":\"WebSite\",\"@id\":\"https:\\\/\\\/www.popesprayer.va\\\/pt-pt\\\/#website\",\"url\":\"https:\\\/\\\/www.popesprayer.va\\\/pt-pt\\\/\",\"name\":\"Pope's Worldwide Prayer Network\",\"description\":\"Pray together, change the world\",\"publisher\":{\"@id\":\"https:\\\/\\\/www.popesprayer.va\\\/pt-pt\\\/#organization\"},\"potentialAction\":[{\"@type\":\"SearchAction\",\"target\":{\"@type\":\"EntryPoint\",\"urlTemplate\":\"https:\\\/\\\/www.popesprayer.va\\\/pt-pt\\\/?s={search_term_string}\"},\"query-input\":{\"@type\":\"PropertyValueSpecification\",\"valueRequired\":true,\"valueName\":\"search_term_string\"}}],\"inLanguage\":\"pt-PT\"},{\"@type\":\"Organization\",\"@id\":\"https:\\\/\\\/www.popesprayer.va\\\/pt-pt\\\/#organization\",\"name\":\"Rede Mundial de Ora\u00e7\u00e3o do Papa\",\"url\":\"https:\\\/\\\/www.popesprayer.va\\\/pt-pt\\\/\",\"logo\":{\"@type\":\"ImageObject\",\"inLanguage\":\"pt-PT\",\"@id\":\"https:\\\/\\\/www.popesprayer.va\\\/pt-pt\\\/#\\\/schema\\\/logo\\\/image\\\/\",\"url\":\"https:\\\/\\\/www.popesprayer.va\\\/wp-content\\\/uploads\\\/2025\\\/01\\\/Logo-Popes-Worldwide-Prayer-Network-Pontifical-Work-EN-Horizontal.png\",\"contentUrl\":\"https:\\\/\\\/www.popesprayer.va\\\/wp-content\\\/uploads\\\/2025\\\/01\\\/Logo-Popes-Worldwide-Prayer-Network-Pontifical-Work-EN-Horizontal.png\",\"width\":1328,\"height\":228,\"caption\":\"Rede Mundial de Ora\u00e7\u00e3o do Papa\"},\"image\":{\"@id\":\"https:\\\/\\\/www.popesprayer.va\\\/pt-pt\\\/#\\\/schema\\\/logo\\\/image\\\/\"}},{\"@type\":\"Person\",\"@id\":\"https:\\\/\\\/www.popesprayer.va\\\/pt-pt\\\/#\\\/schema\\\/person\\\/a2ed8ee1aba901ccc12646bc52342ca3\",\"name\":\"PWPN\",\"image\":{\"@type\":\"ImageObject\",\"inLanguage\":\"pt-PT\",\"@id\":\"https:\\\/\\\/secure.gravatar.com\\\/avatar\\\/3e051956528dbc073554fef8e508c205726bf31f33ed5595a661c767110dadf3?s=96&d=mm&r=g\",\"url\":\"https:\\\/\\\/secure.gravatar.com\\\/avatar\\\/3e051956528dbc073554fef8e508c205726bf31f33ed5595a661c767110dadf3?s=96&d=mm&r=g\",\"contentUrl\":\"https:\\\/\\\/secure.gravatar.com\\\/avatar\\\/3e051956528dbc073554fef8e508c205726bf31f33ed5595a661c767110dadf3?s=96&d=mm&r=g\",\"caption\":\"PWPN\"},\"url\":\"https:\\\/\\\/www.popesprayer.va\\\/pt-pt\\\/author\\\/juanignacio\\\/\"}]}<\/script>\n<!-- \/ Yoast SEO plugin. -->","yoast_head_json":{"title":"Reuni\u00e3o do Conselho Internacional - Rede Mundial de Ora\u00e7\u00e3o do Papa","robots":{"index":"index","follow":"follow","max-snippet":"max-snippet:-1","max-image-preview":"max-image-preview:large","max-video-preview":"max-video-preview:-1"},"canonical":"https:\/\/www.popesprayer.va\/pt-pt\/reuniao-do-conselho-internacional\/","og_locale":"pt_PT","og_type":"article","og_title":"Reuni\u00e3o do Conselho Internacional - Rede Mundial de Ora\u00e7\u00e3o do Papa","og_description":"De 27 a 31 de janeiro, re\u00fane-se em Roma o Conselho Internacional da Rede Mundial de Ora\u00e7\u00e3o do Papa. Este \u00f3rg\u00e3o \u00e9 composto pelos seis Coordenadores Continentais e tem como principal miss\u00e3o acompanhar a Equipa de Dire\u00e7\u00e3o Internacional. O principal trabalho dos Coordenadores Continentais \u00e9 dar apoio pastoral aos Diretores Nacionais da rede e promover [&hellip;]","og_url":"https:\/\/www.popesprayer.va\/pt-pt\/reuniao-do-conselho-internacional\/","og_site_name":"Rede Mundial de Ora\u00e7\u00e3o do Papa","article_published_time":"2026-01-29T15:52:09+00:00","article_modified_time":"2026-01-29T19:02:31+00:00","og_image":[{"width":1800,"height":1350,"url":"https:\/\/www.popesprayer.va\/wp-content\/uploads\/2026\/01\/PWPN_20260129_006.jpg","type":"image\/jpeg"}],"author":"PWPN","twitter_card":"summary_large_image","twitter_misc":{"Escrito por":"PWPN","Tempo estimado de leitura":"1 minute"},"schema":{"@context":"https:\/\/schema.org","@graph":[{"@type":"Article","@id":"https:\/\/www.popesprayer.va\/pt-pt\/reuniao-do-conselho-internacional\/#article","isPartOf":{"@id":"https:\/\/www.popesprayer.va\/pt-pt\/reuniao-do-conselho-internacional\/"},"author":{"name":"PWPN","@id":"https:\/\/www.popesprayer.va\/pt-pt\/#\/schema\/person\/a2ed8ee1aba901ccc12646bc52342ca3"},"headline":"Reuni\u00e3o do Conselho Internacional","datePublished":"2026-01-29T15:52:09+00:00","dateModified":"2026-01-29T19:02:31+00:00","mainEntityOfPage":{"@id":"https:\/\/www.popesprayer.va\/pt-pt\/reuniao-do-conselho-internacional\/"},"wordCount":277,"publisher":{"@id":"https:\/\/www.popesprayer.va\/pt-pt\/#organization"},"image":{"@id":"https:\/\/www.popesprayer.va\/pt-pt\/reuniao-do-conselho-internacional\/#primaryimage"},"thumbnailUrl":"https:\/\/www.popesprayer.va\/wp-content\/uploads\/2026\/01\/PWPN_20260129_006.jpg","articleSection":["Not\u00edcias"],"inLanguage":"pt-PT"},{"@type":"WebPage","@id":"https:\/\/www.popesprayer.va\/pt-pt\/reuniao-do-conselho-internacional\/","url":"https:\/\/www.popesprayer.va\/pt-pt\/reuniao-do-conselho-internacional\/","name":"Reuni\u00e3o do Conselho Internacional - Rede Mundial de Ora\u00e7\u00e3o do Papa","isPartOf":{"@id":"https:\/\/www.popesprayer.va\/pt-pt\/#website"},"primaryImageOfPage":{"@id":"https:\/\/www.popesprayer.va\/pt-pt\/reuniao-do-conselho-internacional\/#primaryimage"},"image":{"@id":"https:\/\/www.popesprayer.va\/pt-pt\/reuniao-do-conselho-internacional\/#primaryimage"},"thumbnailUrl":"https:\/\/www.popesprayer.va\/wp-content\/uploads\/2026\/01\/PWPN_20260129_006.jpg","datePublished":"2026-01-29T15:52:09+00:00","dateModified":"2026-01-29T19:02:31+00:00","breadcrumb":{"@id":"https:\/\/www.popesprayer.va\/pt-pt\/reuniao-do-conselho-internacional\/#breadcrumb"},"inLanguage":"pt-PT","potentialAction":[{"@type":"ReadAction","target":["https:\/\/www.popesprayer.va\/pt-pt\/reuniao-do-conselho-internacional\/"]}]},{"@type":"ImageObject","inLanguage":"pt-PT","@id":"https:\/\/www.popesprayer.va\/pt-pt\/reuniao-do-conselho-internacional\/#primaryimage","url":"https:\/\/www.popesprayer.va\/wp-content\/uploads\/2026\/01\/PWPN_20260129_006.jpg","contentUrl":"https:\/\/www.popesprayer.va\/wp-content\/uploads\/2026\/01\/PWPN_20260129_006.jpg","width":1800,"height":1350,"caption":"PWPN_20260129_006"},{"@type":"BreadcrumbList","@id":"https:\/\/www.popesprayer.va\/pt-pt\/reuniao-do-conselho-internacional\/#breadcrumb","itemListElement":[{"@type":"ListItem","position":1,"name":"Home","item":"https:\/\/www.popesprayer.va\/pt-pt\/"},{"@type":"ListItem","position":2,"name":"Reuni\u00e3o do Conselho Internacional"}]},{"@type":"WebSite","@id":"https:\/\/www.popesprayer.va\/pt-pt\/#website","url":"https:\/\/www.popesprayer.va\/pt-pt\/","name":"Pope's Worldwide Prayer Network","description":"Pray together, change the world","publisher":{"@id":"https:\/\/www.popesprayer.va\/pt-pt\/#organization"},"potentialAction":[{"@type":"SearchAction","target":{"@type":"EntryPoint","urlTemplate":"https:\/\/www.popesprayer.va\/pt-pt\/?s={search_term_string}"},"query-input":{"@type":"PropertyValueSpecification","valueRequired":true,"valueName":"search_term_string"}}],"inLanguage":"pt-PT"},{"@type":"Organization","@id":"https:\/\/www.popesprayer.va\/pt-pt\/#organization","name":"Rede Mundial de Ora\u00e7\u00e3o do Papa","url":"https:\/\/www.popesprayer.va\/pt-pt\/","logo":{"@type":"ImageObject","inLanguage":"pt-PT","@id":"https:\/\/www.popesprayer.va\/pt-pt\/#\/schema\/logo\/image\/","url":"https:\/\/www.popesprayer.va\/wp-content\/uploads\/2025\/01\/Logo-Popes-Worldwide-Prayer-Network-Pontifical-Work-EN-Horizontal.png","contentUrl":"https:\/\/www.popesprayer.va\/wp-content\/uploads\/2025\/01\/Logo-Popes-Worldwide-Prayer-Network-Pontifical-Work-EN-Horizontal.png","width":1328,"height":228,"caption":"Rede Mundial de Ora\u00e7\u00e3o do Papa"},"image":{"@id":"https:\/\/www.popesprayer.va\/pt-pt\/#\/schema\/logo\/image\/"}},{"@type":"Person","@id":"https:\/\/www.popesprayer.va\/pt-pt\/#\/schema\/person\/a2ed8ee1aba901ccc12646bc52342ca3","name":"PWPN","image":{"@type":"ImageObject","inLanguage":"pt-PT","@id":"https:\/\/secure.gravatar.com\/avatar\/3e051956528dbc073554fef8e508c205726bf31f33ed5595a661c767110dadf3?s=96&d=mm&r=g","url":"https:\/\/secure.gravatar.com\/avatar\/3e051956528dbc073554fef8e508c205726bf31f33ed5595a661c767110dadf3?s=96&d=mm&r=g","contentUrl":"https:\/\/secure.gravatar.com\/avatar\/3e051956528dbc073554fef8e508c205726bf31f33ed5595a661c767110dadf3?s=96&d=mm&r=g","caption":"PWPN"},"url":"https:\/\/www.popesprayer.va\/pt-pt\/author\/juanignacio\/"}]}},"_links":{"self":[{"href":"https:\/\/www.popesprayer.va\/pt-pt\/wp-json\/wp\/v2\/posts\/92829","targetHints":{"allow":["GET"]}}],"collection":[{"href":"https:\/\/www.popesprayer.va\/pt-pt\/wp-json\/wp\/v2\/posts"}],"about":[{"href":"https:\/\/www.popesprayer.va\/pt-pt\/wp-json\/wp\/v2\/types\/post"}],"author":[{"embeddable":true,"href":"https:\/\/www.popesprayer.va\/pt-pt\/wp-json\/wp\/v2\/users\/3"}],"replies":[{"embeddable":true,"href":"https:\/\/www.popesprayer.va\/pt-pt\/wp-json\/wp\/v2\/comments?post=92829"}],"version-history":[{"count":1,"href":"https:\/\/www.popesprayer.va\/pt-pt\/wp-json\/wp\/v2\/posts\/92829\/revisions"}],"predecessor-version":[{"id":92837,"href":"https:\/\/www.popesprayer.va\/pt-pt\/wp-json\/wp\/v2\/posts\/92829\/revisions\/92837"}],"wp:featuredmedia":[{"embeddable":true,"href":"https:\/\/www.popesprayer.va\/pt-pt\/wp-json\/wp\/v2\/media\/92830"}],"wp:attachment":[{"href":"https:\/\/www.popesprayer.va\/pt-pt\/wp-json\/wp\/v2\/media?parent=92829"}],"wp:term":[{"taxonomy":"category","embeddable":true,"href":"https:\/\/www.popesprayer.va\/pt-pt\/wp-json\/wp\/v2\/categories?post=92829"},{"taxonomy":"post_tag","embeddable":true,"href":"https:\/\/www.popesprayer.va\/pt-pt\/wp-json\/wp\/v2\/tags?post=92829"}],"curies":[{"name":"wp","href":"https:\/\/api.w.org\/{rel}","templated":true}]}}