{"id":92851,"date":"2026-01-30T11:30:28","date_gmt":"2026-01-30T10:30:28","guid":{"rendered":"https:\/\/www.popesprayer.va\/saudacao-do-papa-leao-xiv-a-sua-rede-mundial-de-oracao\/"},"modified":"2026-01-31T11:30:12","modified_gmt":"2026-01-31T10:30:12","slug":"saudacao-do-papa-leao-xiv-a-sua-rede-mundial-de-oracao","status":"publish","type":"post","link":"https:\/\/www.popesprayer.va\/pt-pt\/saudacao-do-papa-leao-xiv-a-sua-rede-mundial-de-oracao\/","title":{"rendered":"Audi\u00eancia com o Santo Padre Le\u00e3o XIV"},"content":{"rendered":"<div class=\"testo\">\n<div class=\"text parbase vaticanrichtext\">\n<p><span style=\"font-weight: 400;\">Na sexta-feira, 30 de janeiro de 2026, o Papa Le\u00e3o XIV recebeu em audi\u00eancia no Vaticano os membros da Rede Mundial de Ora\u00e7\u00e3o do Papa.<\/span><\/p>\n<p><span style=\"font-weight: 400;\">Este encontro representou um momento de encontro profundo entre o Santo Padre e toda a sua Rede Mundial de Ora\u00e7\u00e3o. Nas suas palavras de boas-vindas, Le\u00e3o XIV saudou cordialmente a equipa de dire\u00e7\u00e3o internacional, bem como os coordenadores continentais e membros do secretariado internacional. O Papa fez uma men\u00e7\u00e3o especial de gratid\u00e3o aos Embaixadores da Funda\u00e7\u00e3o, destacando a sua generosidade no sustento da miss\u00e3o.  <\/span><\/p>\n<p><span style=\"font-weight: 400;\">Nas suas palavras, o Papa destacou o itiner\u00e1rio formativo da Rede de Ora\u00e7\u00e3o, como um guia essencial para viver esta espiritualidade na vida quotidiana:<\/span><\/p>\n<blockquote><p><span style=\"font-weight: 400;\">\u201cO Caminho do Cora\u00e7\u00e3o \u00e9 um guia \u00fatil sobre como viver esta espiritualidade na vida quotidiana. Espero que, atrav\u00e9s do vosso apostolado, continuem a ajudar os batizados a compreender que s\u00e3o amigos e ap\u00f3stolos de Cristo.\u201d<\/span><\/p><\/blockquote>\n<p><span style=\"font-weight: 400;\">De igual modo, o Santo Padre sublinhou a import\u00e2ncia de envolver os jovens, que procuram uma rela\u00e7\u00e3o mais pessoal com Jesus, atrav\u00e9s do Movimento Eucar\u00edstico Juvenil:<\/span><\/p>\n<blockquote><p><span style=\"font-weight: 400;\">\"\u00c9 especialmente importante convidar os jovens a participar, para que formem a pr\u00f3xima gera\u00e7\u00e3o de intercessores pelas necessidades de todo o mundo.\"<\/span><\/p><\/blockquote>\n<p><span style=\"font-weight: 400;\">B\u00ean\u00e7\u00e3o para toda a Rede Mundial de Ora\u00e7\u00e3o do Papa<\/span><\/p>\n<blockquote><p><span style=\"font-weight: 400;\">\u201cAgrade\u00e7o-vos calorosamente os vossos esfor\u00e7os para promover a ora\u00e7\u00e3o em todo o mundo pelas inten\u00e7\u00f5es do Papa e encorajo-vos a continuar por este caminho com esp\u00edrito alegre. De bom grado vos concedo a minha B\u00ean\u00e7\u00e3o Apost\u00f3lica, que estendo aos vossos entes queridos e a todos os membros da Rede.\u201d<\/span><\/p><\/blockquote>\n<\/div>\n<p><iframe loading=\"lazy\" title=\"Audience with the Holy Father Leo XIV - January 2026\" width=\"1080\" height=\"608\" src=\"https:\/\/www.youtube.com\/embed\/BrkWd4rOSNI?feature=oembed\"  allow=\"accelerometer; autoplay; clipboard-write; encrypted-media; gyroscope; picture-in-picture; web-share\" referrerpolicy=\"strict-origin-when-cross-origin\" allowfullscreen><\/iframe><\/p>\n<div class=\"text parbase vaticanrichtext\">\n<p>&nbsp;<\/p>\n<p>-<\/p>\n<p><b><i>DISCURSO DO PAPA LE\u00c3O XIV AOS MEMBROS DA <a href=\"https:\/\/www.popesprayer.va\/\">REDE MUNDIAL DE ORA\u00c7\u00c3O DO PAPA<\/a><\/i><\/b><\/p>\n<p>Em nome do Pai, do Filho e do Esp\u00edrito Santo.<\/p>\n<p>A paz esteja convosco!<\/p>\n<p>Bom dia e bem-vindos a todos. Estou feliz por me encontrar convosco e agrade\u00e7o o vosso servi\u00e7o ao povo de Deus. <\/p>\n<p>Sa\u00fado cordialmente o Diretor Internacional da <a href=\"https:\/\/www.popesprayer.va\/\">Funda\u00e7\u00e3o Rede Mundial de Ora\u00e7\u00e3o do Papa<\/a>, Padre Crist\u00f3bal Fones, bem como a Sr.\u00aa Bettina Raed e o Padre Miguel Melo, Vice-Diretores. Dou tamb\u00e9m as boas-vindas a todos v\u00f3s que sois membros do Gabinete Internacional, Coordenadores Continentais, ao Conselho de Administra\u00e7\u00e3o, parceiros permanentes e, de maneira especial, aos Embaixadores da Funda\u00e7\u00e3o que apoiam a estabilidade e a vitalidade desta miss\u00e3o com a sua generosidade. <\/p>\n<p>Como sabeis, todos os meses, ap\u00f3s um cuidadoso discernimento, os meus predecessores e eu partilh\u00e1mos convosco v\u00e1rias inten\u00e7\u00f5es que dizem respeito aos desafios que a humanidade enfrenta, bem como \u00e0 vida e \u00e0 miss\u00e3o da Igreja. Estou grato pelos vossos esfor\u00e7os para as divulgar \u00e0s dezenas de milh\u00f5es de pessoas desta rede mundial que, todos os dias, apresentam estas necessidades a Deus. Esta ora\u00e7\u00e3o n\u00e3o \u00e9 alheia \u00e0 obra evang\u00e9lica do Corpo de Cristo, mas uma parte integrante dela.  <\/p>\n<p>A espiritualidade do vosso apostolado de ora\u00e7\u00e3o est\u00e1 enraizada no Cora\u00e7\u00e3o de Jesus, o que vos permite conhecer mais intimamente o nosso Senhor e ser mais compassivos e emp\u00e1ticos ao oferecerdes apoio em ora\u00e7\u00e3o a quantos est\u00e3o em necessidade. A este respeito, o vosso itiner\u00e1rio de forma\u00e7\u00e3o, <i><a href=\"https:\/\/www.popesprayer.va\/?page_id=412\">O Caminho do Cora\u00e7\u00e3o<\/a><\/i>, \u00e9 um guia \u00fatil para viver esta espiritualidade na vida di\u00e1ria. \u00c9 minha esperan\u00e7a que, atrav\u00e9s do vosso apostolado, continueis a ajudar os batizados a compreender que s\u00e3o amigos e ap\u00f3stolos de Cristo.  <\/p>\n<p>Da mesma forma, encorajo-vos a promover uma participa\u00e7\u00e3o ainda maior nesta <a href=\"https:\/\/www.popesprayer.va\/\">Rede<\/a>, que une diversas culturas, l\u00ednguas e carismas na miss\u00e3o comum. \u00c9 especialmente importante convidar os jovens a participar, para que possam formar a pr\u00f3xima gera\u00e7\u00e3o de intercessores pelas necessidades do mundo inteiro. Uma vez que muitos deles procuram uma rela\u00e7\u00e3o mais profunda e pessoal com Jesus Ressuscitado, o vosso Movimento Eucar\u00edstico Juvenil pode ser um caminho particularmente frutuoso para os ajudar a crescer numa intimidade mais profunda com nosso Senhor.  <\/p>\n<p>Queridos irm\u00e3os e irm\u00e3s, agrade\u00e7o calorosamente os vossos esfor\u00e7os para promover a ora\u00e7\u00e3o em todo o mundo pelas inten\u00e7\u00f5es do Papa e encorajo-vos a continuar neste caminho com um esp\u00edrito alegre. De bom grado, concedo a minha B\u00ean\u00e7\u00e3o Apost\u00f3lica, que estendo aos vossos entes queridos e a todos os membros da <a href=\"https:\/\/www.popesprayer.va\/\">Rede<\/a>. <\/p>\n<p>Obrigado<\/p>\n<p>Oremos juntos como o Senhor nos ensinou,<\/p>\n<p>Pai Nosso&#8230;<\/p>\n<p>Tende um dia maravilhoso. Mais uma vez, obrigado pelo vosso servi\u00e7o e pelo vosso empenho neste importante minist\u00e9rio. Obrigado.  <\/p>\n<p>&nbsp;<\/p>\n<p><img loading=\"lazy\" decoding=\"async\" class=\"aligncenter wp-image-92843 size-full\" src=\"https:\/\/www.popesprayer.va\/wp-content\/uploads\/2026\/01\/audienciapapa5.jpeg\" alt=\"audienciapapa5\" width=\"1280\" height=\"844\"><\/p>\n<p><img loading=\"lazy\" decoding=\"async\" class=\"aligncenter wp-image-92842 size-full\" src=\"https:\/\/www.popesprayer.va\/wp-content\/uploads\/2026\/01\/audienciapapa3.jpeg\" alt=\"audienciapapa3\" width=\"1280\" height=\"844\"><\/p>\n<p>-<\/p>\n<div class=\"clearfix\"><a href=\"https:\/\/photo.vaticanmedia.va\/en\/\" target=\"_blank\" rel=\"noopener\">Fotografias: Vatican Media<\/a><\/div>\n<\/div>\n<\/div>\n<div class=\"content parsys\"><a href=\"https:\/\/www.vatican.va\/content\/leo-xiv\/en\/speeches\/2026\/january\/documents\/20260130-rete-preghiera.html\" target=\"_blank\" rel=\"noopener\">Copyright \u00a9 Dicastery for Communication - Libreria Editrice Vaticana<\/a><\/div>\n","protected":false},"excerpt":{"rendered":"<p>Na sexta-feira, 30 de janeiro de 2026, o Papa Le\u00e3o XIV recebeu em audi\u00eancia no Vaticano os membros da Rede Mundial de Ora\u00e7\u00e3o do Papa. Este encontro representou um momento de encontro profundo entre o Santo Padre e toda a sua Rede Mundial de Ora\u00e7\u00e3o. Nas suas palavras de boas-vindas, Le\u00e3o XIV saudou cordialmente a [&hellip;]<\/p>\n","protected":false},"author":3,"featured_media":92852,"comment_status":"closed","ping_status":"closed","sticky":false,"template":"","format":"standard","meta":{"_acf_changed":false,"_et_pb_use_builder":"","_et_pb_old_content":"","_et_gb_content_width":"","footnotes":""},"categories":[51],"tags":[],"class_list":["post-92851","post","type-post","status-publish","format-standard","has-post-thumbnail","hentry","category-sem-categoria"],"acf":[],"yoast_head":"<!-- This site is optimized with the Yoast SEO plugin v27.4 - https:\/\/yoast.com\/product\/yoast-seo-wordpress\/ -->\n<title>Audi\u00eancia com o Santo Padre Le\u00e3o XIV - Rede Mundial de Ora\u00e7\u00e3o do Papa<\/title>\n<meta name=\"robots\" content=\"index, follow, max-snippet:-1, max-image-preview:large, max-video-preview:-1\" \/>\n<link rel=\"canonical\" href=\"https:\/\/www.popesprayer.va\/pt-pt\/saudacao-do-papa-leao-xiv-a-sua-rede-mundial-de-oracao\/\" \/>\n<meta property=\"og:locale\" content=\"pt_PT\" \/>\n<meta property=\"og:type\" content=\"article\" \/>\n<meta property=\"og:title\" content=\"Audi\u00eancia com o Santo Padre Le\u00e3o XIV - Rede Mundial de Ora\u00e7\u00e3o do Papa\" \/>\n<meta property=\"og:description\" content=\"Na sexta-feira, 30 de janeiro de 2026, o Papa Le\u00e3o XIV recebeu em audi\u00eancia no Vaticano os membros da Rede Mundial de Ora\u00e7\u00e3o do Papa. Este encontro representou um momento de encontro profundo entre o Santo Padre e toda a sua Rede Mundial de Ora\u00e7\u00e3o. Nas suas palavras de boas-vindas, Le\u00e3o XIV saudou cordialmente a [&hellip;]\" \/>\n<meta property=\"og:url\" content=\"https:\/\/www.popesprayer.va\/pt-pt\/saudacao-do-papa-leao-xiv-a-sua-rede-mundial-de-oracao\/\" \/>\n<meta property=\"og:site_name\" content=\"Rede Mundial de Ora\u00e7\u00e3o do Papa\" \/>\n<meta property=\"article:published_time\" content=\"2026-01-30T10:30:28+00:00\" \/>\n<meta property=\"article:modified_time\" content=\"2026-01-31T10:30:12+00:00\" \/>\n<meta property=\"og:image\" content=\"https:\/\/www.popesprayer.va\/wp-content\/uploads\/2026\/01\/audienciapapa4.jpeg\" \/>\n\t<meta property=\"og:image:width\" content=\"1280\" \/>\n\t<meta property=\"og:image:height\" content=\"844\" \/>\n\t<meta property=\"og:image:type\" content=\"image\/jpeg\" \/>\n<meta name=\"author\" content=\"PWPN\" \/>\n<meta name=\"twitter:card\" content=\"summary_large_image\" \/>\n<meta name=\"twitter:label1\" content=\"Escrito por\" \/>\n\t<meta name=\"twitter:data1\" content=\"PWPN\" \/>\n\t<meta name=\"twitter:label2\" content=\"Tempo estimado de leitura\" \/>\n\t<meta name=\"twitter:data2\" content=\"3 minutos\" \/>\n<script type=\"application\/ld+json\" class=\"yoast-schema-graph\">{\"@context\":\"https:\\\/\\\/schema.org\",\"@graph\":[{\"@type\":\"Article\",\"@id\":\"https:\\\/\\\/www.popesprayer.va\\\/pt-pt\\\/saudacao-do-papa-leao-xiv-a-sua-rede-mundial-de-oracao\\\/#article\",\"isPartOf\":{\"@id\":\"https:\\\/\\\/www.popesprayer.va\\\/pt-pt\\\/saudacao-do-papa-leao-xiv-a-sua-rede-mundial-de-oracao\\\/\"},\"author\":{\"name\":\"PWPN\",\"@id\":\"https:\\\/\\\/www.popesprayer.va\\\/pt-pt\\\/#\\\/schema\\\/person\\\/a2ed8ee1aba901ccc12646bc52342ca3\"},\"headline\":\"Audi\u00eancia com o Santo Padre Le\u00e3o XIV\",\"datePublished\":\"2026-01-30T10:30:28+00:00\",\"dateModified\":\"2026-01-31T10:30:12+00:00\",\"mainEntityOfPage\":{\"@id\":\"https:\\\/\\\/www.popesprayer.va\\\/pt-pt\\\/saudacao-do-papa-leao-xiv-a-sua-rede-mundial-de-oracao\\\/\"},\"wordCount\":813,\"publisher\":{\"@id\":\"https:\\\/\\\/www.popesprayer.va\\\/pt-pt\\\/#organization\"},\"image\":{\"@id\":\"https:\\\/\\\/www.popesprayer.va\\\/pt-pt\\\/saudacao-do-papa-leao-xiv-a-sua-rede-mundial-de-oracao\\\/#primaryimage\"},\"thumbnailUrl\":\"https:\\\/\\\/www.popesprayer.va\\\/wp-content\\\/uploads\\\/2026\\\/01\\\/audienciapapa4.jpeg\",\"articleSection\":[\"Not\u00edcias\"],\"inLanguage\":\"pt-PT\"},{\"@type\":\"WebPage\",\"@id\":\"https:\\\/\\\/www.popesprayer.va\\\/pt-pt\\\/saudacao-do-papa-leao-xiv-a-sua-rede-mundial-de-oracao\\\/\",\"url\":\"https:\\\/\\\/www.popesprayer.va\\\/pt-pt\\\/saudacao-do-papa-leao-xiv-a-sua-rede-mundial-de-oracao\\\/\",\"name\":\"Audi\u00eancia com o Santo Padre Le\u00e3o XIV - Rede Mundial de Ora\u00e7\u00e3o do Papa\",\"isPartOf\":{\"@id\":\"https:\\\/\\\/www.popesprayer.va\\\/pt-pt\\\/#website\"},\"primaryImageOfPage\":{\"@id\":\"https:\\\/\\\/www.popesprayer.va\\\/pt-pt\\\/saudacao-do-papa-leao-xiv-a-sua-rede-mundial-de-oracao\\\/#primaryimage\"},\"image\":{\"@id\":\"https:\\\/\\\/www.popesprayer.va\\\/pt-pt\\\/saudacao-do-papa-leao-xiv-a-sua-rede-mundial-de-oracao\\\/#primaryimage\"},\"thumbnailUrl\":\"https:\\\/\\\/www.popesprayer.va\\\/wp-content\\\/uploads\\\/2026\\\/01\\\/audienciapapa4.jpeg\",\"datePublished\":\"2026-01-30T10:30:28+00:00\",\"dateModified\":\"2026-01-31T10:30:12+00:00\",\"breadcrumb\":{\"@id\":\"https:\\\/\\\/www.popesprayer.va\\\/pt-pt\\\/saudacao-do-papa-leao-xiv-a-sua-rede-mundial-de-oracao\\\/#breadcrumb\"},\"inLanguage\":\"pt-PT\",\"potentialAction\":[{\"@type\":\"ReadAction\",\"target\":[\"https:\\\/\\\/www.popesprayer.va\\\/pt-pt\\\/saudacao-do-papa-leao-xiv-a-sua-rede-mundial-de-oracao\\\/\"]}]},{\"@type\":\"ImageObject\",\"inLanguage\":\"pt-PT\",\"@id\":\"https:\\\/\\\/www.popesprayer.va\\\/pt-pt\\\/saudacao-do-papa-leao-xiv-a-sua-rede-mundial-de-oracao\\\/#primaryimage\",\"url\":\"https:\\\/\\\/www.popesprayer.va\\\/wp-content\\\/uploads\\\/2026\\\/01\\\/audienciapapa4.jpeg\",\"contentUrl\":\"https:\\\/\\\/www.popesprayer.va\\\/wp-content\\\/uploads\\\/2026\\\/01\\\/audienciapapa4.jpeg\",\"width\":1280,\"height\":844,\"caption\":\"audienciapapa4\"},{\"@type\":\"BreadcrumbList\",\"@id\":\"https:\\\/\\\/www.popesprayer.va\\\/pt-pt\\\/saudacao-do-papa-leao-xiv-a-sua-rede-mundial-de-oracao\\\/#breadcrumb\",\"itemListElement\":[{\"@type\":\"ListItem\",\"position\":1,\"name\":\"Home\",\"item\":\"https:\\\/\\\/www.popesprayer.va\\\/pt-pt\\\/\"},{\"@type\":\"ListItem\",\"position\":2,\"name\":\"Audi\u00eancia com o Santo Padre Le\u00e3o XIV\"}]},{\"@type\":\"WebSite\",\"@id\":\"https:\\\/\\\/www.popesprayer.va\\\/pt-pt\\\/#website\",\"url\":\"https:\\\/\\\/www.popesprayer.va\\\/pt-pt\\\/\",\"name\":\"Pope's Worldwide Prayer Network\",\"description\":\"Pray together, change the world\",\"publisher\":{\"@id\":\"https:\\\/\\\/www.popesprayer.va\\\/pt-pt\\\/#organization\"},\"potentialAction\":[{\"@type\":\"SearchAction\",\"target\":{\"@type\":\"EntryPoint\",\"urlTemplate\":\"https:\\\/\\\/www.popesprayer.va\\\/pt-pt\\\/?s={search_term_string}\"},\"query-input\":{\"@type\":\"PropertyValueSpecification\",\"valueRequired\":true,\"valueName\":\"search_term_string\"}}],\"inLanguage\":\"pt-PT\"},{\"@type\":\"Organization\",\"@id\":\"https:\\\/\\\/www.popesprayer.va\\\/pt-pt\\\/#organization\",\"name\":\"Rede Mundial de Ora\u00e7\u00e3o do Papa\",\"url\":\"https:\\\/\\\/www.popesprayer.va\\\/pt-pt\\\/\",\"logo\":{\"@type\":\"ImageObject\",\"inLanguage\":\"pt-PT\",\"@id\":\"https:\\\/\\\/www.popesprayer.va\\\/pt-pt\\\/#\\\/schema\\\/logo\\\/image\\\/\",\"url\":\"https:\\\/\\\/www.popesprayer.va\\\/wp-content\\\/uploads\\\/2025\\\/01\\\/Logo-Popes-Worldwide-Prayer-Network-Pontifical-Work-EN-Horizontal.png\",\"contentUrl\":\"https:\\\/\\\/www.popesprayer.va\\\/wp-content\\\/uploads\\\/2025\\\/01\\\/Logo-Popes-Worldwide-Prayer-Network-Pontifical-Work-EN-Horizontal.png\",\"width\":1328,\"height\":228,\"caption\":\"Rede Mundial de Ora\u00e7\u00e3o do Papa\"},\"image\":{\"@id\":\"https:\\\/\\\/www.popesprayer.va\\\/pt-pt\\\/#\\\/schema\\\/logo\\\/image\\\/\"}},{\"@type\":\"Person\",\"@id\":\"https:\\\/\\\/www.popesprayer.va\\\/pt-pt\\\/#\\\/schema\\\/person\\\/a2ed8ee1aba901ccc12646bc52342ca3\",\"name\":\"PWPN\",\"image\":{\"@type\":\"ImageObject\",\"inLanguage\":\"pt-PT\",\"@id\":\"https:\\\/\\\/secure.gravatar.com\\\/avatar\\\/3e051956528dbc073554fef8e508c205726bf31f33ed5595a661c767110dadf3?s=96&d=mm&r=g\",\"url\":\"https:\\\/\\\/secure.gravatar.com\\\/avatar\\\/3e051956528dbc073554fef8e508c205726bf31f33ed5595a661c767110dadf3?s=96&d=mm&r=g\",\"contentUrl\":\"https:\\\/\\\/secure.gravatar.com\\\/avatar\\\/3e051956528dbc073554fef8e508c205726bf31f33ed5595a661c767110dadf3?s=96&d=mm&r=g\",\"caption\":\"PWPN\"},\"url\":\"https:\\\/\\\/www.popesprayer.va\\\/pt-pt\\\/author\\\/juanignacio\\\/\"}]}<\/script>\n<!-- \/ Yoast SEO plugin. -->","yoast_head_json":{"title":"Audi\u00eancia com o Santo Padre Le\u00e3o XIV - Rede Mundial de Ora\u00e7\u00e3o do Papa","robots":{"index":"index","follow":"follow","max-snippet":"max-snippet:-1","max-image-preview":"max-image-preview:large","max-video-preview":"max-video-preview:-1"},"canonical":"https:\/\/www.popesprayer.va\/pt-pt\/saudacao-do-papa-leao-xiv-a-sua-rede-mundial-de-oracao\/","og_locale":"pt_PT","og_type":"article","og_title":"Audi\u00eancia com o Santo Padre Le\u00e3o XIV - Rede Mundial de Ora\u00e7\u00e3o do Papa","og_description":"Na sexta-feira, 30 de janeiro de 2026, o Papa Le\u00e3o XIV recebeu em audi\u00eancia no Vaticano os membros da Rede Mundial de Ora\u00e7\u00e3o do Papa. Este encontro representou um momento de encontro profundo entre o Santo Padre e toda a sua Rede Mundial de Ora\u00e7\u00e3o. Nas suas palavras de boas-vindas, Le\u00e3o XIV saudou cordialmente a [&hellip;]","og_url":"https:\/\/www.popesprayer.va\/pt-pt\/saudacao-do-papa-leao-xiv-a-sua-rede-mundial-de-oracao\/","og_site_name":"Rede Mundial de Ora\u00e7\u00e3o do Papa","article_published_time":"2026-01-30T10:30:28+00:00","article_modified_time":"2026-01-31T10:30:12+00:00","og_image":[{"width":1280,"height":844,"url":"https:\/\/www.popesprayer.va\/wp-content\/uploads\/2026\/01\/audienciapapa4.jpeg","type":"image\/jpeg"}],"author":"PWPN","twitter_card":"summary_large_image","twitter_misc":{"Escrito por":"PWPN","Tempo estimado de leitura":"3 minutos"},"schema":{"@context":"https:\/\/schema.org","@graph":[{"@type":"Article","@id":"https:\/\/www.popesprayer.va\/pt-pt\/saudacao-do-papa-leao-xiv-a-sua-rede-mundial-de-oracao\/#article","isPartOf":{"@id":"https:\/\/www.popesprayer.va\/pt-pt\/saudacao-do-papa-leao-xiv-a-sua-rede-mundial-de-oracao\/"},"author":{"name":"PWPN","@id":"https:\/\/www.popesprayer.va\/pt-pt\/#\/schema\/person\/a2ed8ee1aba901ccc12646bc52342ca3"},"headline":"Audi\u00eancia com o Santo Padre Le\u00e3o XIV","datePublished":"2026-01-30T10:30:28+00:00","dateModified":"2026-01-31T10:30:12+00:00","mainEntityOfPage":{"@id":"https:\/\/www.popesprayer.va\/pt-pt\/saudacao-do-papa-leao-xiv-a-sua-rede-mundial-de-oracao\/"},"wordCount":813,"publisher":{"@id":"https:\/\/www.popesprayer.va\/pt-pt\/#organization"},"image":{"@id":"https:\/\/www.popesprayer.va\/pt-pt\/saudacao-do-papa-leao-xiv-a-sua-rede-mundial-de-oracao\/#primaryimage"},"thumbnailUrl":"https:\/\/www.popesprayer.va\/wp-content\/uploads\/2026\/01\/audienciapapa4.jpeg","articleSection":["Not\u00edcias"],"inLanguage":"pt-PT"},{"@type":"WebPage","@id":"https:\/\/www.popesprayer.va\/pt-pt\/saudacao-do-papa-leao-xiv-a-sua-rede-mundial-de-oracao\/","url":"https:\/\/www.popesprayer.va\/pt-pt\/saudacao-do-papa-leao-xiv-a-sua-rede-mundial-de-oracao\/","name":"Audi\u00eancia com o Santo Padre Le\u00e3o XIV - Rede Mundial de Ora\u00e7\u00e3o do Papa","isPartOf":{"@id":"https:\/\/www.popesprayer.va\/pt-pt\/#website"},"primaryImageOfPage":{"@id":"https:\/\/www.popesprayer.va\/pt-pt\/saudacao-do-papa-leao-xiv-a-sua-rede-mundial-de-oracao\/#primaryimage"},"image":{"@id":"https:\/\/www.popesprayer.va\/pt-pt\/saudacao-do-papa-leao-xiv-a-sua-rede-mundial-de-oracao\/#primaryimage"},"thumbnailUrl":"https:\/\/www.popesprayer.va\/wp-content\/uploads\/2026\/01\/audienciapapa4.jpeg","datePublished":"2026-01-30T10:30:28+00:00","dateModified":"2026-01-31T10:30:12+00:00","breadcrumb":{"@id":"https:\/\/www.popesprayer.va\/pt-pt\/saudacao-do-papa-leao-xiv-a-sua-rede-mundial-de-oracao\/#breadcrumb"},"inLanguage":"pt-PT","potentialAction":[{"@type":"ReadAction","target":["https:\/\/www.popesprayer.va\/pt-pt\/saudacao-do-papa-leao-xiv-a-sua-rede-mundial-de-oracao\/"]}]},{"@type":"ImageObject","inLanguage":"pt-PT","@id":"https:\/\/www.popesprayer.va\/pt-pt\/saudacao-do-papa-leao-xiv-a-sua-rede-mundial-de-oracao\/#primaryimage","url":"https:\/\/www.popesprayer.va\/wp-content\/uploads\/2026\/01\/audienciapapa4.jpeg","contentUrl":"https:\/\/www.popesprayer.va\/wp-content\/uploads\/2026\/01\/audienciapapa4.jpeg","width":1280,"height":844,"caption":"audienciapapa4"},{"@type":"BreadcrumbList","@id":"https:\/\/www.popesprayer.va\/pt-pt\/saudacao-do-papa-leao-xiv-a-sua-rede-mundial-de-oracao\/#breadcrumb","itemListElement":[{"@type":"ListItem","position":1,"name":"Home","item":"https:\/\/www.popesprayer.va\/pt-pt\/"},{"@type":"ListItem","position":2,"name":"Audi\u00eancia com o Santo Padre Le\u00e3o XIV"}]},{"@type":"WebSite","@id":"https:\/\/www.popesprayer.va\/pt-pt\/#website","url":"https:\/\/www.popesprayer.va\/pt-pt\/","name":"Pope's Worldwide Prayer Network","description":"Pray together, change the world","publisher":{"@id":"https:\/\/www.popesprayer.va\/pt-pt\/#organization"},"potentialAction":[{"@type":"SearchAction","target":{"@type":"EntryPoint","urlTemplate":"https:\/\/www.popesprayer.va\/pt-pt\/?s={search_term_string}"},"query-input":{"@type":"PropertyValueSpecification","valueRequired":true,"valueName":"search_term_string"}}],"inLanguage":"pt-PT"},{"@type":"Organization","@id":"https:\/\/www.popesprayer.va\/pt-pt\/#organization","name":"Rede Mundial de Ora\u00e7\u00e3o do Papa","url":"https:\/\/www.popesprayer.va\/pt-pt\/","logo":{"@type":"ImageObject","inLanguage":"pt-PT","@id":"https:\/\/www.popesprayer.va\/pt-pt\/#\/schema\/logo\/image\/","url":"https:\/\/www.popesprayer.va\/wp-content\/uploads\/2025\/01\/Logo-Popes-Worldwide-Prayer-Network-Pontifical-Work-EN-Horizontal.png","contentUrl":"https:\/\/www.popesprayer.va\/wp-content\/uploads\/2025\/01\/Logo-Popes-Worldwide-Prayer-Network-Pontifical-Work-EN-Horizontal.png","width":1328,"height":228,"caption":"Rede Mundial de Ora\u00e7\u00e3o do Papa"},"image":{"@id":"https:\/\/www.popesprayer.va\/pt-pt\/#\/schema\/logo\/image\/"}},{"@type":"Person","@id":"https:\/\/www.popesprayer.va\/pt-pt\/#\/schema\/person\/a2ed8ee1aba901ccc12646bc52342ca3","name":"PWPN","image":{"@type":"ImageObject","inLanguage":"pt-PT","@id":"https:\/\/secure.gravatar.com\/avatar\/3e051956528dbc073554fef8e508c205726bf31f33ed5595a661c767110dadf3?s=96&d=mm&r=g","url":"https:\/\/secure.gravatar.com\/avatar\/3e051956528dbc073554fef8e508c205726bf31f33ed5595a661c767110dadf3?s=96&d=mm&r=g","contentUrl":"https:\/\/secure.gravatar.com\/avatar\/3e051956528dbc073554fef8e508c205726bf31f33ed5595a661c767110dadf3?s=96&d=mm&r=g","caption":"PWPN"},"url":"https:\/\/www.popesprayer.va\/pt-pt\/author\/juanignacio\/"}]}},"_links":{"self":[{"href":"https:\/\/www.popesprayer.va\/pt-pt\/wp-json\/wp\/v2\/posts\/92851","targetHints":{"allow":["GET"]}}],"collection":[{"href":"https:\/\/www.popesprayer.va\/pt-pt\/wp-json\/wp\/v2\/posts"}],"about":[{"href":"https:\/\/www.popesprayer.va\/pt-pt\/wp-json\/wp\/v2\/types\/post"}],"author":[{"embeddable":true,"href":"https:\/\/www.popesprayer.va\/pt-pt\/wp-json\/wp\/v2\/users\/3"}],"replies":[{"embeddable":true,"href":"https:\/\/www.popesprayer.va\/pt-pt\/wp-json\/wp\/v2\/comments?post=92851"}],"version-history":[{"count":4,"href":"https:\/\/www.popesprayer.va\/pt-pt\/wp-json\/wp\/v2\/posts\/92851\/revisions"}],"predecessor-version":[{"id":92884,"href":"https:\/\/www.popesprayer.va\/pt-pt\/wp-json\/wp\/v2\/posts\/92851\/revisions\/92884"}],"wp:featuredmedia":[{"embeddable":true,"href":"https:\/\/www.popesprayer.va\/pt-pt\/wp-json\/wp\/v2\/media\/92852"}],"wp:attachment":[{"href":"https:\/\/www.popesprayer.va\/pt-pt\/wp-json\/wp\/v2\/media?parent=92851"}],"wp:term":[{"taxonomy":"category","embeddable":true,"href":"https:\/\/www.popesprayer.va\/pt-pt\/wp-json\/wp\/v2\/categories?post=92851"},{"taxonomy":"post_tag","embeddable":true,"href":"https:\/\/www.popesprayer.va\/pt-pt\/wp-json\/wp\/v2\/tags?post=92851"}],"curies":[{"name":"wp","href":"https:\/\/api.w.org\/{rel}","templated":true}]}}