{"id":94189,"date":"2026-03-19T14:35:13","date_gmt":"2026-03-19T13:35:13","guid":{"rendered":"https:\/\/www.popesprayer.va\/a-rede-mundial-de-oracao-do-papa-publica-o-seu-novo-regulamento-geral\/"},"modified":"2026-03-19T20:19:56","modified_gmt":"2026-03-19T19:19:56","slug":"a-rede-mundial-de-oracao-do-papa-publica-o-seu-novo-regulamento-geral","status":"publish","type":"post","link":"https:\/\/www.popesprayer.va\/pt-pt\/a-rede-mundial-de-oracao-do-papa-publica-o-seu-novo-regulamento-geral\/","title":{"rendered":"A Rede Mundial de Ora\u00e7\u00e3o do Papa publica o seu novo Regulamento Geral"},"content":{"rendered":"<p><span style=\"font-weight: 400;\">Na festa de S\u00e3o Jos\u00e9, patrono da Companhia de Jesus, <strong>a Rede Mundial de Ora\u00e7\u00e3o do Papa<\/strong> partilha a publica\u00e7\u00e3o do seu novo <a href=\"https:\/\/isu.pub\/SyX7BdR\" target=\"_blank\" rel=\"noopener\">Regulamento Geral<\/a>, um documento que orienta a identidade, a miss\u00e3o e a organiza\u00e7\u00e3o desta obra pontif\u00edcia a n\u00edvel mundial.<\/span><\/p>\n<p><span style=\"font-weight: 400;\">O Regulamento \u00e9 o resultado de um processo que come\u00e7ou em 2010, quando a Companhia de Jesus iniciou um caminho de renova\u00e7\u00e3o do <strong>Apostolado da Ora\u00e7\u00e3o<\/strong>, posteriormente acompanhado pelo Papa Francisco. Este caminho permitiu \u00e0 Rede consolidar progressivamente a sua identidade como uma miss\u00e3o ao servi\u00e7o da Igreja no mundo contempor\u00e2neo. <\/span><\/p>\n<p><span style=\"font-weight: 400;\">O novo documento estabelece crit\u00e9rios claros sobre a natureza e o funcionamento da Rede a n\u00edvel internacional e marca um novo passo no seu desenvolvimento como uma obra confiada diretamente pela Santa S\u00e9 \u00e0<strong> Companhia de Jesus<\/strong>. Neste sentido, reafirma o seu lugar na miss\u00e3o dos Jesu\u00edtas e o seu estatuto priorit\u00e1rio nos minist\u00e9rios apost\u00f3licos. <\/span><\/p>\n<p><span style=\"font-weight: 400;\">Al\u00e9m disso, as equipas nacionais s\u00e3o convidadas a conhecer, partilhar e aplicar o Regulamento nos seus respectivos contextos, promovendo a sua coordena\u00e7\u00e3o com as <strong>Igrejas<\/strong> locais e <strong>as Confer\u00eancias Episcopais<\/strong>.<\/span><\/p>\n<p><span style=\"font-weight: 400;\">O Regulamento estar\u00e1 em vigor por um per\u00edodo inicial de <strong>dois anos<\/strong>, durante o qual ser\u00e3o recolhidas experi\u00eancias da sua aplica\u00e7\u00e3o para continuar a discernir o caminho futuro desta miss\u00e3o ao servi\u00e7o dos desafios da humanidade e da miss\u00e3o da Igreja.<\/span><\/p>\n<p>&nbsp;<\/p>\n<p><iframe title=\"REGULAMENTO GERAL - RMOP 2026\" src=\"https:\/\/e.issuu.com\/embed.html?u=popesprayernet&#038;d=regulamento_geral_-_rmop_2026\" style=\"border:none; width: 1080px; height: 828px;\" allow=\"clipboard-write,allow-top-navigation,allow-top-navigation-by-user-activation,allow-downloads,allow-scripts,allow-same-origin,allow-popups,allow-modals,allow-popups-to-escape-sandbox,allow-forms\"  allowfullscreen=\"true\"><\/iframe><\/p>\n","protected":false},"excerpt":{"rendered":"<p>Na festa de S\u00e3o Jos\u00e9, patrono da Companhia de Jesus, a Rede Mundial de Ora\u00e7\u00e3o do Papa partilha a publica\u00e7\u00e3o do seu novo Regulamento Geral, um documento que orienta a identidade, a miss\u00e3o e a organiza\u00e7\u00e3o desta obra pontif\u00edcia a n\u00edvel mundial. O Regulamento \u00e9 o resultado de um processo que come\u00e7ou em 2010, quando [&hellip;]<\/p>\n","protected":false},"author":8,"featured_media":94247,"comment_status":"closed","ping_status":"closed","sticky":false,"template":"","format":"standard","meta":{"_acf_changed":false,"_et_pb_use_builder":"","_et_pb_old_content":"","_et_gb_content_width":"","footnotes":""},"categories":[51],"tags":[],"class_list":["post-94189","post","type-post","status-publish","format-standard","has-post-thumbnail","hentry","category-sem-categoria"],"acf":[],"yoast_head":"<!-- This site is optimized with the Yoast SEO plugin v27.5 - https:\/\/yoast.com\/product\/yoast-seo-wordpress\/ -->\n<title>A Rede Mundial de Ora\u00e7\u00e3o do Papa publica o seu novo Regulamento Geral - Rede Mundial de Ora\u00e7\u00e3o do Papa<\/title>\n<meta name=\"robots\" content=\"index, follow, max-snippet:-1, max-image-preview:large, max-video-preview:-1\" \/>\n<link rel=\"canonical\" href=\"https:\/\/www.popesprayer.va\/pt-pt\/a-rede-mundial-de-oracao-do-papa-publica-o-seu-novo-regulamento-geral\/\" \/>\n<meta property=\"og:locale\" content=\"pt_PT\" \/>\n<meta property=\"og:type\" content=\"article\" \/>\n<meta property=\"og:title\" content=\"A Rede Mundial de Ora\u00e7\u00e3o do Papa publica o seu novo Regulamento Geral - Rede Mundial de Ora\u00e7\u00e3o do Papa\" \/>\n<meta property=\"og:description\" content=\"Na festa de S\u00e3o Jos\u00e9, patrono da Companhia de Jesus, a Rede Mundial de Ora\u00e7\u00e3o do Papa partilha a publica\u00e7\u00e3o do seu novo Regulamento Geral, um documento que orienta a identidade, a miss\u00e3o e a organiza\u00e7\u00e3o desta obra pontif\u00edcia a n\u00edvel mundial. O Regulamento \u00e9 o resultado de um processo que come\u00e7ou em 2010, quando [&hellip;]\" \/>\n<meta property=\"og:url\" content=\"https:\/\/www.popesprayer.va\/pt-pt\/a-rede-mundial-de-oracao-do-papa-publica-o-seu-novo-regulamento-geral\/\" \/>\n<meta property=\"og:site_name\" content=\"Rede Mundial de Ora\u00e7\u00e3o do Papa\" \/>\n<meta property=\"article:published_time\" content=\"2026-03-19T13:35:13+00:00\" \/>\n<meta property=\"article:modified_time\" content=\"2026-03-19T19:19:56+00:00\" \/>\n<meta property=\"og:image\" content=\"https:\/\/www.popesprayer.va\/wp-content\/uploads\/2026\/03\/PT_vatican.jpg\" \/>\n\t<meta property=\"og:image:width\" content=\"1920\" \/>\n\t<meta property=\"og:image:height\" content=\"1080\" \/>\n\t<meta property=\"og:image:type\" content=\"image\/jpeg\" \/>\n<meta name=\"author\" content=\"PWPN\" \/>\n<meta name=\"twitter:card\" content=\"summary_large_image\" \/>\n<meta name=\"twitter:label1\" content=\"Escrito por\" \/>\n\t<meta name=\"twitter:data1\" content=\"PWPN\" \/>\n\t<meta name=\"twitter:label2\" content=\"Tempo estimado de leitura\" \/>\n\t<meta name=\"twitter:data2\" content=\"2 minutos\" \/>\n<script type=\"application\/ld+json\" class=\"yoast-schema-graph\">{\"@context\":\"https:\\\/\\\/schema.org\",\"@graph\":[{\"@type\":\"Article\",\"@id\":\"https:\\\/\\\/www.popesprayer.va\\\/pt-pt\\\/a-rede-mundial-de-oracao-do-papa-publica-o-seu-novo-regulamento-geral\\\/#article\",\"isPartOf\":{\"@id\":\"https:\\\/\\\/www.popesprayer.va\\\/pt-pt\\\/a-rede-mundial-de-oracao-do-papa-publica-o-seu-novo-regulamento-geral\\\/\"},\"author\":{\"name\":\"PWPN\",\"@id\":\"https:\\\/\\\/www.popesprayer.va\\\/pt-pt\\\/#\\\/schema\\\/person\\\/86f5b4775e534271f0bb7cedaa6b889a\"},\"headline\":\"A Rede Mundial de Ora\u00e7\u00e3o do Papa publica o seu novo Regulamento Geral\",\"datePublished\":\"2026-03-19T13:35:13+00:00\",\"dateModified\":\"2026-03-19T19:19:56+00:00\",\"mainEntityOfPage\":{\"@id\":\"https:\\\/\\\/www.popesprayer.va\\\/pt-pt\\\/a-rede-mundial-de-oracao-do-papa-publica-o-seu-novo-regulamento-geral\\\/\"},\"wordCount\":270,\"publisher\":{\"@id\":\"https:\\\/\\\/www.popesprayer.va\\\/pt-pt\\\/#organization\"},\"image\":{\"@id\":\"https:\\\/\\\/www.popesprayer.va\\\/pt-pt\\\/a-rede-mundial-de-oracao-do-papa-publica-o-seu-novo-regulamento-geral\\\/#primaryimage\"},\"thumbnailUrl\":\"https:\\\/\\\/www.popesprayer.va\\\/wp-content\\\/uploads\\\/2026\\\/03\\\/PT_web.png\",\"articleSection\":[\"Not\u00edcias\"],\"inLanguage\":\"pt-PT\"},{\"@type\":\"WebPage\",\"@id\":\"https:\\\/\\\/www.popesprayer.va\\\/pt-pt\\\/a-rede-mundial-de-oracao-do-papa-publica-o-seu-novo-regulamento-geral\\\/\",\"url\":\"https:\\\/\\\/www.popesprayer.va\\\/pt-pt\\\/a-rede-mundial-de-oracao-do-papa-publica-o-seu-novo-regulamento-geral\\\/\",\"name\":\"A Rede Mundial de Ora\u00e7\u00e3o do Papa publica o seu novo Regulamento Geral - Rede Mundial de Ora\u00e7\u00e3o do Papa\",\"isPartOf\":{\"@id\":\"https:\\\/\\\/www.popesprayer.va\\\/pt-pt\\\/#website\"},\"primaryImageOfPage\":{\"@id\":\"https:\\\/\\\/www.popesprayer.va\\\/pt-pt\\\/a-rede-mundial-de-oracao-do-papa-publica-o-seu-novo-regulamento-geral\\\/#primaryimage\"},\"image\":{\"@id\":\"https:\\\/\\\/www.popesprayer.va\\\/pt-pt\\\/a-rede-mundial-de-oracao-do-papa-publica-o-seu-novo-regulamento-geral\\\/#primaryimage\"},\"thumbnailUrl\":\"https:\\\/\\\/www.popesprayer.va\\\/wp-content\\\/uploads\\\/2026\\\/03\\\/PT_web.png\",\"datePublished\":\"2026-03-19T13:35:13+00:00\",\"dateModified\":\"2026-03-19T19:19:56+00:00\",\"breadcrumb\":{\"@id\":\"https:\\\/\\\/www.popesprayer.va\\\/pt-pt\\\/a-rede-mundial-de-oracao-do-papa-publica-o-seu-novo-regulamento-geral\\\/#breadcrumb\"},\"inLanguage\":\"pt-PT\",\"potentialAction\":[{\"@type\":\"ReadAction\",\"target\":[\"https:\\\/\\\/www.popesprayer.va\\\/pt-pt\\\/a-rede-mundial-de-oracao-do-papa-publica-o-seu-novo-regulamento-geral\\\/\"]}]},{\"@type\":\"ImageObject\",\"inLanguage\":\"pt-PT\",\"@id\":\"https:\\\/\\\/www.popesprayer.va\\\/pt-pt\\\/a-rede-mundial-de-oracao-do-papa-publica-o-seu-novo-regulamento-geral\\\/#primaryimage\",\"url\":\"https:\\\/\\\/www.popesprayer.va\\\/wp-content\\\/uploads\\\/2026\\\/03\\\/PT_web.png\",\"contentUrl\":\"https:\\\/\\\/www.popesprayer.va\\\/wp-content\\\/uploads\\\/2026\\\/03\\\/PT_web.png\",\"width\":1920,\"height\":1080},{\"@type\":\"BreadcrumbList\",\"@id\":\"https:\\\/\\\/www.popesprayer.va\\\/pt-pt\\\/a-rede-mundial-de-oracao-do-papa-publica-o-seu-novo-regulamento-geral\\\/#breadcrumb\",\"itemListElement\":[{\"@type\":\"ListItem\",\"position\":1,\"name\":\"Home\",\"item\":\"https:\\\/\\\/www.popesprayer.va\\\/pt-pt\\\/\"},{\"@type\":\"ListItem\",\"position\":2,\"name\":\"A Rede Mundial de Ora\u00e7\u00e3o do Papa publica o seu novo Regulamento Geral\"}]},{\"@type\":\"WebSite\",\"@id\":\"https:\\\/\\\/www.popesprayer.va\\\/pt-pt\\\/#website\",\"url\":\"https:\\\/\\\/www.popesprayer.va\\\/pt-pt\\\/\",\"name\":\"Pope's Worldwide Prayer Network\",\"description\":\"Pray together, change the world\",\"publisher\":{\"@id\":\"https:\\\/\\\/www.popesprayer.va\\\/pt-pt\\\/#organization\"},\"potentialAction\":[{\"@type\":\"SearchAction\",\"target\":{\"@type\":\"EntryPoint\",\"urlTemplate\":\"https:\\\/\\\/www.popesprayer.va\\\/pt-pt\\\/?s={search_term_string}\"},\"query-input\":{\"@type\":\"PropertyValueSpecification\",\"valueRequired\":true,\"valueName\":\"search_term_string\"}}],\"inLanguage\":\"pt-PT\"},{\"@type\":\"Organization\",\"@id\":\"https:\\\/\\\/www.popesprayer.va\\\/pt-pt\\\/#organization\",\"name\":\"Rede Mundial de Ora\u00e7\u00e3o do Papa\",\"url\":\"https:\\\/\\\/www.popesprayer.va\\\/pt-pt\\\/\",\"logo\":{\"@type\":\"ImageObject\",\"inLanguage\":\"pt-PT\",\"@id\":\"https:\\\/\\\/www.popesprayer.va\\\/pt-pt\\\/#\\\/schema\\\/logo\\\/image\\\/\",\"url\":\"https:\\\/\\\/www.popesprayer.va\\\/wp-content\\\/uploads\\\/2025\\\/01\\\/Logo-Popes-Worldwide-Prayer-Network-Pontifical-Work-EN-Horizontal.png\",\"contentUrl\":\"https:\\\/\\\/www.popesprayer.va\\\/wp-content\\\/uploads\\\/2025\\\/01\\\/Logo-Popes-Worldwide-Prayer-Network-Pontifical-Work-EN-Horizontal.png\",\"width\":1328,\"height\":228,\"caption\":\"Rede Mundial de Ora\u00e7\u00e3o do Papa\"},\"image\":{\"@id\":\"https:\\\/\\\/www.popesprayer.va\\\/pt-pt\\\/#\\\/schema\\\/logo\\\/image\\\/\"}},{\"@type\":\"Person\",\"@id\":\"https:\\\/\\\/www.popesprayer.va\\\/pt-pt\\\/#\\\/schema\\\/person\\\/86f5b4775e534271f0bb7cedaa6b889a\",\"name\":\"PWPN\",\"image\":{\"@type\":\"ImageObject\",\"inLanguage\":\"pt-PT\",\"@id\":\"https:\\\/\\\/secure.gravatar.com\\\/avatar\\\/e89ca697535a273eb8474a615eadea1a87c504a36d29a4b2d6dadbda43c10fce?s=96&d=mm&r=g\",\"url\":\"https:\\\/\\\/secure.gravatar.com\\\/avatar\\\/e89ca697535a273eb8474a615eadea1a87c504a36d29a4b2d6dadbda43c10fce?s=96&d=mm&r=g\",\"contentUrl\":\"https:\\\/\\\/secure.gravatar.com\\\/avatar\\\/e89ca697535a273eb8474a615eadea1a87c504a36d29a4b2d6dadbda43c10fce?s=96&d=mm&r=g\",\"caption\":\"PWPN\"},\"url\":\"https:\\\/\\\/www.popesprayer.va\\\/pt-pt\\\/author\\\/marcelo\\\/\"}]}<\/script>\n<!-- \/ Yoast SEO plugin. -->","yoast_head_json":{"title":"A Rede Mundial de Ora\u00e7\u00e3o do Papa publica o seu novo Regulamento Geral - Rede Mundial de Ora\u00e7\u00e3o do Papa","robots":{"index":"index","follow":"follow","max-snippet":"max-snippet:-1","max-image-preview":"max-image-preview:large","max-video-preview":"max-video-preview:-1"},"canonical":"https:\/\/www.popesprayer.va\/pt-pt\/a-rede-mundial-de-oracao-do-papa-publica-o-seu-novo-regulamento-geral\/","og_locale":"pt_PT","og_type":"article","og_title":"A Rede Mundial de Ora\u00e7\u00e3o do Papa publica o seu novo Regulamento Geral - Rede Mundial de Ora\u00e7\u00e3o do Papa","og_description":"Na festa de S\u00e3o Jos\u00e9, patrono da Companhia de Jesus, a Rede Mundial de Ora\u00e7\u00e3o do Papa partilha a publica\u00e7\u00e3o do seu novo Regulamento Geral, um documento que orienta a identidade, a miss\u00e3o e a organiza\u00e7\u00e3o desta obra pontif\u00edcia a n\u00edvel mundial. O Regulamento \u00e9 o resultado de um processo que come\u00e7ou em 2010, quando [&hellip;]","og_url":"https:\/\/www.popesprayer.va\/pt-pt\/a-rede-mundial-de-oracao-do-papa-publica-o-seu-novo-regulamento-geral\/","og_site_name":"Rede Mundial de Ora\u00e7\u00e3o do Papa","article_published_time":"2026-03-19T13:35:13+00:00","article_modified_time":"2026-03-19T19:19:56+00:00","og_image":[{"width":1920,"height":1080,"url":"https:\/\/www.popesprayer.va\/wp-content\/uploads\/2026\/03\/PT_vatican.jpg","type":"image\/jpeg"}],"author":"PWPN","twitter_card":"summary_large_image","twitter_misc":{"Escrito por":"PWPN","Tempo estimado de leitura":"2 minutos"},"schema":{"@context":"https:\/\/schema.org","@graph":[{"@type":"Article","@id":"https:\/\/www.popesprayer.va\/pt-pt\/a-rede-mundial-de-oracao-do-papa-publica-o-seu-novo-regulamento-geral\/#article","isPartOf":{"@id":"https:\/\/www.popesprayer.va\/pt-pt\/a-rede-mundial-de-oracao-do-papa-publica-o-seu-novo-regulamento-geral\/"},"author":{"name":"PWPN","@id":"https:\/\/www.popesprayer.va\/pt-pt\/#\/schema\/person\/86f5b4775e534271f0bb7cedaa6b889a"},"headline":"A Rede Mundial de Ora\u00e7\u00e3o do Papa publica o seu novo Regulamento Geral","datePublished":"2026-03-19T13:35:13+00:00","dateModified":"2026-03-19T19:19:56+00:00","mainEntityOfPage":{"@id":"https:\/\/www.popesprayer.va\/pt-pt\/a-rede-mundial-de-oracao-do-papa-publica-o-seu-novo-regulamento-geral\/"},"wordCount":270,"publisher":{"@id":"https:\/\/www.popesprayer.va\/pt-pt\/#organization"},"image":{"@id":"https:\/\/www.popesprayer.va\/pt-pt\/a-rede-mundial-de-oracao-do-papa-publica-o-seu-novo-regulamento-geral\/#primaryimage"},"thumbnailUrl":"https:\/\/www.popesprayer.va\/wp-content\/uploads\/2026\/03\/PT_web.png","articleSection":["Not\u00edcias"],"inLanguage":"pt-PT"},{"@type":"WebPage","@id":"https:\/\/www.popesprayer.va\/pt-pt\/a-rede-mundial-de-oracao-do-papa-publica-o-seu-novo-regulamento-geral\/","url":"https:\/\/www.popesprayer.va\/pt-pt\/a-rede-mundial-de-oracao-do-papa-publica-o-seu-novo-regulamento-geral\/","name":"A Rede Mundial de Ora\u00e7\u00e3o do Papa publica o seu novo Regulamento Geral - Rede Mundial de Ora\u00e7\u00e3o do Papa","isPartOf":{"@id":"https:\/\/www.popesprayer.va\/pt-pt\/#website"},"primaryImageOfPage":{"@id":"https:\/\/www.popesprayer.va\/pt-pt\/a-rede-mundial-de-oracao-do-papa-publica-o-seu-novo-regulamento-geral\/#primaryimage"},"image":{"@id":"https:\/\/www.popesprayer.va\/pt-pt\/a-rede-mundial-de-oracao-do-papa-publica-o-seu-novo-regulamento-geral\/#primaryimage"},"thumbnailUrl":"https:\/\/www.popesprayer.va\/wp-content\/uploads\/2026\/03\/PT_web.png","datePublished":"2026-03-19T13:35:13+00:00","dateModified":"2026-03-19T19:19:56+00:00","breadcrumb":{"@id":"https:\/\/www.popesprayer.va\/pt-pt\/a-rede-mundial-de-oracao-do-papa-publica-o-seu-novo-regulamento-geral\/#breadcrumb"},"inLanguage":"pt-PT","potentialAction":[{"@type":"ReadAction","target":["https:\/\/www.popesprayer.va\/pt-pt\/a-rede-mundial-de-oracao-do-papa-publica-o-seu-novo-regulamento-geral\/"]}]},{"@type":"ImageObject","inLanguage":"pt-PT","@id":"https:\/\/www.popesprayer.va\/pt-pt\/a-rede-mundial-de-oracao-do-papa-publica-o-seu-novo-regulamento-geral\/#primaryimage","url":"https:\/\/www.popesprayer.va\/wp-content\/uploads\/2026\/03\/PT_web.png","contentUrl":"https:\/\/www.popesprayer.va\/wp-content\/uploads\/2026\/03\/PT_web.png","width":1920,"height":1080},{"@type":"BreadcrumbList","@id":"https:\/\/www.popesprayer.va\/pt-pt\/a-rede-mundial-de-oracao-do-papa-publica-o-seu-novo-regulamento-geral\/#breadcrumb","itemListElement":[{"@type":"ListItem","position":1,"name":"Home","item":"https:\/\/www.popesprayer.va\/pt-pt\/"},{"@type":"ListItem","position":2,"name":"A Rede Mundial de Ora\u00e7\u00e3o do Papa publica o seu novo Regulamento Geral"}]},{"@type":"WebSite","@id":"https:\/\/www.popesprayer.va\/pt-pt\/#website","url":"https:\/\/www.popesprayer.va\/pt-pt\/","name":"Pope's Worldwide Prayer Network","description":"Pray together, change the world","publisher":{"@id":"https:\/\/www.popesprayer.va\/pt-pt\/#organization"},"potentialAction":[{"@type":"SearchAction","target":{"@type":"EntryPoint","urlTemplate":"https:\/\/www.popesprayer.va\/pt-pt\/?s={search_term_string}"},"query-input":{"@type":"PropertyValueSpecification","valueRequired":true,"valueName":"search_term_string"}}],"inLanguage":"pt-PT"},{"@type":"Organization","@id":"https:\/\/www.popesprayer.va\/pt-pt\/#organization","name":"Rede Mundial de Ora\u00e7\u00e3o do Papa","url":"https:\/\/www.popesprayer.va\/pt-pt\/","logo":{"@type":"ImageObject","inLanguage":"pt-PT","@id":"https:\/\/www.popesprayer.va\/pt-pt\/#\/schema\/logo\/image\/","url":"https:\/\/www.popesprayer.va\/wp-content\/uploads\/2025\/01\/Logo-Popes-Worldwide-Prayer-Network-Pontifical-Work-EN-Horizontal.png","contentUrl":"https:\/\/www.popesprayer.va\/wp-content\/uploads\/2025\/01\/Logo-Popes-Worldwide-Prayer-Network-Pontifical-Work-EN-Horizontal.png","width":1328,"height":228,"caption":"Rede Mundial de Ora\u00e7\u00e3o do Papa"},"image":{"@id":"https:\/\/www.popesprayer.va\/pt-pt\/#\/schema\/logo\/image\/"}},{"@type":"Person","@id":"https:\/\/www.popesprayer.va\/pt-pt\/#\/schema\/person\/86f5b4775e534271f0bb7cedaa6b889a","name":"PWPN","image":{"@type":"ImageObject","inLanguage":"pt-PT","@id":"https:\/\/secure.gravatar.com\/avatar\/e89ca697535a273eb8474a615eadea1a87c504a36d29a4b2d6dadbda43c10fce?s=96&d=mm&r=g","url":"https:\/\/secure.gravatar.com\/avatar\/e89ca697535a273eb8474a615eadea1a87c504a36d29a4b2d6dadbda43c10fce?s=96&d=mm&r=g","contentUrl":"https:\/\/secure.gravatar.com\/avatar\/e89ca697535a273eb8474a615eadea1a87c504a36d29a4b2d6dadbda43c10fce?s=96&d=mm&r=g","caption":"PWPN"},"url":"https:\/\/www.popesprayer.va\/pt-pt\/author\/marcelo\/"}]}},"_links":{"self":[{"href":"https:\/\/www.popesprayer.va\/pt-pt\/wp-json\/wp\/v2\/posts\/94189","targetHints":{"allow":["GET"]}}],"collection":[{"href":"https:\/\/www.popesprayer.va\/pt-pt\/wp-json\/wp\/v2\/posts"}],"about":[{"href":"https:\/\/www.popesprayer.va\/pt-pt\/wp-json\/wp\/v2\/types\/post"}],"author":[{"embeddable":true,"href":"https:\/\/www.popesprayer.va\/pt-pt\/wp-json\/wp\/v2\/users\/8"}],"replies":[{"embeddable":true,"href":"https:\/\/www.popesprayer.va\/pt-pt\/wp-json\/wp\/v2\/comments?post=94189"}],"version-history":[{"count":3,"href":"https:\/\/www.popesprayer.va\/pt-pt\/wp-json\/wp\/v2\/posts\/94189\/revisions"}],"predecessor-version":[{"id":94226,"href":"https:\/\/www.popesprayer.va\/pt-pt\/wp-json\/wp\/v2\/posts\/94189\/revisions\/94226"}],"wp:featuredmedia":[{"embeddable":true,"href":"https:\/\/www.popesprayer.va\/pt-pt\/wp-json\/wp\/v2\/media\/94247"}],"wp:attachment":[{"href":"https:\/\/www.popesprayer.va\/pt-pt\/wp-json\/wp\/v2\/media?parent=94189"}],"wp:term":[{"taxonomy":"category","embeddable":true,"href":"https:\/\/www.popesprayer.va\/pt-pt\/wp-json\/wp\/v2\/categories?post=94189"},{"taxonomy":"post_tag","embeddable":true,"href":"https:\/\/www.popesprayer.va\/pt-pt\/wp-json\/wp\/v2\/tags?post=94189"}],"curies":[{"name":"wp","href":"https:\/\/api.w.org\/{rel}","templated":true}]}}